{"id":116482,"date":"2026-01-29T09:26:09","date_gmt":"2026-01-29T09:26:09","guid":{"rendered":"https:\/\/www.europesays.com\/lv\/116482\/"},"modified":"2026-01-29T09:26:09","modified_gmt":"2026-01-29T09:26:09","slug":"noziedznieku-bieds-vai-trampa-gestapo-lsm-skaidro-kas-ir-asv-imigracijas-kontroles-dienests-ice-raksts","status":"publish","type":"post","link":"https:\/\/www.europesays.com\/lv\/116482\/","title":{"rendered":"Noziedznieku bieds vai \u00abTrampa gestapo\u00bb? LSM skaidro, kas ir ASV imigr\u0101cijas kontroles dienests ICE \/ Raksts"},"content":{"rendered":"<p>ASV p\u0113d\u0113j\u0101 laik\u0101 pastiprin\u0101ta uzman\u012bba ir piev\u0113rsta Imigr\u0101cijas un muitas kontroles dienesta (ICE) a\u0123entu darb\u012bb\u0101m, kas Mineapol\u0113 un cit\u0101s pils\u0113t\u0101s novedu\u0161as pie as\u0101m sadursm\u0113m ar protest\u0113t\u0101jiem.\u00a0<\/p>\n<p>\u012aSUM\u0100:\u00a0<\/p>\n<ul>\n<li>Imigr\u0101cijas un muitas kontroles dienests (ICE) nodarbojas ar ASV imigr\u0101cijas likumu \u012bsteno\u0161anu.<\/li>\n<li>ASV dz\u012bvo miljoniem cilv\u0113ku, kam nav likum\u012bgu uztur\u0113\u0161an\u0101s ties\u012bbu \u0161aj\u0101 valst\u012b.<\/li>\n<li>Trampa vald\u012bba ir ap\u0146\u0113musies arest\u0113t un izraid\u012bt no valsts lielu da\u013cu migrantu.<\/li>\n<li>ASV politikas v\u0113rot\u0101ji nor\u0101da, ka ICE aktivit\u0101tes sevi\u0161\u0137i izv\u0113rstas \u0161tatos, kur pie varas ir Trampa pretinieki.<\/li>\n<li>ICE a\u0123enti kritiz\u0113ti par p\u0101rm\u0113r\u012bgu sp\u0113ka pielieto\u0161anu, jau biju\u0161i ar\u012b n\u0101v\u0113jo\u0161i gad\u012bjumi.<\/li>\n<li>Dienesta vad\u012bba noraida sal\u012bdzin\u0101jumus ar nacistiem un gestapo.<\/li>\n<li>Sabiedrisk\u0101s domas aptaujas r\u0101da, ka vairums amerik\u0101\u0146u atbalsta stingr\u0101ku imigr\u0101cijas kontroli, bet uzskata, ka ICE darb\u012bbas ir aizg\u0101ju\u0161\u0101s p\u0101r\u0101k t\u0101lu.<\/li>\n<\/ul>\n<p>L\u012bdz\u012bgi k\u0101 daudzos citos jaut\u0101jumos, ar\u012b attieksm\u0113 pret ICE a\u0123entu r\u012bc\u012bbu ASV sabiedr\u012bba ir sa\u0161\u0137elta. Daudzi amerik\u0101\u0146i uzskata dienesta a\u0123entus par varo\u0146iem, kas devu\u0161ies c\u012b\u0146\u0101 pret migrantu band\u0101m, lai no ASV sabiedr\u012bbas izrav\u0113tu neleg\u0101li iece\u013coju\u0161os slepkavas, izvarot\u0101jus un narkotirgo\u0146us.\u00a0<\/p>\n<p>Ta\u010du agres\u012bv\u0101s ICE a\u0123entu darba metodes un v\u0113r\u0161an\u0101s ne tikai pret migrantiem, bet ar\u012b ASV pilso\u0146iem izrais\u012bju\u0161as daudzu amerik\u0101\u0146u sa\u0161utumu. ASV prezidenta Donalda Trampa vald\u012bbas pretinieki \u0161os a\u0123entus sal\u012bdzina ar nacistiem un iesauku\u0161i ICE par &#8220;Trampa gestapo&#8221;.\u00a0<\/p>\n<p>Kad notiek tra\u0123\u0113dijas, jokiem vairs nav vietas\u00a0<\/p>\n<p>A\u0123enti nereti k\u013cuvu\u0161i ar\u012b par izsmiekla upuriem. &#8220;ICE on ice&#8221; jeb &#8220;a\u0123enti uz ledus&#8221;: ar \u0161\u0101du nosaukumu Mineapoles iedz\u012bvot\u0101ji publiskoja du\u010diem video, kuros redzams, k\u0101 ICE a\u0123enti reidu laik\u0101 cen\u0161as nepakrist un nenovelties pils\u0113tas slidenaj\u0101s iel\u0101s.\u00a0<\/p>\n<p>ICE ir sa\u012bsin\u0101jums v\u0101rdiem &#8220;Imigr\u0101cijas un muitas kontrole&#8221;, ang\u013cu valod\u0101 to izrun\u0101 t\u0101pat k\u0101 &#8220;ledus&#8221;. Ar humoru soci\u0101lajos t\u012bklos Mineapoles iedz\u012bvot\u0101ji cent\u0101s par\u0101d\u012bt savu attieksmi pret pils\u0113t\u0101 ieilgu\u0161ajiem un bie\u017ei brut\u0101lajiem reidiem.\u00a0<\/p>\n<p>Ta\u010du joki vairs nebija pr\u0101t\u0101, kad viet\u0113jo iedz\u012bvot\u0101ju konflikti ar ICE noveda pie tra\u0123\u0113dijas: divu protest\u0113t\u0101ju no\u0161au\u0161anas. 7. janv\u0101r\u012b Mineapol\u0113 ICE a\u0123ents <a href=\"https:\/\/www.lsm.lv\/raksts\/zinas\/arzemes\/08.01.2026-asv-pilseta-mineapole-imigracijas-dienesta-darbinieks-nosavis-sievieti.a629034\/\" class=\"lsm-link\" data-type=\"article\" data-id=\"629034\" rel=\"nofollow noopener\" target=\"_blank\">no\u0161\u0101va <\/a>37 gadus veco amerik\u0101nieti Ren\u0113 Gudu, kura nepak\u013c\u0101v\u0101s a\u0123entu pras\u012bb\u0101m un ar automa\u0161\u012bnu cent\u0101s pamest notikuma vietu.\u00a0<\/p>\n<p>Savuk\u0101rt aizvad\u012bt\u0101s ned\u0113\u013cas nogal\u0113, 24. janv\u0101r\u012b, ASV sabiedr\u012bbu \u0161ok\u0113ja <a href=\"https:\/\/www.lsm.lv\/raksts\/zinas\/arzemes\/25.01.2026-mineapole-sapes-dusmas-samilst-protesti-pec-kartejas-cilveka-nosausanas.a631466\/\" class=\"lsm-link\" data-type=\"article\" data-id=\"631466\" rel=\"nofollow noopener\" target=\"_blank\">v\u0113l viens incidents<\/a>: feder\u0101lie a\u0123enti Mineapol\u0113 iesaist\u012bj\u0101s konflikt\u0101 ar viet\u0113jo iedz\u012bvot\u0101ju Aleksu Preti un no\u0161\u0101va vi\u0146u. V\u012brietim bija ofici\u0101li re\u0123istr\u0113ts \u0161aujamierocis, ta\u010du aculiecinieku video redzams, ka Preti to nav v\u0113rsis pret a\u0123entiem un ka \u0161aujamierocis vi\u0146am at\u0146emts, pirms atskan\u0113ja pirmais a\u0123entu raid\u012btais \u0161\u0101viens.\u00a0<\/p>\n<p>ASV dz\u012bvo miljoniem neleg\u0101lo iece\u013cot\u0101ju\u00a0<\/p>\n<p>ICE k\u0101 strukt\u016bra tika izveidota pirms vair\u0101k nek\u0101 20 gadiem \u2013 2002. gad\u0101 dr\u012bz p\u0113c 2001. gada 11. septembra terora aktiem. Tolaik tika rad\u012bts ar\u012b ASV Iek\u0161zemes dro\u0161\u012bbas departaments, un ICE k\u013cuva par da\u013cu no t\u0101. Tas apvienoja Imigr\u0101cijas un naturaliz\u0101cijas dienesta un Muitas dienesta funkcijas.\u00a0<\/p>\n<p>K\u0101 zin\u0101ms, pirms 2001. gada 11. septembra terora aktiem isl\u0101ma teroristu grupa ilg\u0101ku laiku dz\u012bvoja ASV, kur lidma\u0161\u012bnu pilotu apm\u0101c\u012bbas skol\u0101s gatavoj\u0101s uzbrukuma \u012bsteno\u0161anai.\u00a0<\/p>\n<p>Viens no ICE izveido\u0161anas m\u0113r\u0137iem bija nov\u0113rst \u0161\u0101du uzbrukumu atk\u0101rto\u0161anos. &#8220;T\u016bksto\u0161iem apm\u0101c\u012btu slepkavu gatavojas mums\u00a0uzbrukt, t\u0101d\u0113\u013c, \u0146emot v\u0113r\u0101 \u0161o \u0161ausmino\u0161o inform\u0101ciju, mums nepiecie\u0161ama cita pieeja,&#8221; teica toreiz\u0113jais ASV prezidents D\u017eord\u017es V. Bu\u0161s.\u00a0<\/p>\n<p>Laika gait\u0101 ir main\u012bjusies ar\u012b ASV sabiedr\u012bbas attieksme pret imigr\u0101ciju. Amerik\u0101\u0146i ir imigrantu n\u0101cija, kur\u0101 gandr\u012bz visi iedz\u012bvot\u0101ji, iz\u0146emot Zieme\u013camerikas pamatiedz\u012bvot\u0101jus, ir iece\u013cot\u0101ju p\u0113cte\u010di.\u00a0<\/p>\n<blockquote>\n<p>Ta\u010du p\u0113d\u0113jos gadu desmitos arvien vair\u0101k augusi amerik\u0101\u0146u neapmierin\u0101t\u012bba ar neleg\u0101lo imigr\u0101ciju: noteikumu p\u0101rk\u0101p\u0113jiem, kas nevis likum\u012bg\u0101 ce\u013c\u0101 m\u0113\u0123ina iece\u013cot ASV, bet gan neleg\u0101li \u0161\u0137\u0113rso robe\u017eu.\u00a0<\/p>\n<\/blockquote>\n<p>Saska\u0146\u0101 ar <a href=\"https:\/\/www.pewresearch.org\/race-and-ethnicity\/2025\/08\/21\/u-s-unauthorized-immigrant-population-reached-a-record-14-million-\" target=\"_blank\" rel=\"nofollow noopener\">&#8220;Pew Research Center&#8221; datiem<\/a> ASV dz\u012bvo apm\u0113ram 14 miljoni cilv\u0113ku, kam nav uztur\u0113\u0161an\u0101s at\u013caujas valst\u012b: vi\u0146i iece\u013coju\u0161i neleg\u0101li vai ar\u012b paliku\u0161i ASV p\u0113c v\u012bzas termi\u0146a beig\u0101m.\u00a0<\/p>\n<p>ASV likumsargiem katru dienu uzdots aiztur\u0113t 3000 migrantu\u00a0<\/p>\n<p>ASV amatpersonas uzskata, ka tas ir ar\u012b nacion\u0101l\u0101s dro\u0161\u012bbas jaut\u0101jums.\u00a0<\/p>\n<p>&#8220;Imigr\u0101cijas jaut\u0101jumus reiz risin\u0101ja Ekonomikas ministrija, v\u0113l\u0101k ar to nodarboj\u0101s Darba lietu ministrija. Bet tagad \u0161is jaut\u0101jums ir Iek\u0161zemes dro\u0161\u012bbas ministrijas kontrol\u0113,&#8221; \u017eurn\u0101lam &#8220;Time&#8221; nor\u0101d\u012bja amerik\u0101\u0146u v\u0113sturniece, Kornela Universit\u0101tes profesore Marija Kristina Garsija.\u00a0<\/p>\n<p>ASV prezidents Donalds Tramps p\u0113c atgrie\u0161an\u0101s pie varas pag\u0101ju\u0161ogad sol\u012bja, ka vi\u0146a vald\u012bba iev\u0113rojami pastiprin\u0101s c\u012b\u0146u pret neleg\u0101lo imigr\u0101ciju. Tas noz\u012bm\u0113ja ne vien centienus aptur\u0113t neleg\u0101l\u0101s imigr\u0101cijas straumi, pastiprinot robe\u017ekontroli, bet ar\u012b eso\u0161o migrantu izraid\u012b\u0161anu no valsts. Tramps pauda gatav\u012bbu uzs\u0101kt &#8220;masu deport\u0101cijas&#8221;, lai izraid\u012btu visus neleg\u0101los iece\u013cot\u0101jus no valsts.\u00a0<\/p>\n<blockquote>\n<p>Kop\u0161 atgrie\u0161an\u0101s Baltaj\u0101 nam\u0101 Tramps ir b\u016btiski palielin\u0101jis ICE finans\u0113jumu un ietekmi. \u0160is dienests \u012bsteno imigr\u0101cijas likumu, veic izmekl\u0113\u0161anu neleg\u0101l\u0101s imigr\u0101cijas gad\u012bjumos un piedal\u0101s cilv\u0113ku, kam nav atbilsto\u0161u dokumentu dz\u012bvo\u0161anai ASV, izraid\u012b\u0161an\u0101 no valsts.\u00a0<\/p>\n<\/blockquote>\n<p>Trampa padomnieks St\u012bvens Millers p\u0113rn maij\u0101 apstiprin\u0101ja, ka Trampa vald\u012bba esot noteikusi kvotu: katru dienu nepiecie\u0161ams arest\u0113t vismaz 3000 neleg\u0101lo imigrantu.\u00a0<\/p>\n<p>\u010cetru gadu laik\u0101 ASV iek\u0161\u0113j\u0101s dro\u0161\u012bbas stiprin\u0101\u0161anai pl\u0101nots atv\u0113l\u0113t vair\u0101k nek\u0101 170 miljardus ASV dol\u0101ru.\u00a0<\/p>\n<p>ICE bud\u017eets ir iev\u0113rojami palielin\u0101ts, t\u0101d\u0113\u013c dienests var at\u013cauties pie\u0146emt darb\u0101 vair\u0101k darbinieku. Pa\u0161laik ICE rind\u0101s ir vair\u0101k nek\u0101 20 000 darbinieku.\u00a0<\/p>\n<p>Ar c\u012b\u0146u pret neleg\u0101lo imigr\u0101ciju nodarbojas ne tikai ICE, bet ar\u012b citas ASV varasiest\u0101des, piem\u0113ram, Muitas un robe\u017ekontroles dienests (Customs and Border Protection).\u00a0<\/p>\n<p>Tramps izmanto imigr\u0101cijas dienestu demokr\u0101tu \u0161tatu iebied\u0113\u0161anai\u00a0<\/p>\n<p>Ja s\u0101kotn\u0113ji ICE vair\u0101k darboj\u0101s ASV dienvidu \u0161tatos, kas robe\u017eojas ar Meksiku (no turienes iepl\u016bst liel\u0101k\u0101 da\u013ca robe\u017ep\u0101rk\u0101p\u0113ju), tad kop\u0161 Trampa atgrie\u0161an\u0101s pie varas ICE aktivit\u0101tes arvien bie\u017e\u0101k v\u0113rojamas ar\u012b valsts iek\u0161zemes \u0161tatos.<\/p>\n<blockquote>\n<p>Trampa pretinieki uzskata, ka t\u0101 ir da\u013ca no republik\u0101\u0146u strat\u0113\u0123ijas, lai ieriebtu politiskajiem konkurentiem. ICE a\u0123entu vien\u012bbas tiek nos\u016bt\u012btas uz demokr\u0101tu kontrol\u0113tiem \u0161tatiem un pils\u0113t\u0101m, kur teroriz\u0113 viet\u0113j\u0101s kopienas ar imigr\u0101cijas kontroles reidiem.\u00a0<\/p>\n<\/blockquote>\n<p>Pa\u0161laik liel\u0101k\u0101 uzman\u012bba piev\u0113rsta Minesotas \u0161tatam, kur pie varas ir demokr\u0101ti; Minesotas gubernators Tims Volcs aizp\u0113rn bija demokr\u0101tu izvirz\u012btais ASV viceprezidenta amata kandid\u0101ts. Minesotas \u0161tata iedz\u012bvot\u0101ji ASV prezidenta v\u0113l\u0113\u0161an\u0101s par republik\u0101\u0146u kandid\u0101tu nav nobalsoju\u0161i jau vair\u0101k nek\u0101 pusgadsimtu \u2013 kop\u0161 1972. gada.\u00a0<\/p>\n<p>ICE a\u0123entu darb\u012bbas Mineapol\u0113 un cit\u0101s pils\u0113t\u0101s izrais\u012bju\u0161as asu kritiku. Koment\u0113t\u0101ji sprie\u017e, ka ICE a\u0123enti bie\u017ei vien pielieto p\u0101rm\u0113r\u012bgu sp\u0113ku pret protest\u0113t\u0101jiem un uzskata sevi par nesod\u0101miem.<\/p>\n<p>            <img decoding=\"async\" src=\"https:\/\/www.europesays.com\/lv\/wp-content\/uploads\/2026\/01\/skib.jpg\" alt=\"ASV a\u0123enti izmanto asaru g\u0101zes gran\u0101tas pret protest\u0113t\u0101jiem Mineapol\u0113\"\/><\/p>\n<p>ASV a\u0123enti izmanto asaru g\u0101zes gran\u0101tas pret protest\u0113t\u0101jiem Mineapol\u0113<\/p>\n<p>Foto: AFP, KEREM YUCEL<\/p>\n<\/p>\n<p>At\u0161\u0137ir\u012bb\u0101 no policistiem un citiem likumsargiem ICE a\u0123enti savu seju parasti sl\u0113pj aiz maskas. Dienesta vad\u012bba \u0161\u0101du r\u012bc\u012bbu skaidro ar to, ka ICE vien\u012bbas iesaist\u0101s c\u012b\u0146\u0101 ar b\u012bstam\u0101m organiz\u0113t\u0101s noziedz\u012bbas band\u0101m. A\u0123entu sejas tiekot aizkl\u0101tas, lai nov\u0113rstu iesp\u0113ju vi\u0146us fotograf\u0113t, atpaz\u012bt un t\u0101d\u0113j\u0101di rad\u012bt risku a\u0123entu \u0123imen\u0113m.\u00a0<\/p>\n<blockquote>\n<p>&#8220;Es neesmu masku atbalst\u012bt\u0101js. Ta\u010du, ja \u0161is r\u012bks ir nepiecie\u0161ams, lai aizsarg\u0101tu ICE a\u0123entus un vi\u0146u \u0123imenes, es to pie\u013cauju,&#8221; telekan\u0101lam CBS pav\u0113st\u012bja ICE priek\u0161nieks Tods Laionss.\u00a0<\/p>\n<\/blockquote>\n<p>\u0160aujamiero\u010di tiekot n\u0113s\u0101ti pa\u0161aizsardz\u012bbai, un a\u0123entiem ir at\u013cauts pielietot n\u0101v\u0113jo\u0161u sp\u0113ku, ja draud nopietnas briesmas.\u00a0<\/p>\n<p>ICE noraida sal\u012bdzin\u0101jumus ar nacistiem\u00a0<\/p>\n<p>ICE pilnvaras tom\u0113r at\u0161\u0137iras no policijas. A\u0123enti var aptur\u0113t, aiztur\u0113t un arest\u0113t personas, kuras tur aizdom\u0101s par neleg\u0101lu uztur\u0113\u0161anos ASV, ta\u010du, lai iek\u013c\u016btu iedz\u012bvot\u0101ju m\u0101jok\u013cos, tiem ir vajadz\u012bgs tiesas orderis. A\u0123enti var aiztur\u0113t pilso\u0146us ierobe\u017eotos apst\u0101k\u013cos, piem\u0113ram, ja vi\u0146i trauc\u0113 arestu, uzbr\u016bk. Ta\u010du neb\u016bt ne visos gad\u012bjumos \u0161ie noteikumi ir tiku\u0161i iev\u0113roti.<\/p>\n<p>Aiztur\u0113tie cilv\u0113ki liel\u0101koties non\u0101k ASV izvietotajos aiztur\u0113\u0161anas centros, kas atrodami visos \u0161tatos, un, ja neizdodas sa\u0146emt vajadz\u012bgos dokumentus \u2013 deport\u0113ti. Bie\u017ei vien aizvesto cilv\u0113ku radinieki ir nezi\u0146\u0101 par tuvinieka likteni, un paiet vair\u0101kas dienas, pirms tas tiek noskaidrots.\u00a0<\/p>\n<p>Pa\u0161laik \u0161ajos centros tiekot tur\u0113ti vair\u0101k nek\u0101 70 000 cilv\u0113ku; pag\u0101ju\u0161ogad re\u0123istr\u0113ti ar\u012b 32 n\u0101ves gad\u012bjumi.\u00a0<\/p>\n<blockquote>\n<p>ASV administr\u0101cija ir pazi\u0146ojusi, ka gada laik\u0101 ir deport\u0113ti vair\u0101k nek\u0101 pusmiljons cilv\u0113ku un vair\u0101k nek\u0101 miljons ir aizbrauku\u0161i pa\u0161i.\u00a0<\/p>\n<\/blockquote>\n<p>ICE p\u0101rst\u0101vji kategoriski noraida sal\u012bdzin\u0101jumus ar nacistiem un Hitlera re\u017e\u012bma slepenpoliciju.\u00a0<\/p>\n<p>&#8220;Vi\u0146i cen\u0161as att\u0113lot robe\u017ekontroles un ICE a\u0123entus k\u0101 gestapo, nacistus un sauc taml\u012bdz\u012bgos v\u0101rdos,&#8221; \u017e\u0113loj\u0101s ASV Robe\u017ekontroles dienesta komandieris Gregorijs Bovino, kur\u0161 p\u0113c iera\u0161an\u0101s Mineapol\u0113 izpeln\u012bj\u0101s pla\u0161u iev\u0113r\u012bbu ar kareiv\u012bgu retoriku.\u00a0<\/p>\n<blockquote>\n<p>&#8220;Kad politi\u0137i, kopienu l\u012bderi un da\u017ei \u017eurn\u0101listi iesaist\u0101s \u0161\u0101d\u0101 nokait\u0113t\u0101 retorik\u0101, att\u0113lo likumsargus k\u0101 \u013caundarus, sauc vi\u0146us par gestapo, t\u0101 ir izv\u0113le. Un \u0161\u0101da izv\u0113le noved pie noteikt\u0101m darb\u012bb\u0101m un sek\u0101m,&#8221; br\u012bdin\u0101ja Bovino.<\/p>\n<\/blockquote>\n<p>Amerik\u0101\u0146u medijos pats Bovino tika izsmiets par vi\u0146a \u0161ineli, kas daudziem atg\u0101din\u0101ja nacistu virsnieka formast\u0113rpu. Bovino taisnoj\u0101s, ka tas esot standarta ASV Robe\u017ekontroles dienesta m\u0113telis, ko vi\u0146\u0161 esot sa\u0146\u0113mis jau 1999. gad\u0101.\u00a0<\/p>\n<blockquote class=\"twitter-tweet\">\n<p>Over the weekend, Border Patrol official Greg Bovino paid a visit to the anti-ICE protests taking place in Minneapolis. Videos of Bovino in a long green trench coat, walking around with a gaggle of ICE agents flanking him, wagging his finger and yelling at no one in particular,\u2026 <a href=\"https:\/\/t.co\/sbhPpRxWlW\" target=\"_blank\" rel=\"nofollow\">pic.twitter.com\/sbhPpRxWlW<\/a><\/p>\n<p>\u2014 New York Magazine (@NYMag) <a href=\"https:\/\/twitter.com\/NYMag\/status\/2014435478607646852?ref_src=twsrc%5Etfw\" target=\"_blank\" rel=\"nofollow noopener\">January 22, 2026<\/a><\/p><\/blockquote>\n<p>ASV politikas eksperti aicina ICE vair\u0101k koncentr\u0113ties uz b\u012bstamo, ar noziedz\u012bbas pasauli saist\u012bto migrantu aiztur\u0113\u0161anu, nevis tvarst\u012bt str\u0101dniekus pa b\u016bvlaukumiem un lielveikaliem.\u00a0<\/p>\n<p>&#8220;Deport\u0101cijas skait\u013ci b\u016btu daudz maz\u0101ki, ja vi\u0146i koncentr\u0113tos uz patie\u0161\u0101m b\u012bstamiem, vardarb\u012bgiem cilv\u0113kiem. Bet daudz viegl\u0101k ir pagaid\u012bt pie &#8220;Home Depot&#8221; lielveikala un aiztur\u0113t cilv\u0113kus,&#8221; telekan\u0101lam CBC nor\u0101da Va\u0161ingtonas anal\u012bti\u0137is Maiks Fokss.\u00a0<\/p>\n<p>Amerik\u0101\u0146i piekr\u012bt migrantu deport\u0101cij\u0101m, bet ne ICE metod\u0113m\u00a0<\/p>\n<p>Amerik\u0101\u0146u attieksme pret ICE oper\u0101cij\u0101m ir da\u017e\u0101da. Va\u0161ington\u0101 b\u0101z\u0113t\u0101s domn\u012bcas &#8220;Pew Reserach Center&#8221; aptauja liecina, ka vair\u0101k nek\u0101 puse iedz\u012bvot\u0101ju uzskata, ka zin\u0101ms deport\u0101ciju skaits ir nepiecie\u0161ams, tom\u0113r lielai da\u013cai ir iebildumu pret veidu, k\u0101 tas notiek.\u00a0<\/p>\n<p>&#8220;The Wall Street Journal&#8221; aptauj\u0101 54\u00a0% respondentu pauda viedokli, ka ICE darb\u012bbas ir aizg\u0101ju\u0161as p\u0101r\u0101k t\u0101lu.\u00a0<\/p>\n<p><a href=\"https:\/\/today.yougov.com\/politics\/articles\/53939-more-americans-support-than-oppose-abolishing-ice-immigration-minneapolis-shooting-poll\" target=\"_blank\" rel=\"nofollow noopener\">&#8220;YouGov&#8221; aptauj\u0101<\/a> 46\u00a0% amerik\u0101\u0146u atbalst\u012bja viedokli, ka ICE vajadz\u0113tu likvid\u0113t, bet 41\u00a0% bija pret \u0161o ideju.\u00a0<\/p>\n<p>            <img decoding=\"async\" src=\"https:\/\/www.europesays.com\/lv\/wp-content\/uploads\/2026\/01\/skic.jpg\" alt=\"Minesotas \u0161tat\u0101 protest\u0113t\u0101ji v\u0113r\u0161as pret ICE a\u0123entiem\"\/><\/p>\n<p>Minesotas \u0161tat\u0101 protest\u0113t\u0101ji v\u0113r\u0161as pret ICE a\u0123entiem<\/p>\n<p>Foto: AFP, OCTAVIO JONES<\/p>\n<\/p>\n<p>&#8220;Reuters\/Ipsos&#8221; aptauj\u0101 53\u00a0% respondentu kritiz\u0113ja prezidenta Trampa politiku imigr\u0101cijas jaut\u0101jum\u0101, bet 39\u00a0% to atbalst\u012bja. Pirms gada attiec\u012bgie skait\u013ci bija 41\u00a0% un 50\u00a0%. Ar\u012b \u0161aj\u0101 jom\u0101 ir milz\u012bgas at\u0161\u0137ir\u012bbas starp demokr\u0101tu un republik\u0101\u0146u nost\u0101ju: ap 90\u00a0% demokr\u0101tu uzskata, ka ICE a\u0123enti r\u012bkoju\u0161ies p\u0101r\u0101k agres\u012bvi, bet \u0161\u0101ds viedoklis ir tikai nelielai da\u013cai republik\u0101\u0146u.\u00a0<\/p>\n<p>Tom\u0113r imigr\u0101cijas jaut\u0101jumos ASV v\u0113l\u0113t\u0101ji joproj\u0101m vair\u0101k uzticas Republik\u0101\u0146u, nevis Demokr\u0101tu partijai. 37\u00a0% respondentu atzina, ka vi\u0146iem lab\u0101k pat\u012bk republik\u0101\u0146u pieeja, bet 32\u00a0% pauda atbalstu demokr\u0101tu pieejai.<\/p>\n<p>            <script async src=\"https:\/\/platform.twitter.com\/widgets.js\" charset=\"utf-8\"><\/script><\/p>\n","protected":false},"excerpt":{"rendered":"ASV p\u0113d\u0113j\u0101 laik\u0101 pastiprin\u0101ta uzman\u012bba ir piev\u0113rsta Imigr\u0101cijas un muitas kontroles dienesta (ICE) a\u0123entu darb\u012bb\u0101m, kas Mineapol\u0113 un&hellip;\n","protected":false},"author":2,"featured_media":116483,"comment_status":"","ping_status":"","sticky":false,"template":"","format":"standard","meta":{"footnotes":""},"categories":[14],"tags":[23,57,28,29,32,33,22,30,31,35,39,38,36,37,34,40,20,26,27,24,25,54,55,56,21,58],"class_list":{"0":"post-116482","1":"post","2":"type-post","3":"status-publish","4":"format-standard","5":"has-post-thumbnail","7":"category-zinas-no-arvalstim","8":"tag-aktualitates","9":"tag-arvalstim","10":"tag-breaking-news","11":"tag-breakingnews","12":"tag-featured-news","13":"tag-featurednews","14":"tag-headlines","15":"tag-latest-news","16":"tag-latestnews","17":"tag-latvia","18":"tag-latvian","19":"tag-latviesu","20":"tag-latviesu-valoda","21":"tag-latviesuvaloda","22":"tag-latvija","23":"tag-lv","24":"tag-news","25":"tag-popularakas-zinas","26":"tag-popularakaszinas","27":"tag-top-stories","28":"tag-topstories","29":"tag-world","30":"tag-world-news","31":"tag-worldnews","32":"tag-zinas","33":"tag-zinas-no-arvalstim"},"share_on_mastodon":{"url":"https:\/\/pubeurope.com\/@lv\/115977675396596174","error":""},"_links":{"self":[{"href":"https:\/\/www.europesays.com\/lv\/wp-json\/wp\/v2\/posts\/116482","targetHints":{"allow":["GET"]}}],"collection":[{"href":"https:\/\/www.europesays.com\/lv\/wp-json\/wp\/v2\/posts"}],"about":[{"href":"https:\/\/www.europesays.com\/lv\/wp-json\/wp\/v2\/types\/post"}],"author":[{"embeddable":true,"href":"https:\/\/www.europesays.com\/lv\/wp-json\/wp\/v2\/users\/2"}],"replies":[{"embeddable":true,"href":"https:\/\/www.europesays.com\/lv\/wp-json\/wp\/v2\/comments?post=116482"}],"version-history":[{"count":0,"href":"https:\/\/www.europesays.com\/lv\/wp-json\/wp\/v2\/posts\/116482\/revisions"}],"wp:featuredmedia":[{"embeddable":true,"href":"https:\/\/www.europesays.com\/lv\/wp-json\/wp\/v2\/media\/116483"}],"wp:attachment":[{"href":"https:\/\/www.europesays.com\/lv\/wp-json\/wp\/v2\/media?parent=116482"}],"wp:term":[{"taxonomy":"category","embeddable":true,"href":"https:\/\/www.europesays.com\/lv\/wp-json\/wp\/v2\/categories?post=116482"},{"taxonomy":"post_tag","embeddable":true,"href":"https:\/\/www.europesays.com\/lv\/wp-json\/wp\/v2\/tags?post=116482"}],"curies":[{"name":"wp","href":"https:\/\/api.w.org\/{rel}","templated":true}]}}