{"id":116484,"date":"2026-01-29T09:27:08","date_gmt":"2026-01-29T09:27:08","guid":{"rendered":"https:\/\/www.europesays.com\/lv\/116484\/"},"modified":"2026-01-29T09:27:08","modified_gmt":"2026-01-29T09:27:08","slug":"latgale-veidojas-rindas-pec-cieta-kurinama-nosaka-iegades-limitus-raksts","status":"publish","type":"post","link":"https:\/\/www.europesays.com\/lv\/116484\/","title":{"rendered":"Latgal\u0113 veidojas rindas p\u0113c ciet\u0101 kurin\u0101m\u0101; nosaka ieg\u0101des limitus \/ Raksts"},"content":{"rendered":"<p>\n                        Vakar, 18:18                    <\/p>\n<p>\n                            Autori:<br \/>\n                            Latgales re\u0123ion\u0101l\u0101 telev\u012bzija                        <\/p>\n<p>L\u012bdz ar auksto laiku\u00a0veikalos Latgal\u0113 radies granulu un brike\u0161u defic\u012bts, bet pie ra\u017eot\u0101jiem veidojas rindas vair\u0101ku ned\u0113\u013cu garum\u0101. Da\u013ca veikalu un ra\u017eot\u0101ju pat noteiku\u0161i ieg\u0101des limitus, lai kurin\u0101m\u0101 pietiktu visiem. Lai ar\u012b ra\u017eot\u0101ji str\u0101d\u0101 ar pilnu jaudu, piepras\u012bjums ir liel\u0101ks par pied\u0101v\u0101jumu, atz\u012bstot, ka ar \u0161\u0101du situ\u0101ciju nav sask\u0101ru\u0161ies gadiem.\u00a0<\/p>\n<p>Granulu ra\u017eot\u0101ji Varak\u013c\u0101nos str\u0101d\u0101 ar pilnu jaudu, ta\u010du piepras\u012bjums ir liel\u0101ks, nek\u0101 iesp\u0113jas sara\u017eot. Uz\u0146\u0113mum\u0101 &#8220;Latgales granulas&#8221; \u0161obr\u012bd ik dienu sa\u0146em ap 200 zvanu ar l\u016bgumu ieg\u0101d\u0101ties granulas.\u00a0<\/p>\n<p>&#8220;M\u0113s sara\u017eojam, teiksim, plus\/m\u012bnus tr\u012bs tonnas stund\u0101. Nu, diennakt\u012b 55 varb\u016bt tonnas, varb\u016bt 60 k\u0101dreiz. Ra\u017eot jau m\u0113s ra\u017eojam visu laiku, bet, neskatoties uz to, \u0161\u0101du piepras\u012bjumu \u012bsti nodro\u0161in\u0101t nevaram,&#8221; atzina\u00a0uz\u0146\u0113muma SIA &#8220;Latgales granulas&#8221; p\u0101rst\u0101vis\u00a0Valdis Mesters.\u00a0<\/p>\n<p>Liel\u0101koties uz\u0146\u0113mumam nosl\u0113gti pieg\u0101des l\u012bgumi ar pa\u0161vald\u012bb\u0101m un da\u017e\u0101d\u0101m iest\u0101d\u0113m. Priv\u0101tperson\u0101m tiek atst\u0101ts br\u012bvais granulu apjoms, un, ja v\u0113l gada s\u0101kum\u0101 uz\u0146\u0113muma noliktav\u0101 bija rezerves, tad tagad to nav.\u00a0<\/p>\n<p>&#8220;Pieg\u0101des veicam, bet pa\u0146emt kaut k\u0101dus apjomus kl\u0101t jau ir problem\u0101tiski. Atsak\u0101m tirgot\u0101jiem, vairumpirc\u0113jiem, bet priv\u0101tajiem pat\u0113r\u0113t\u0101jiem cen\u0161amies neatteikt\u00a0nevienam,&#8221; piebilda\u00a0Mesters.\u00a0<\/p>\n<blockquote>\n<p>Granulu un brike\u0161u defic\u012bts nov\u0113rojams ar\u012b veikalos. Piem\u0113ram, R\u0113zekn\u0113 apzin\u0101tajos veikalos to nav visp\u0101r vai ir limit\u0113t\u0101 daudzum\u0101.\u00a0<\/p>\n<\/blockquote>\n<p>Latvijas Biomasas asoci\u0101cij\u0101 nor\u0101d\u012bja, ka granulu piepras\u012bjuma p\u012b\u0137i veicin\u0101jusi ne vien aukst\u0101 ziema, bet ar\u012b a\u017eiot\u0101\u017ea. Un t\u0101 rad\u012bjusi situ\u0101ciju, ka ne tikai veikali, bet ar\u012b ra\u017eot\u0101ji nosaka limitus ieg\u0101dei, lai kurin\u0101m\u0101 pietiktu visiem.\u00a0<\/p>\n<p>&#8220;Nu, tas [limits] ir tonna, divas tonnas \u2013 k\u0101 nu kur\u0161 ra\u017eot\u0101js [nosaka] atkar\u012bb\u0101 p\u0113c pieejam\u012bbas \u2013 ar domu, lai neatbrauc k\u0101ds un nenop\u0113rk visu\u00a0t\u0101s dienas apjomu; tad lai vair\u0101k cilv\u0113kiem tiktu,&#8221; st\u0101st\u012bja\u00a0Latvijas Biomasas asoci\u0101cijas &#8220;LATbio&#8221; valdes priek\u0161s\u0113d\u0113t\u0101js\u00a0Didzis Palejs.\u00a0<\/p>\n<p>Asoci\u0101cij\u0101 nor\u0101d\u012bja \u2013 kurin\u0101m\u0101 pietiek visiem, ta\u010du uz p\u0113k\u0161\u0146\u0101 piepras\u012bjuma vi\u013c\u0146a tik \u0101tri sara\u017eot nav iesp\u0113jams.\u00a0<\/p>\n<p>&#8220;Lab\u0101 zi\u0146a no p\u0101ris granulu ra\u017eot\u0101jiem, ka izdev\u0101s p\u0101rb\u012bd\u012bt kaut k\u0101dus eksporta l\u012bgumus no febru\u0101ra t\u0101l\u0101k pavasar\u012b.\u00a0Tas noz\u012bm\u0113, ka kaut k\u0101du papildu apjomu var\u0113s iedot viet\u0113jam tirgum,&#8221; sac\u012bja Palejs.\u00a0<\/p>\n<blockquote>\n<p>Audzis ir ne tikai piepras\u012bjums p\u0113c granul\u0101m un briket\u0113m, bet ar\u012b to cena. P\u0113rkot cieto kurin\u0101mo tagad, naudas maci\u0146\u0161 b\u016bs j\u0101atver pla\u0161\u0101k.\u00a0<\/p>\n<\/blockquote>\n<p>&#8220;T\u0101ds b\u016btisks l\u016bgums b\u016btu cilv\u0113kiem \u2013 necensties nopirkt tagad ilgam laika periodam uz priek\u0161u. Nu skaidrs, ka tas b\u016bs d\u0101rg\u0101k, vair\u0101k galvass\u0101pes ar visu \u0161o procesu. Ja vasar\u0101 vid\u0113ji k\u0101di 220 eiro tonn\u0101 bija, tagad var\u0113tu b\u016bt k\u0101di 250 eiro,&#8221; atzina asoci\u0101cijas vad\u012bt\u0101js.\u00a0<\/p>\n<p>T\u0101pat iedz\u012bvot\u0101jiem j\u0101b\u016bt uzman\u012bgiem, jo \u0161obr\u012bd aktiviz\u0113ju\u0161ies kr\u0101pnieki, kuri ar priek\u0161apmaksu pied\u0101v\u0101 ciet\u0101 kurin\u0101m\u0101 pieg\u0101di bez vair\u0101ku dienu gaid\u012b\u0161anas, bet v\u0113l\u0101k paz\u016bd.<\/p>\n<p>                    Valodas k\u013c\u016bda rakst\u0101?<\/p>\n<p class=\"d-none d-md-block\">Iez\u012bm\u0113jiet tekstu un spiediet Ctrl+Enter, lai nos\u016bt\u012btu labojamo teksta fragmentu redaktoram! Par faktu k\u013c\u016bd\u0101m l\u016bdzam zi\u0146ot e-past\u0101 <a href=\"https:\/\/www.lsm.lv\/cdn-cgi\/l\/email-protection\" class=\"__cf_email__\" data-cfemail=\"d4a6b1b0b5bfb7bdbeb594b8a7b9fab8a2\" rel=\"nofollow noopener\" target=\"_blank\">[email\u00a0protected]<\/a>.<\/p>\n<p class=\"d-md-none\">Iez\u012bm\u0113jiet tekstu un spiediet uz Zi\u0146ot par k\u013c\u016bdu pogas, lai nos\u016bt\u012btu labojamo teksta fragmentu redaktoram!<\/p>\n<p>\n                    Zi\u0146ot par k\u013c\u016bdu\n                <\/p>\n","protected":false},"excerpt":{"rendered":"Vakar, 18:18 Autori: Latgales re\u0123ion\u0101l\u0101 telev\u012bzija L\u012bdz ar auksto laiku\u00a0veikalos Latgal\u0113 radies granulu un brike\u0161u defic\u012bts, bet pie&hellip;\n","protected":false},"author":2,"featured_media":116485,"comment_status":"","ping_status":"","sticky":false,"template":"","format":"standard","meta":{"footnotes":""},"categories":[12],"tags":[23,28,29,32,33,22,30,31,35,39,38,36,37,34,40,20,26,27,24,25,21],"class_list":{"0":"post-116484","1":"post","2":"type-post","3":"status-publish","4":"format-standard","5":"has-post-thumbnail","7":"category-latvija","8":"tag-aktualitates","9":"tag-breaking-news","10":"tag-breakingnews","11":"tag-featured-news","12":"tag-featurednews","13":"tag-headlines","14":"tag-latest-news","15":"tag-latestnews","16":"tag-latvia","17":"tag-latvian","18":"tag-latviesu","19":"tag-latviesu-valoda","20":"tag-latviesuvaloda","21":"tag-latvija","22":"tag-lv","23":"tag-news","24":"tag-popularakas-zinas","25":"tag-popularakaszinas","26":"tag-top-stories","27":"tag-topstories","28":"tag-zinas"},"share_on_mastodon":{"url":"https:\/\/pubeurope.com\/@lv\/115977679296577883","error":""},"_links":{"self":[{"href":"https:\/\/www.europesays.com\/lv\/wp-json\/wp\/v2\/posts\/116484","targetHints":{"allow":["GET"]}}],"collection":[{"href":"https:\/\/www.europesays.com\/lv\/wp-json\/wp\/v2\/posts"}],"about":[{"href":"https:\/\/www.europesays.com\/lv\/wp-json\/wp\/v2\/types\/post"}],"author":[{"embeddable":true,"href":"https:\/\/www.europesays.com\/lv\/wp-json\/wp\/v2\/users\/2"}],"replies":[{"embeddable":true,"href":"https:\/\/www.europesays.com\/lv\/wp-json\/wp\/v2\/comments?post=116484"}],"version-history":[{"count":0,"href":"https:\/\/www.europesays.com\/lv\/wp-json\/wp\/v2\/posts\/116484\/revisions"}],"wp:featuredmedia":[{"embeddable":true,"href":"https:\/\/www.europesays.com\/lv\/wp-json\/wp\/v2\/media\/116485"}],"wp:attachment":[{"href":"https:\/\/www.europesays.com\/lv\/wp-json\/wp\/v2\/media?parent=116484"}],"wp:term":[{"taxonomy":"category","embeddable":true,"href":"https:\/\/www.europesays.com\/lv\/wp-json\/wp\/v2\/categories?post=116484"},{"taxonomy":"post_tag","embeddable":true,"href":"https:\/\/www.europesays.com\/lv\/wp-json\/wp\/v2\/tags?post=116484"}],"curies":[{"name":"wp","href":"https:\/\/api.w.org\/{rel}","templated":true}]}}