{"id":116491,"date":"2026-01-29T09:36:08","date_gmt":"2026-01-29T09:36:08","guid":{"rendered":"https:\/\/www.europesays.com\/lv\/116491\/"},"modified":"2026-01-29T09:36:08","modified_gmt":"2026-01-29T09:36:08","slug":"eduards-tralmaks-pirms-olimpiskajam-spelem-izcelas-ahl","status":"publish","type":"post","link":"https:\/\/www.europesays.com\/lv\/116491\/","title":{"rendered":"Eduards Tralmaks pirms olimpiskaj\u0101m sp\u0113l\u0113m izce\u013cas AHL"},"content":{"rendered":"<p>&#8220;Griffins&#8221; m\u0101j\u0101s ar 1:4 (1:1, 0:1, 0:2) zaud\u0113ja Kl\u012bvlendas &#8220;Monsters&#8221;. Pusotru min\u016bti pirms pirm\u0101 perioda beig\u0101m Tralmaks pie v\u0101rtiem pielaboja komandas biedra metienu un pan\u0101ca 1:1. \u0160aj\u0101 sp\u0113l\u0113 vi\u0146\u0161 divreiz meta pa v\u0101rtiem un tika pie neitr\u0101la lietder\u012bbas koeficienta. \u0160osezon Tralmaks 40 ma\u010dos guvis 16 v\u0101rtus un atdevis piecas rezultat\u012bvas piesp\u0113les.<\/p>\n","protected":false},"excerpt":{"rendered":"&#8220;Griffins&#8221; m\u0101j\u0101s ar 1:4 (1:1, 0:1, 0:2) zaud\u0113ja Kl\u012bvlendas &#8220;Monsters&#8221;. Pusotru min\u016bti pirms pirm\u0101 perioda beig\u0101m Tralmaks pie&hellip;\n","protected":false},"author":2,"featured_media":116492,"comment_status":"","ping_status":"","sticky":false,"template":"","format":"standard","meta":{"footnotes":""},"categories":[17],"tags":[35,39,38,36,37,34,40,67],"class_list":{"0":"post-116491","1":"post","2":"type-post","3":"status-publish","4":"format-standard","5":"has-post-thumbnail","7":"category-sports","8":"tag-latvia","9":"tag-latvian","10":"tag-latviesu","11":"tag-latviesu-valoda","12":"tag-latviesuvaloda","13":"tag-latvija","14":"tag-lv","15":"tag-sports"},"share_on_mastodon":{"url":"https:\/\/pubeurope.com\/@lv\/115977714546887176","error":""},"_links":{"self":[{"href":"https:\/\/www.europesays.com\/lv\/wp-json\/wp\/v2\/posts\/116491","targetHints":{"allow":["GET"]}}],"collection":[{"href":"https:\/\/www.europesays.com\/lv\/wp-json\/wp\/v2\/posts"}],"about":[{"href":"https:\/\/www.europesays.com\/lv\/wp-json\/wp\/v2\/types\/post"}],"author":[{"embeddable":true,"href":"https:\/\/www.europesays.com\/lv\/wp-json\/wp\/v2\/users\/2"}],"replies":[{"embeddable":true,"href":"https:\/\/www.europesays.com\/lv\/wp-json\/wp\/v2\/comments?post=116491"}],"version-history":[{"count":0,"href":"https:\/\/www.europesays.com\/lv\/wp-json\/wp\/v2\/posts\/116491\/revisions"}],"wp:featuredmedia":[{"embeddable":true,"href":"https:\/\/www.europesays.com\/lv\/wp-json\/wp\/v2\/media\/116492"}],"wp:attachment":[{"href":"https:\/\/www.europesays.com\/lv\/wp-json\/wp\/v2\/media?parent=116491"}],"wp:term":[{"taxonomy":"category","embeddable":true,"href":"https:\/\/www.europesays.com\/lv\/wp-json\/wp\/v2\/categories?post=116491"},{"taxonomy":"post_tag","embeddable":true,"href":"https:\/\/www.europesays.com\/lv\/wp-json\/wp\/v2\/tags?post=116491"}],"curies":[{"name":"wp","href":"https:\/\/api.w.org\/{rel}","templated":true}]}}