{"id":116495,"date":"2026-01-29T09:45:19","date_gmt":"2026-01-29T09:45:19","guid":{"rendered":"https:\/\/www.europesays.com\/lv\/116495\/"},"modified":"2026-01-29T09:45:19","modified_gmt":"2026-01-29T09:45:19","slug":"kulturas-ministre-regionalaja-vizite-apmekles-talsu-novadu","status":"publish","type":"post","link":"https:\/\/www.europesays.com\/lv\/116495\/","title":{"rendered":"Kult\u016bras ministre re\u0123ion\u0101laj\u0101 viz\u012bt\u0113 apmekl\u0113s Talsu novadu"},"content":{"rendered":"<p>Piektdien, 30. janv\u0101r\u012b, kult\u016bras ministre Agnese L\u0101ce dosies viz\u012bt\u0113 uz Talsu novadu. T\u0101s laik\u0101 ministre tiksies ar Talsu novada domes priek\u0161s\u0113d\u0113t\u0101ju Ansi B\u0113rzi\u0146u, domes priek\u0161s\u0113d\u0113t\u0101ja vietnieku J\u0101ni Ka\u013ci\u0146i\u010denko, k\u0101 ar\u012b kult\u016bras nozares p\u0101rst\u0101vjiem.<\/p>\n<p>Viz\u012btes laik\u0101 ministre apmekl\u0113s Kubalu skolu, k\u0101 ar\u012b Talsu M\u0101kslas skol\u0101 kop\u0101 ar nozares p\u0101rst\u0101vjiem diskut\u0113s par vecpils\u0113tas kult\u016bras mantojuma saglab\u0101\u0161anu, kult\u016bras un m\u0101kslas objektu att\u012bst\u012bbu.<\/p>\n<p>Viz\u012btes laik\u0101 paredz\u0113ta ar\u012b ministres dal\u012bba Talsos notieko\u0161aj\u0101 Uz\u0146\u0113m\u0113ju forum\u0101.<\/p>\n<p>          <img decoding=\"async\" src=\"https:\/\/www.europesays.com\/lv\/wp-content\/uploads\/2026\/01\/1768556888_896_logo-lv.png\" alt=\"\"\/><\/p>\n<p>                  \u0160\u012b inform\u0101cija ir publisks pazi\u0146ojums un neatspogu\u013co LV port\u0101la viedokli. Par t\u0101s saturu atbild ies\u016bt\u012bt\u0101js. <a data-popup=\"rules\">Public\u0113\u0161anas noteikumi<\/a><\/p>\n","protected":false},"excerpt":{"rendered":"Piektdien, 30. janv\u0101r\u012b, kult\u016bras ministre Agnese L\u0101ce dosies viz\u012bt\u0113 uz Talsu novadu. T\u0101s laik\u0101 ministre tiksies ar Talsu&hellip;\n","protected":false},"author":2,"featured_media":106317,"comment_status":"","ping_status":"","sticky":false,"template":"","format":"standard","meta":{"footnotes":""},"categories":[12],"tags":[23,28,29,32,33,22,30,31,35,39,38,36,37,34,40,20,26,27,24,25,21],"class_list":{"0":"post-116495","1":"post","2":"type-post","3":"status-publish","4":"format-standard","5":"has-post-thumbnail","7":"category-latvija","8":"tag-aktualitates","9":"tag-breaking-news","10":"tag-breakingnews","11":"tag-featured-news","12":"tag-featurednews","13":"tag-headlines","14":"tag-latest-news","15":"tag-latestnews","16":"tag-latvia","17":"tag-latvian","18":"tag-latviesu","19":"tag-latviesu-valoda","20":"tag-latviesuvaloda","21":"tag-latvija","22":"tag-lv","23":"tag-news","24":"tag-popularakas-zinas","25":"tag-popularakaszinas","26":"tag-top-stories","27":"tag-topstories","28":"tag-zinas"},"share_on_mastodon":{"url":"https:\/\/pubeurope.com\/@lv\/115977750043571640","error":""},"_links":{"self":[{"href":"https:\/\/www.europesays.com\/lv\/wp-json\/wp\/v2\/posts\/116495","targetHints":{"allow":["GET"]}}],"collection":[{"href":"https:\/\/www.europesays.com\/lv\/wp-json\/wp\/v2\/posts"}],"about":[{"href":"https:\/\/www.europesays.com\/lv\/wp-json\/wp\/v2\/types\/post"}],"author":[{"embeddable":true,"href":"https:\/\/www.europesays.com\/lv\/wp-json\/wp\/v2\/users\/2"}],"replies":[{"embeddable":true,"href":"https:\/\/www.europesays.com\/lv\/wp-json\/wp\/v2\/comments?post=116495"}],"version-history":[{"count":0,"href":"https:\/\/www.europesays.com\/lv\/wp-json\/wp\/v2\/posts\/116495\/revisions"}],"wp:featuredmedia":[{"embeddable":true,"href":"https:\/\/www.europesays.com\/lv\/wp-json\/wp\/v2\/media\/106317"}],"wp:attachment":[{"href":"https:\/\/www.europesays.com\/lv\/wp-json\/wp\/v2\/media?parent=116495"}],"wp:term":[{"taxonomy":"category","embeddable":true,"href":"https:\/\/www.europesays.com\/lv\/wp-json\/wp\/v2\/categories?post=116495"},{"taxonomy":"post_tag","embeddable":true,"href":"https:\/\/www.europesays.com\/lv\/wp-json\/wp\/v2\/tags?post=116495"}],"curies":[{"name":"wp","href":"https:\/\/api.w.org\/{rel}","templated":true}]}}