{"id":116500,"date":"2026-01-29T09:48:06","date_gmt":"2026-01-29T09:48:06","guid":{"rendered":"https:\/\/www.europesays.com\/lv\/116500\/"},"modified":"2026-01-29T09:48:06","modified_gmt":"2026-01-29T09:48:06","slug":"latvijas-olimpiskas-delegacijas-jaunie-terpi-dan-john-dizains","status":"publish","type":"post","link":"https:\/\/www.europesays.com\/lv\/116500\/","title":{"rendered":"Latvijas Olimpisk\u0101s deleg\u0101cijas jaunie t\u0113rpi \u2013 Dan John dizains"},"content":{"rendered":"<p class=\"descr\">Kop\u0101 ar it\u0101\u013cu modes z\u012bmolu Dan John Latvia prezent\u0113jam Latvijas Olimpisk\u0101s deleg\u0101cijas svin\u012bgos t\u0113rpus &#8211; t\u0113lu, kur\u0101 it\u0101\u013cu elegance satiekas ar latvisku raksturu, raksta Latvijas olimpisk\u0101 komiteja sav\u0101 &#8220;Facebook&#8221; kont\u0101.<\/p>\n<p>Latvijas Olimpisk\u0101 komiteja (LOK) kop\u0101 ar reprezentablo t\u0113rpu partneri &#8211; it\u0101\u013cu modes z\u012bmolu DAN JOHN &#8211; demonstr\u0113 Latvijas sportistu un deleg\u0101cijas svin\u012bgos t\u0113rpus Mil\u0101nas-Kort\u012bnas 2026. gada Ziemas Olimpiskaj\u0101m sp\u0113l\u0113m. T\u0113rpi rad\u012bti, lai stiprin\u0101tu Komanda Latvija pieder\u012bbas saj\u016btu, vienlaikus par\u0101dot m\u016bsu valsti starptautiskaj\u0101 vid\u0113 &#8211; elegantos it\u0101\u013cu dizaina siluetos, ar latvisku noska\u0146u.<\/p>\n<p>T\u0113rpi izstr\u0101d\u0101ti, balstoties uz elegances trad\u012bcij\u0101m &#8211; t\u012briem siluetiem, modern\u0101m form\u0101m un p\u0101rdom\u0101tu kopt\u0113lu, saglab\u0101jot latvisku est\u0113tiku un it\u0101\u013cu aktu\u0101l\u0101s dizaina tendences. Kolekcijas pamats ir p\u0101rdom\u0101ta kr\u0101su gamma un klasisks, vienlaikus aktu\u0101ls dizains. T\u0113rpi veidoti t\u0101, lai atbilstu ofici\u0101laj\u0101m pras\u012bb\u0101m, vienlaikus nodro\u0161inot komfortu, vieglumu un paman\u0101mu t\u0113lu, kas \u013cauj m\u016bsu deleg\u0101cijai veidot harmonisku kopt\u0113lu un izcelties starptautiskaj\u0101 vid\u0113.<\/p>\n<p>\u201c\u0160\u012b sadarb\u012bba nav tikai par ap\u0123\u0113rbu &#8211; t\u0101 simboliz\u0113 Latvijas komandas sp\u0113ku un p\u0101rliec\u012bbu pasaul\u0113. Reprezentablajos t\u0113rpos it\u0101\u013cu elegance satiekas ar latvie\u0161u raksturu, radot atpaz\u012bstamu un paman\u0101mu t\u0113lu m\u016bsu deleg\u0101cijai. T\u0101d\u0113\u013c esam lepni, ka DAN JOHN ir da\u013ca no Latvijas komandas <a href=\"https:\/\/nra.lv\/politika\/480026-skolnieks-noraida-slovakijas-prezidenta-rokasspiedienu.htm\" data-item-link=\"true\" data-item-id=\"480026\" rel=\"nofollow noopener\" target=\"_blank\">Olimpiskaj\u0101s sp\u0113l\u0113s<\/a> It\u0101lij\u0101,\u201d st\u0101sta Kri\u0161j\u0101nis Caune, SIA DJ BALTICS valdes loceklis.<\/p>\n<p>Kolekcij\u0101 ietilpst bordo kr\u0101sas d\u017eemperis ar augstu apkakli un pieska\u0146ota to\u0146a divrindu pogu aizdares \u017eakete, pel\u0113c\u012bgs divrindu pogu m\u0113telis un gai\u0161as bikses, veidojot vizu\u0101li sabalans\u0113tu un elegantu kombin\u0101ciju. \u017daketes un m\u0113te\u013ca sast\u0101v\u0101 izmantot\u0101 vilna nodro\u0161ina gan siltumu, gan dabisku kritumu, \u013caujot t\u0113rpam saglab\u0101t eleganci un komfortu, vienlaikus atspogu\u013cojot p\u0101rliec\u012bbu un gatav\u012bbu p\u0101rst\u0101v\u0113t Latviju pasaules liel\u0101kaj\u0101 sporta notikum\u0101.<\/p>\n<p>Kopt\u0113lu papildina \u012bpa\u0161i izv\u0113l\u0113ti akcenti. Sievie\u0161u t\u0113rpu komplektu papildus akcent\u0113 lakati\u0146\u0161 ar tr\u012bs zvaig\u017e\u0146u simboliku. Savuk\u0101rt visu deleg\u0101cijas dal\u012bbnieku vienojo\u0161ais aksesu\u0101rs ir z\u012bmola GIVEN rad\u012bt\u0101s \u012bpa\u0161\u0101s \u201cKOMANDA LATVIJA\u201d aproce, kas iemieso tr\u012bs sudraba zvaigznes &#8211; vienot\u012bbas, neatkar\u012bbas un sp\u0113ka simbolus. Kolekcija papildin\u0101ta ar unik\u0101lu kulonu, kura centr\u0101 iestr\u0101d\u0101tas tr\u012bs apzelt\u012btas rot\u0113jo\u0161as zvaigznes, kas non\u0101ks pie tiem sportistiem, kas sasniegs augst\u0101kos sasniegumus.<\/p>\n<p>Paredz\u0113ts, ka \u0161os t\u0113rpus deleg\u0101cijas p\u0101rst\u0101vji izmantos ofici\u0101laj\u0101s pie\u0146em\u0161an\u0101s un pas\u0101kumos, gan pirms sp\u0113l\u0113m, gan sp\u0113\u013cu laik\u0101, k\u0101 ar\u012b p\u0113c sp\u0113l\u0113m.<\/p>\n<p>\t\t\t\t\t\tinfo<\/p>\n<p>Uzzini pirmais<br \/>kas interesants noticis Latvij\u0101 un pasaul\u0113,<br \/>pievienojoties mums <a href=\"https:\/\/t.me\/neatkariga\" rel=\"nofollow\">Telegram<\/a> vai <a href=\"https:\/\/whatsapp.com\/channel\/0029VaMLFUH5K3zLU5s4wm3y\" rel=\"nofollow noopener\" target=\"_blank\">Whatsapp<\/a> kan\u0101l\u0101<\/p>\n","protected":false},"excerpt":{"rendered":"Kop\u0101 ar it\u0101\u013cu modes z\u012bmolu Dan John Latvia prezent\u0113jam Latvijas Olimpisk\u0101s deleg\u0101cijas svin\u012bgos t\u0113rpus &#8211; t\u0113lu, kur\u0101 it\u0101\u013cu&hellip;\n","protected":false},"author":2,"featured_media":116501,"comment_status":"","ping_status":"","sticky":false,"template":"","format":"standard","meta":{"footnotes":""},"categories":[17],"tags":[35,39,38,36,37,34,40,67],"class_list":{"0":"post-116500","1":"post","2":"type-post","3":"status-publish","4":"format-standard","5":"has-post-thumbnail","7":"category-sports","8":"tag-latvia","9":"tag-latvian","10":"tag-latviesu","11":"tag-latviesu-valoda","12":"tag-latviesuvaloda","13":"tag-latvija","14":"tag-lv","15":"tag-sports"},"share_on_mastodon":{"url":"https:\/\/pubeurope.com\/@lv\/115977761742082133","error":""},"_links":{"self":[{"href":"https:\/\/www.europesays.com\/lv\/wp-json\/wp\/v2\/posts\/116500","targetHints":{"allow":["GET"]}}],"collection":[{"href":"https:\/\/www.europesays.com\/lv\/wp-json\/wp\/v2\/posts"}],"about":[{"href":"https:\/\/www.europesays.com\/lv\/wp-json\/wp\/v2\/types\/post"}],"author":[{"embeddable":true,"href":"https:\/\/www.europesays.com\/lv\/wp-json\/wp\/v2\/users\/2"}],"replies":[{"embeddable":true,"href":"https:\/\/www.europesays.com\/lv\/wp-json\/wp\/v2\/comments?post=116500"}],"version-history":[{"count":0,"href":"https:\/\/www.europesays.com\/lv\/wp-json\/wp\/v2\/posts\/116500\/revisions"}],"wp:featuredmedia":[{"embeddable":true,"href":"https:\/\/www.europesays.com\/lv\/wp-json\/wp\/v2\/media\/116501"}],"wp:attachment":[{"href":"https:\/\/www.europesays.com\/lv\/wp-json\/wp\/v2\/media?parent=116500"}],"wp:term":[{"taxonomy":"category","embeddable":true,"href":"https:\/\/www.europesays.com\/lv\/wp-json\/wp\/v2\/categories?post=116500"},{"taxonomy":"post_tag","embeddable":true,"href":"https:\/\/www.europesays.com\/lv\/wp-json\/wp\/v2\/tags?post=116500"}],"curies":[{"name":"wp","href":"https:\/\/api.w.org\/{rel}","templated":true}]}}