{"id":116508,"date":"2026-01-29T09:54:08","date_gmt":"2026-01-29T09:54:08","guid":{"rendered":"https:\/\/www.europesays.com\/lv\/116508\/"},"modified":"2026-01-29T09:54:08","modified_gmt":"2026-01-29T09:54:08","slug":"alonai-ostapenko-tresais-finals-nesanaca","status":"publish","type":"post","link":"https:\/\/www.europesays.com\/lv\/116508\/","title":{"rendered":"A\u013conai Ostapenko tre\u0161ais fin\u0101ls nesan\u0101ca"},"content":{"rendered":"<p class=\"lead\">\n                                A\u013cona Ostapenko iepriek\u0161\u0113jos divus gadus sp\u0113l\u0113ja Austr\u0101lijas atkl\u0101t\u0101 tenisa \u010dempion\u0101ta d\u0101mu dubultsp\u0113\u013cu fin\u0101l\u0101, ta\u010du tre\u0161o reizi p\u0113c k\u0101rtas sasniegt iz\u0161\u0137iro\u0161o sp\u0113li Melburn\u0101 vi\u0146ai neizdev\u0101s.\n                            <\/p>\n<p>Ostapenko kop\u0101 ar Suveju Sji no Taiv\u0101nas bija vienas no turn\u012bra favor\u012bt\u0113m. Ar tre\u0161o numuru sacens\u012bb\u0101s izliktais duets l\u012bdz ceturtda\u013cfin\u0101lam tika sal\u012bdzino\u0161i viegli, nezaud\u0113jot ne setu, piedev\u0101m otro k\u0101rtu pretinieces traumas d\u0113\u013c p\u0101rvar\u0113ja bez c\u012b\u0146as. Ma\u010d\u0101 par vietu pusfin\u0101l\u0101 vakar bija j\u0101sp\u0113kojas ar kan\u0101dieti Gabrielu Dabrovski un braz\u012blieti Lu\u012bzi Stefani, kur\u0101m bija piektais numurs. Pirmaj\u0101 set\u0101 Latvijas\/Taiv\u0101nas duetam k\u013c\u016bdu j\u016bra un l\u012bdzv\u0113rt\u012bga c\u012b\u0146a nesan\u0101ca, otr\u0101 seta s\u0101kum\u0101 pie 0-3 Ostapenko duets sp\u0113ja sa\u0146emties un izl\u012bdzin\u0101t ma\u010da gaitu, ta\u010du taibreik\u0101 atkal p\u0101r\u0101k daudz nepiespiesto k\u013c\u016bdu noz\u012bm\u0113ja neveiksmi ar 1-6, 6-7 (5:7). Ar\u012b individu\u0101li A\u013conai \u0161is turn\u012brs neizdev\u0101s, viensp\u0113l\u0113s zaud\u0113jot otraj\u0101 k\u0101rt\u0101.<\/p>\n<p>Ja par veiksmi, tad vakar k\u0101 aklai vistai mie\u017ea grauds t\u0101 tr\u0101p\u012bj\u0101s visu laiku titul\u0113t\u0101kajam &#8220;Grand Slam&#8221; turn\u012bru dal\u012bbniekam Novakam D\u017eokovi\u010dam no Serbijas. V\u012bru viensp\u0113\u013cu ceturtda\u013cfin\u0101l\u0101 pret jauno it\u0101\u013cu talantu Lorenco Muzeti vi\u0146\u0161 pirmos divus setus zaud\u0113ja ar 4-6, 3-6, bet tre\u0161aj\u0101 pretinieks sp\u0113c\u012bgo s\u0101pju labaj\u0101 k\u0101j\u0101 d\u0113\u013c ma\u010du nesp\u0113ja turpin\u0101t. D\u017eokovi\u010ds atzina, ka 23 gadus vecais Museti bijis lab\u0101ks un bija peln\u012bjis uzvar\u0113t, bet t\u0101 tenis\u0101 reiz\u0113m notiekot. Interesanti, ka ar\u012b astotda\u013cfin\u0101l\u0101 serbam par labu nosp\u0113l\u0113ja konkurenta vesel\u012bbas likstas, jo \u010dehs Jakubs Men\u0161\u012bks kort\u0101 nemaz nedev\u0101s, ta\u010du dom\u0101jams, ka veiksmes limits b\u016bs izsmelts, jo pusfin\u0101l\u0101 vi\u0146am j\u0101tiekas ar iepriek\u0161\u0113jo divu gadu Austr\u0101lijas turn\u012bra \u010dempionu Janniku Sinneru no It\u0101lijas. Savuk\u0101rt otrs fin\u0101lists noskaidrosies pasaules ranga l\u012bdera Karlosa Alkaraza un v\u0101cie\u0161a Aleksandra Zvereva duel\u012b. D\u0101m\u0101m pirmo reizi Austr\u0101lijas turn\u012bra pusfin\u0101lu sasniegusi ukrainiete Elina Svito\u013cina, ceturtda\u013cfin\u0101l\u0101 ar 6-1, 6-2 sagraujot ranga tre\u0161o raketi Koko Gofu no ASV. Par vietu fin\u0101l\u0101 Svito\u013cinai b\u016bs j\u0101sp\u0113kojas pret ranga l\u012bderi Arinu Saba\u013cenku, savuk\u0101rt otra fin\u0101liste noskaidrosies amerik\u0101nietes D\u017eesikas Pegulas un Kazahst\u0101nas p\u0101rst\u0101ves Je\u013cenas Ribakinas s\u0101ncens\u012bb\u0101.<\/p>\n<p> Aptauja <\/p>\n<p> Cik svar\u012bgi jums ir \u017eurn\u0101listu un ekspertu koment\u0101ri\/viedok\u013ci, ko pied\u0101v\u0101 LASI.LV? <\/p>\n<p class=\"paragraph-muted\">Izv\u0113lies savu soct\u012bklu platformu, lai sekotu LASI.LV: <a href=\"https:\/\/www.facebook.com\/portals.lasi.lv\" target=\"_blank\" rel=\"noopener noreferrer nofollow\">Facebook<\/a>, <a href=\"https:\/\/twitter.com\/lasilvportals\" target=\"_blank\" rel=\"noopener noreferrer nofollow\">X<\/a>, <a href=\"https:\/\/bsky.app\/profile\/lasilv.bsky.social\" target=\"_blank\" rel=\"noopener noreferrer nofollow\">Bluesky<\/a>, <a href=\"https:\/\/www.draugiem.lv\/lasilv\/?pg=4\" target=\"_blank\" rel=\"noopener noreferrer nofollow\">Draugiem<\/a>, <a href=\"https:\/\/www.threads.com\/@lasilv_zinas\" rel=\"nofollow noopener\" target=\"_blank\">Threads<\/a> vai ar\u012b <a href=\"https:\/\/www.instagram.com\/lasilv_zinas\/\" target=\"_blank\" rel=\"noopener noreferrer nofollow\">Instagram<\/a>. Pievienojies m\u016bsu las\u012bt\u0101ju pulkam, lai sa\u0146emtu \u012bpa\u0161i tev atlas\u012btu noder\u012bgu, praktisku un aktu\u0101lu saturu.\u00a0<\/p>\n<p style=\"margin-left:auto;\">Pieraksties LASI.LV redaktora v\u0113stkopai <a href=\"https:\/\/lasi.lv\/vestkopa\/lasi-lv-galvena-redaktora-vestkopa\" rel=\"nofollow noopener\" target=\"_blank\">\u0161eit<\/a>.<\/p>\n<p>Pieraksties v\u0113stkopai un divas reizes ned\u0113\u013c\u0101 sa\u0146em padzi\u013cin\u0101tu LASI.LV galven\u0101 redaktora aktu\u0101lo zi\u0146u, kompetentu viedok\u013cu un interesant\u0101ko interviju apkopojumu.<\/p>\n<p>Ko tu sa\u0146emsi:<\/p>\n<ul>\n<li>Daudzveid\u012bgus koment\u0101rus un kompetentus Latvijas Mediju \u017eurn\u0101listu un autoru viedok\u013cus par aktu\u0101lo<\/li>\n<li>Ekspertu koment\u0101rus par da\u017e\u0101diem praktiskiem, noder\u012bgiem tematiem<\/li>\n<li>Aizraujo\u0161us materi\u0101lus par v\u0113sturi, psiholo\u0123iju, kult\u016bru<\/li>\n<li>Gata \u0160\u013c\u016bkas karikat\u016bru<\/li>\n<li>Tav\u0101 e-pasta kast\u012bt\u0113 katru ceturtdienu<\/li>\n<\/ul>\n<p style=\"margin-left:auto;\">\u00a0<\/p>\n<p><script async src=\"https:\/\/platform.twitter.com\/widgets.js\" charset=\"utf-8\"><\/script><script async src=\"\/\/www.instagram.com\/embed.js\"><\/script><\/p>\n","protected":false},"excerpt":{"rendered":"A\u013cona Ostapenko iepriek\u0161\u0113jos divus gadus sp\u0113l\u0113ja Austr\u0101lijas atkl\u0101t\u0101 tenisa \u010dempion\u0101ta d\u0101mu dubultsp\u0113\u013cu fin\u0101l\u0101, ta\u010du tre\u0161o reizi p\u0113c k\u0101rtas&hellip;\n","protected":false},"author":2,"featured_media":116509,"comment_status":"","ping_status":"","sticky":false,"template":"","format":"standard","meta":{"footnotes":""},"categories":[17],"tags":[35,39,38,36,37,34,40,67],"class_list":{"0":"post-116508","1":"post","2":"type-post","3":"status-publish","4":"format-standard","5":"has-post-thumbnail","7":"category-sports","8":"tag-latvia","9":"tag-latvian","10":"tag-latviesu","11":"tag-latviesu-valoda","12":"tag-latviesuvaloda","13":"tag-latvija","14":"tag-lv","15":"tag-sports"},"share_on_mastodon":{"url":"https:\/\/pubeurope.com\/@lv\/115977785368628245","error":""},"_links":{"self":[{"href":"https:\/\/www.europesays.com\/lv\/wp-json\/wp\/v2\/posts\/116508","targetHints":{"allow":["GET"]}}],"collection":[{"href":"https:\/\/www.europesays.com\/lv\/wp-json\/wp\/v2\/posts"}],"about":[{"href":"https:\/\/www.europesays.com\/lv\/wp-json\/wp\/v2\/types\/post"}],"author":[{"embeddable":true,"href":"https:\/\/www.europesays.com\/lv\/wp-json\/wp\/v2\/users\/2"}],"replies":[{"embeddable":true,"href":"https:\/\/www.europesays.com\/lv\/wp-json\/wp\/v2\/comments?post=116508"}],"version-history":[{"count":0,"href":"https:\/\/www.europesays.com\/lv\/wp-json\/wp\/v2\/posts\/116508\/revisions"}],"wp:featuredmedia":[{"embeddable":true,"href":"https:\/\/www.europesays.com\/lv\/wp-json\/wp\/v2\/media\/116509"}],"wp:attachment":[{"href":"https:\/\/www.europesays.com\/lv\/wp-json\/wp\/v2\/media?parent=116508"}],"wp:term":[{"taxonomy":"category","embeddable":true,"href":"https:\/\/www.europesays.com\/lv\/wp-json\/wp\/v2\/categories?post=116508"},{"taxonomy":"post_tag","embeddable":true,"href":"https:\/\/www.europesays.com\/lv\/wp-json\/wp\/v2\/tags?post=116508"}],"curies":[{"name":"wp","href":"https:\/\/api.w.org\/{rel}","templated":true}]}}