{"id":116510,"date":"2026-01-29T09:56:11","date_gmt":"2026-01-29T09:56:11","guid":{"rendered":"https:\/\/www.europesays.com\/lv\/116510\/"},"modified":"2026-01-29T09:56:11","modified_gmt":"2026-01-29T09:56:11","slug":"krievija-no-veikaliem-pazud-partika-tikai-viens-netipisks-segments-pagaidam-nav-samazinajies","status":"publish","type":"post","link":"https:\/\/www.europesays.com\/lv\/116510\/","title":{"rendered":"Krievij\u0101 no veikaliem paz\u016bd p\u0101rtika. Tikai viens netipisks segments pagaid\u0101m nav samazin\u0101jies"},"content":{"rendered":"<p>    <img decoding=\"async\" src=\"https:\/\/www.europesays.com\/lv\/wp-content\/uploads\/2026\/01\/afp_1py5vr-1024x683.jpg\" alt=\"&#10;Ilustrat\u012bvs att\u0113ls&#10;\"\/><\/p>\n<p>Ilustrat\u012bvs att\u0113ls<\/p>\n<p>Foto. Scanpix\/LETA\/Natalia KOLESNIKOVA \/ AFP\n<\/p>\n<p>11:00, 29. janv\u0101ris 2026<\/p>\n<p>Krievu ien\u0101kumi ir strauji samazin\u0101ju\u0161ies vald\u012bbas politikas d\u0113\u013c, attiec\u012bgi vi\u0146u pirktsp\u0113ja ir sabrukusi. Sec\u012bgi Krievijas mazumtirdzniec\u012bbas veikalu \u0137\u0113des piedz\u012bvo iev\u0113rojamu produktu kl\u0101sta samazin\u0101\u0161anu. Iemesls ir vienk\u0101r\u0161s: pirc\u0113jiem ir maz\u0101k naudas, un p\u0101rdo\u0161anas apjomi ir strauji kritu\u0161ies. Par to zi\u0146o Krievijas mediji, atsaucoties uz tirgus dal\u012bbniekiem un anal\u012bti\u0137iem. <\/p>\n<p>        Las\u012bt\u0101kie<br \/>\n        <a data-imagesrc=\"{&quot;300&quot;:&quot;https:\\\/\\\/lastatic.ams3.cdn.digitaloceanspaces.com\\\/2024\\\/07\\\/fi_c0miksaq-300x200.jpg&quot;,&quot;1024&quot;:&quot;https:\\\/\\\/lastatic.ams3.cdn.digitaloceanspaces.com\\\/2024\\\/07\\\/fi_c0miksaq-1024x683.jpg&quot;,&quot;768&quot;:&quot;https:\\\/\\\/lastatic.ams3.cdn.digitaloceanspaces.com\\\/2024\\\/07\\\/fi_c0miksaq-768x512.jpg&quot;,&quot;1536&quot;:&quot;https:\\\/\\\/lastatic.ams3.cdn.digitaloceanspaces.com\\\/2024\\\/07\\\/fi_c0miksaq-1536x1024.jpg&quot;,&quot;2048&quot;:&quot;https:\\\/\\\/lastatic.ams3.cdn.digitaloceanspaces.com\\\/2024\\\/07\\\/fi_c0miksaq-2048x1365.jpg&quot;,&quot;200&quot;:&quot;https:\\\/\\\/lastatic.ams3.cdn.digitaloceanspaces.com\\\/2024\\\/07\\\/fi_c0miksaq-200x133.jpg&quot;,&quot;400&quot;:&quot;https:\\\/\\\/lastatic.ams3.cdn.digitaloceanspaces.com\\\/2024\\\/07\\\/fi_c0miksaq-400x267.jpg&quot;,&quot;500&quot;:&quot;https:\\\/\\\/lastatic.ams3.cdn.digitaloceanspaces.com\\\/2024\\\/07\\\/fi_c0miksaq-500x333.jpg&quot;,&quot;800&quot;:&quot;https:\\\/\\\/lastatic.ams3.cdn.digitaloceanspaces.com\\\/2024\\\/07\\\/fi_c0miksaq-800x533.jpg&quot;,&quot;1000&quot;:&quot;https:\\\/\\\/lastatic.ams3.cdn.digitaloceanspaces.com\\\/2024\\\/07\\\/fi_c0miksaq-1000x667.jpg&quot;,&quot;2560&quot;:&quot;https:\\\/\\\/lastatic.ams3.cdn.digitaloceanspaces.com\\\/2024\\\/07\\\/fi_c0miksaq-scaled.jpg&quot;}\" data-focuspoint=\"&quot;&quot;\" data-p=\"2500900\" href=\"https:\/\/www.la.lv\/un-es-nejokoju-opozicionars-atklaj-negaiditu-versiju-par-putina-pecteci\" class=\"content-item lazy-load\" wp_automatic_readability=\"26\" rel=\"nofollow noopener\" target=\"_blank\"><\/p>\n<p>                                <img decoding=\"async\" src=\"\" alt=\"\" style=\"\" data-imageid=\"\"\/><\/p>\n<p>                                            \u201cUn es nejokoju!\u201d Opozicion\u0101rs atkl\u0101j negaid\u012btu versiju par Putina p\u0113cteci\n                            <\/p>\n<p><\/a><a data-imagesrc=\"{&quot;300&quot;:&quot;https:\\\/\\\/lastatic.ams3.cdn.digitaloceanspaces.com\\\/2019\\\/06\\\/attractive-beautiful-cheerful-15366191-300x200.jpg&quot;,&quot;768&quot;:&quot;https:\\\/\\\/lastatic.ams3.cdn.digitaloceanspaces.com\\\/2019\\\/06\\\/attractive-beautiful-cheerful-15366191-768x512.jpg&quot;,&quot;200&quot;:&quot;https:\\\/\\\/lastatic.ams3.cdn.digitaloceanspaces.com\\\/2019\\\/06\\\/attractive-beautiful-cheerful-15366191-200x133.jpg&quot;,&quot;400&quot;:&quot;https:\\\/\\\/lastatic.ams3.cdn.digitaloceanspaces.com\\\/2019\\\/06\\\/attractive-beautiful-cheerful-15366191-400x267.jpg&quot;,&quot;500&quot;:&quot;https:\\\/\\\/lastatic.ams3.cdn.digitaloceanspaces.com\\\/2019\\\/06\\\/attractive-beautiful-cheerful-15366191-500x333.jpg&quot;,&quot;800&quot;:&quot;https:\\\/\\\/lastatic.ams3.cdn.digitaloceanspaces.com\\\/2019\\\/06\\\/attractive-beautiful-cheerful-15366191-800x533.jpg&quot;,&quot;900&quot;:&quot;https:\\\/\\\/lastatic.ams3.cdn.digitaloceanspaces.com\\\/2019\\\/06\\\/attractive-beautiful-cheerful-15366191.jpg&quot;}\" data-focuspoint=\"&quot;&quot;\" data-p=\"2501980\" href=\"https:\/\/www.la.lv\/janvari-dzimusos-vislabak-raksturo-vards-speks-bet-marta-lidzjutiba-luk-ko-par-jums-atklaj-jusu-dzimsanas-menesis\" class=\"content-item lazy-load\" wp_automatic_readability=\"27.5\" rel=\"nofollow noopener\" target=\"_blank\"><\/p>\n<p>                                <img decoding=\"async\" src=\"\" alt=\"\" style=\"\" data-imageid=\"\"\/><\/p>\n<p>                                Kokteilis<\/p>\n<p>\n                                                Janv\u0101r\u012b dzimu\u0161os vislab\u0101k raksturo v\u0101rds \u201csp\u0113ks\u201d, bet mart\u0101 \u2013 \u201cl\u012bdzj\u016bt\u012bba\u201d. L\u016bk, ko par jums atkl\u0101j j\u016bsu dzim\u0161anas m\u0113nesis\n                            <\/p>\n<p><\/a><a data-imagesrc=\"{&quot;300&quot;:&quot;https:\\\/\\\/lastatic.ams3.cdn.digitaloceanspaces.com\\\/2013\\\/10\\\/g1\\\/ledaji1-300x191.jpg&quot;,&quot;1024&quot;:&quot;https:\\\/\\\/lastatic.ams3.cdn.digitaloceanspaces.com\\\/2013\\\/10\\\/g1\\\/ledaji1-1024x652.jpg&quot;,&quot;80&quot;:&quot;https:\\\/\\\/lastatic.ams3.cdn.digitaloceanspaces.com\\\/2013\\\/10\\\/g1\\\/ledaji1-80x48.jpg&quot;,&quot;112&quot;:&quot;https:\\\/\\\/lastatic.ams3.cdn.digitaloceanspaces.com\\\/2013\\\/10\\\/g1\\\/ledaji1-112x64.jpg&quot;,&quot;664&quot;:&quot;https:\\\/\\\/lastatic.ams3.cdn.digitaloceanspaces.com\\\/2013\\\/10\\\/g1\\\/ledaji1-664x422.jpg&quot;,&quot;251&quot;:&quot;https:\\\/\\\/lastatic.ams3.cdn.digitaloceanspaces.com\\\/2013\\\/10\\\/g1\\\/ledaji1-251x160.jpg&quot;,&quot;263&quot;:&quot;https:\\\/\\\/lastatic.ams3.cdn.digitaloceanspaces.com\\\/2013\\\/10\\\/g1\\\/ledaji1-263x167.jpg&quot;,&quot;530&quot;:&quot;https:\\\/\\\/lastatic.ams3.cdn.digitaloceanspaces.com\\\/2013\\\/10\\\/g1\\\/ledaji1-530x338.jpg&quot;,&quot;118&quot;:&quot;https:\\\/\\\/lastatic.ams3.cdn.digitaloceanspaces.com\\\/2013\\\/10\\\/g1\\\/ledaji1-118x70.jpg&quot;,&quot;348&quot;:&quot;https:\\\/\\\/lastatic.ams3.cdn.digitaloceanspaces.com\\\/2013\\\/10\\\/g1\\\/ledaji1-348x225.jpg&quot;,&quot;90&quot;:&quot;https:\\\/\\\/lastatic.ams3.cdn.digitaloceanspaces.com\\\/2013\\\/10\\\/g1\\\/ledaji1-90x58.jpg&quot;,&quot;2700&quot;:&quot;https:\\\/\\\/lastatic.ams3.cdn.digitaloceanspaces.com\\\/2013\\\/10\\\/g1\\\/ledaji1.jpg&quot;}\" data-focuspoint=\"&quot;&quot;\" data-p=\"2498527\" href=\"https:\/\/www.la.lv\/ledaji-kust-un-izplatas-kas-neparedzets-zinatniekiem-ir-loti-slikta-zina-cilveku-veselibai\" class=\"content-item lazy-load\" wp_automatic_readability=\"27\" rel=\"nofollow noopener\" target=\"_blank\"><\/p>\n<p>                                <img decoding=\"async\" src=\"\" alt=\"\" style=\"\" data-imageid=\"\"\/><\/p>\n<p>\n                                                Led\u0101ji k\u016bst, un izplat\u0101s kas neparedz\u0113ts. Zin\u0101tniekiem ir \u013coti slikta zi\u0146a cilv\u0113ku vesel\u012bbai\n                            <\/p>\n<p><\/a><br \/>\n        <a class=\"read-more\" href=\"https:\/\/www.la.lv\/top\" rel=\"nofollow noopener\" target=\"_blank\">Las\u012bt citas zi\u0146as<\/a><\/p>\n<p>K\u0101 rakst\u012bts vietn\u0113 dialog.ua, veikalu \u0137\u0113des un ra\u017eot\u0101ji ir s\u0101ku\u0161i racionaliz\u0113t savas produktu l\u012bnijas, plauktos atst\u0101jot tikai to, ko cilv\u0113ki ieg\u0101d\u0101jas p\u0113c fakta. <\/p>\n<p>Saska\u0146\u0101 ar p\u0113t\u012bjumu, kur\u0101 piedal\u012bj\u0101s vair\u0101k nek\u0101 180 mazumtirgot\u0101ju gan tradicion\u0101lajos veikalos, gan tie\u0161saistes platform\u0101s, produktu kl\u0101sta samazin\u0101jums ir noticis gandr\u012bz vis\u0101s kategorij\u0101s. <\/p>\n<p>    CITI \u0160OBR\u012aD LASA<\/p>\n<p>\u012apa\u0161i j\u016btamas izmai\u0146as ir piena produktu segment\u0101 \u2013 da\u017eas preces vienk\u0101r\u0161i pazudu\u0161as no veikalu plauktiem. Vien\u012bgais iz\u0146\u0113mums ir piena produktu deserti, kuru p\u0101rdo\u0161anas apjomi nemain\u012bj\u0101s. <\/p>\n<p>Uz\u0146\u0113mumos atkl\u0101ti apgalvo, ka \u0161obr\u012bd galvenais jaut\u0101jums ir nauda un rentabilit\u0101te. Veikali burtiski skaita katru rubli un cen\u0161as izvair\u012bties no t\u0101du produktu glab\u0101\u0161anas, kurus p\u0113rk maz\u0101k.  Ar\u012b ra\u017eot\u0101ji piel\u0101gojas pa\u0161reiz\u0113jam piepras\u012bjumam un no sortimenta iz\u0146em maz\u0101k popul\u0101ras preces. <\/p>\n<p>Eksperti nor\u0101da, ka krievi, kuru re\u0101lie ien\u0101kumi ir iev\u0113rojami samazin\u0101ju\u0161ies Ukrainas kara d\u0113\u013c, tagad vair\u0101k raiz\u0113jas par cen\u0101m, nevis pla\u0161u izv\u0113li. Vi\u0146i saka, ka laiki, kad veikali konkur\u0113ja ar z\u012bmolu skaitu un produktu daudzveid\u012bbu, ir pag\u0101tne. <\/p>\n<p>Toreiz ien\u0101kumi pieauga, un daudzveid\u012bba bija da\u013ca no komforta, bet tagad uzman\u012bbas centr\u0101 ir ietaup\u012bjumi. T\u0101 rezult\u0101t\u0101 mazumtirdzniec\u012bbas \u0137\u0113des arvien vair\u0101k koncentr\u0113jas uz pamata, \u0101tri apgroz\u0101m\u0101m prec\u0113m, un tas viss liecina par valsts pieaugo\u0161aj\u0101m ekonomiskaj\u0101m probl\u0113m\u0101m.<\/p>\n<p>T\u0113mas<\/p>\n<p>    SAIST\u012aTIE RAKSTI<\/p>\n","protected":false},"excerpt":{"rendered":"Ilustrat\u012bvs att\u0113ls Foto. Scanpix\/LETA\/Natalia KOLESNIKOVA \/ AFP 11:00, 29. janv\u0101ris 2026 Krievu ien\u0101kumi ir strauji samazin\u0101ju\u0161ies vald\u012bbas politikas&hellip;\n","protected":false},"author":2,"featured_media":116511,"comment_status":"","ping_status":"","sticky":false,"template":"","format":"standard","meta":{"footnotes":""},"categories":[14],"tags":[23,57,28,29,32,33,22,30,31,35,39,38,36,37,34,40,20,26,27,24,25,54,55,56,21,58],"class_list":{"0":"post-116510","1":"post","2":"type-post","3":"status-publish","4":"format-standard","5":"has-post-thumbnail","7":"category-zinas-no-arvalstim","8":"tag-aktualitates","9":"tag-arvalstim","10":"tag-breaking-news","11":"tag-breakingnews","12":"tag-featured-news","13":"tag-featurednews","14":"tag-headlines","15":"tag-latest-news","16":"tag-latestnews","17":"tag-latvia","18":"tag-latvian","19":"tag-latviesu","20":"tag-latviesu-valoda","21":"tag-latviesuvaloda","22":"tag-latvija","23":"tag-lv","24":"tag-news","25":"tag-popularakas-zinas","26":"tag-popularakaszinas","27":"tag-top-stories","28":"tag-topstories","29":"tag-world","30":"tag-world-news","31":"tag-worldnews","32":"tag-zinas","33":"tag-zinas-no-arvalstim"},"share_on_mastodon":{"url":"https:\/\/pubeurope.com\/@lv\/115977793408217900","error":""},"_links":{"self":[{"href":"https:\/\/www.europesays.com\/lv\/wp-json\/wp\/v2\/posts\/116510","targetHints":{"allow":["GET"]}}],"collection":[{"href":"https:\/\/www.europesays.com\/lv\/wp-json\/wp\/v2\/posts"}],"about":[{"href":"https:\/\/www.europesays.com\/lv\/wp-json\/wp\/v2\/types\/post"}],"author":[{"embeddable":true,"href":"https:\/\/www.europesays.com\/lv\/wp-json\/wp\/v2\/users\/2"}],"replies":[{"embeddable":true,"href":"https:\/\/www.europesays.com\/lv\/wp-json\/wp\/v2\/comments?post=116510"}],"version-history":[{"count":0,"href":"https:\/\/www.europesays.com\/lv\/wp-json\/wp\/v2\/posts\/116510\/revisions"}],"wp:featuredmedia":[{"embeddable":true,"href":"https:\/\/www.europesays.com\/lv\/wp-json\/wp\/v2\/media\/116511"}],"wp:attachment":[{"href":"https:\/\/www.europesays.com\/lv\/wp-json\/wp\/v2\/media?parent=116510"}],"wp:term":[{"taxonomy":"category","embeddable":true,"href":"https:\/\/www.europesays.com\/lv\/wp-json\/wp\/v2\/categories?post=116510"},{"taxonomy":"post_tag","embeddable":true,"href":"https:\/\/www.europesays.com\/lv\/wp-json\/wp\/v2\/tags?post=116510"}],"curies":[{"name":"wp","href":"https:\/\/api.w.org\/{rel}","templated":true}]}}