{"id":116512,"date":"2026-01-29T09:57:10","date_gmt":"2026-01-29T09:57:10","guid":{"rendered":"https:\/\/www.europesays.com\/lv\/116512\/"},"modified":"2026-01-29T09:57:10","modified_gmt":"2026-01-29T09:57:10","slug":"kad-telefons-izladejas-visnepiemerotakaja-bridi-rigas-satiksme-skaidro-ko-darit-ja-nevar-uzradit-bileti-kontrolierim","status":"publish","type":"post","link":"https:\/\/www.europesays.com\/lv\/116512\/","title":{"rendered":"Kad telefons izl\u0101d\u0113jas visnepiem\u0113rot\u0101kaj\u0101 br\u012bd\u012b! \u201cR\u012bgas satiksme\u201d skaidro, ko dar\u012bt, ja nevar uzr\u0101d\u012bt bi\u013ceti kontrolierim"},"content":{"rendered":"<p>    <img decoding=\"async\" src=\"https:\/\/www.europesays.com\/lv\/wp-content\/uploads\/2026\/01\/LET_24605096-1024x683.jpg\" alt=\"&#10;\"\/><\/p>\n<p>Foto: LETA\n<\/p>\n<p>10:10, 29. janv\u0101ris 2026<\/p>\n<p>\u0136ibeles ar sabiedrisk\u0101 transporta bi\u013cet\u0113m var gad\u012bties ikvienam, kur\u0161 regul\u0101ri izmanto publisko transportu. Situ\u0101cijas m\u0113dz b\u016bt da\u017e\u0101das un t\u0101di br\u012b\u017ei nep\u0101rprotami rada nepat\u012bkamu stresu, jo nekad nevar zin\u0101t, kad ce\u013c\u0161 krustosies ar bi\u013ce\u0161u kontrolieri. Viens no \u0161\u0101diem stresa mirk\u013ciem noticis k\u0101dai R\u012bgas iedz\u012bvot\u0101jai, kura soci\u0101laj\u0101 t\u012bkl\u0101 \u201cThreads\u201d atkl\u0101jusi savu pieredzi.  <\/p>\n<p>        Las\u012bt\u0101kie<br \/>\n        <a data-imagesrc=\"{&quot;300&quot;:&quot;https:\\\/\\\/lastatic.ams3.cdn.digitaloceanspaces.com\\\/2024\\\/07\\\/fi_c0miksaq-300x200.jpg&quot;,&quot;1024&quot;:&quot;https:\\\/\\\/lastatic.ams3.cdn.digitaloceanspaces.com\\\/2024\\\/07\\\/fi_c0miksaq-1024x683.jpg&quot;,&quot;768&quot;:&quot;https:\\\/\\\/lastatic.ams3.cdn.digitaloceanspaces.com\\\/2024\\\/07\\\/fi_c0miksaq-768x512.jpg&quot;,&quot;1536&quot;:&quot;https:\\\/\\\/lastatic.ams3.cdn.digitaloceanspaces.com\\\/2024\\\/07\\\/fi_c0miksaq-1536x1024.jpg&quot;,&quot;2048&quot;:&quot;https:\\\/\\\/lastatic.ams3.cdn.digitaloceanspaces.com\\\/2024\\\/07\\\/fi_c0miksaq-2048x1365.jpg&quot;,&quot;200&quot;:&quot;https:\\\/\\\/lastatic.ams3.cdn.digitaloceanspaces.com\\\/2024\\\/07\\\/fi_c0miksaq-200x133.jpg&quot;,&quot;400&quot;:&quot;https:\\\/\\\/lastatic.ams3.cdn.digitaloceanspaces.com\\\/2024\\\/07\\\/fi_c0miksaq-400x267.jpg&quot;,&quot;500&quot;:&quot;https:\\\/\\\/lastatic.ams3.cdn.digitaloceanspaces.com\\\/2024\\\/07\\\/fi_c0miksaq-500x333.jpg&quot;,&quot;800&quot;:&quot;https:\\\/\\\/lastatic.ams3.cdn.digitaloceanspaces.com\\\/2024\\\/07\\\/fi_c0miksaq-800x533.jpg&quot;,&quot;1000&quot;:&quot;https:\\\/\\\/lastatic.ams3.cdn.digitaloceanspaces.com\\\/2024\\\/07\\\/fi_c0miksaq-1000x667.jpg&quot;,&quot;2560&quot;:&quot;https:\\\/\\\/lastatic.ams3.cdn.digitaloceanspaces.com\\\/2024\\\/07\\\/fi_c0miksaq-scaled.jpg&quot;}\" data-focuspoint=\"&quot;&quot;\" data-p=\"2500900\" href=\"https:\/\/www.la.lv\/un-es-nejokoju-opozicionars-atklaj-negaiditu-versiju-par-putina-pecteci\" class=\"content-item lazy-load\" wp_automatic_readability=\"26\" rel=\"nofollow noopener\" target=\"_blank\"><\/p>\n<p>                                <img decoding=\"async\" src=\"\" alt=\"\" style=\"\" data-imageid=\"\"\/><\/p>\n<p>                                            \u201cUn es nejokoju!\u201d Opozicion\u0101rs atkl\u0101j negaid\u012btu versiju par Putina p\u0113cteci\n                            <\/p>\n<p><\/a><a data-imagesrc=\"{&quot;300&quot;:&quot;https:\\\/\\\/lastatic.ams3.cdn.digitaloceanspaces.com\\\/2019\\\/06\\\/attractive-beautiful-cheerful-15366191-300x200.jpg&quot;,&quot;768&quot;:&quot;https:\\\/\\\/lastatic.ams3.cdn.digitaloceanspaces.com\\\/2019\\\/06\\\/attractive-beautiful-cheerful-15366191-768x512.jpg&quot;,&quot;200&quot;:&quot;https:\\\/\\\/lastatic.ams3.cdn.digitaloceanspaces.com\\\/2019\\\/06\\\/attractive-beautiful-cheerful-15366191-200x133.jpg&quot;,&quot;400&quot;:&quot;https:\\\/\\\/lastatic.ams3.cdn.digitaloceanspaces.com\\\/2019\\\/06\\\/attractive-beautiful-cheerful-15366191-400x267.jpg&quot;,&quot;500&quot;:&quot;https:\\\/\\\/lastatic.ams3.cdn.digitaloceanspaces.com\\\/2019\\\/06\\\/attractive-beautiful-cheerful-15366191-500x333.jpg&quot;,&quot;800&quot;:&quot;https:\\\/\\\/lastatic.ams3.cdn.digitaloceanspaces.com\\\/2019\\\/06\\\/attractive-beautiful-cheerful-15366191-800x533.jpg&quot;,&quot;900&quot;:&quot;https:\\\/\\\/lastatic.ams3.cdn.digitaloceanspaces.com\\\/2019\\\/06\\\/attractive-beautiful-cheerful-15366191.jpg&quot;}\" data-focuspoint=\"&quot;&quot;\" data-p=\"2501980\" href=\"https:\/\/www.la.lv\/janvari-dzimusos-vislabak-raksturo-vards-speks-bet-marta-lidzjutiba-luk-ko-par-jums-atklaj-jusu-dzimsanas-menesis\" class=\"content-item lazy-load\" wp_automatic_readability=\"27.5\" rel=\"nofollow noopener\" target=\"_blank\"><\/p>\n<p>                                <img decoding=\"async\" src=\"\" alt=\"\" style=\"\" data-imageid=\"\"\/><\/p>\n<p>                                Kokteilis<\/p>\n<p>\n                                                Janv\u0101r\u012b dzimu\u0161os vislab\u0101k raksturo v\u0101rds \u201csp\u0113ks\u201d, bet mart\u0101 \u2013 \u201cl\u012bdzj\u016bt\u012bba\u201d. L\u016bk, ko par jums atkl\u0101j j\u016bsu dzim\u0161anas m\u0113nesis\n                            <\/p>\n<p><\/a><a data-imagesrc=\"{&quot;300&quot;:&quot;https:\\\/\\\/lastatic.ams3.cdn.digitaloceanspaces.com\\\/2013\\\/10\\\/g1\\\/ledaji1-300x191.jpg&quot;,&quot;1024&quot;:&quot;https:\\\/\\\/lastatic.ams3.cdn.digitaloceanspaces.com\\\/2013\\\/10\\\/g1\\\/ledaji1-1024x652.jpg&quot;,&quot;80&quot;:&quot;https:\\\/\\\/lastatic.ams3.cdn.digitaloceanspaces.com\\\/2013\\\/10\\\/g1\\\/ledaji1-80x48.jpg&quot;,&quot;112&quot;:&quot;https:\\\/\\\/lastatic.ams3.cdn.digitaloceanspaces.com\\\/2013\\\/10\\\/g1\\\/ledaji1-112x64.jpg&quot;,&quot;664&quot;:&quot;https:\\\/\\\/lastatic.ams3.cdn.digitaloceanspaces.com\\\/2013\\\/10\\\/g1\\\/ledaji1-664x422.jpg&quot;,&quot;251&quot;:&quot;https:\\\/\\\/lastatic.ams3.cdn.digitaloceanspaces.com\\\/2013\\\/10\\\/g1\\\/ledaji1-251x160.jpg&quot;,&quot;263&quot;:&quot;https:\\\/\\\/lastatic.ams3.cdn.digitaloceanspaces.com\\\/2013\\\/10\\\/g1\\\/ledaji1-263x167.jpg&quot;,&quot;530&quot;:&quot;https:\\\/\\\/lastatic.ams3.cdn.digitaloceanspaces.com\\\/2013\\\/10\\\/g1\\\/ledaji1-530x338.jpg&quot;,&quot;118&quot;:&quot;https:\\\/\\\/lastatic.ams3.cdn.digitaloceanspaces.com\\\/2013\\\/10\\\/g1\\\/ledaji1-118x70.jpg&quot;,&quot;348&quot;:&quot;https:\\\/\\\/lastatic.ams3.cdn.digitaloceanspaces.com\\\/2013\\\/10\\\/g1\\\/ledaji1-348x225.jpg&quot;,&quot;90&quot;:&quot;https:\\\/\\\/lastatic.ams3.cdn.digitaloceanspaces.com\\\/2013\\\/10\\\/g1\\\/ledaji1-90x58.jpg&quot;,&quot;2700&quot;:&quot;https:\\\/\\\/lastatic.ams3.cdn.digitaloceanspaces.com\\\/2013\\\/10\\\/g1\\\/ledaji1.jpg&quot;}\" data-focuspoint=\"&quot;&quot;\" data-p=\"2498527\" href=\"https:\/\/www.la.lv\/ledaji-kust-un-izplatas-kas-neparedzets-zinatniekiem-ir-loti-slikta-zina-cilveku-veselibai\" class=\"content-item lazy-load\" wp_automatic_readability=\"27\" rel=\"nofollow noopener\" target=\"_blank\"><\/p>\n<p>                                <img decoding=\"async\" src=\"\" alt=\"\" style=\"\" data-imageid=\"\"\/><\/p>\n<p>\n                                                Led\u0101ji k\u016bst, un izplat\u0101s kas neparedz\u0113ts. Zin\u0101tniekiem ir \u013coti slikta zi\u0146a cilv\u0113ku vesel\u012bbai\n                            <\/p>\n<p><\/a><br \/>\n        <a class=\"read-more\" href=\"https:\/\/www.la.lv\/top\" rel=\"nofollow noopener\" target=\"_blank\">Las\u012bt citas zi\u0146as<\/a><\/p>\n<p>Sievietei izl\u0101d\u0113j\u0101s telefons visnepiem\u0113rot\u0101kaj\u0101 br\u012bd\u012b, bet par sp\u012bti tam, vi\u0146a tom\u0113r nol\u0113ma risk\u0113t un izmantot sabiedrisko transportu ar bi\u013ceti, kuru fiziski nevar\u0113ja re\u0123istr\u0113t.  <\/p>\n<p>L\u016bk, sievietes rakst\u012btais: \u201cGad\u0101s, ka izl\u0101d\u0113jas viss: mobilais ar bi\u013ceti un zvans draugam. Sp\u012bd ie\u0161ana m\u0101j\u0101s k\u0101j\u0101m, lai nenodarbin\u0101tu kontrolierus. Bet tad tu saproti, ka visp\u0101r esi peln\u012bjusi p\u0101ris bezmaksas braucienus par to, ka m\u016b\u017e\u0101 esi god\u012bgi maks\u0101jusi par k\u0101d\u0101m 200 m\u0113ne\u0161bi\u013cet\u0113m un nekad ne\u0161maucies, jo tas iedzen stres\u0101. Paliek vienalga, ar ko braukt, ka tikai uz to pusi. Brauc un priec\u0101jies par katru pieturu, kur\u0101 neiek\u0101pj neviens tum\u0161i zil\u0101 jak\u0101 ar baltiem burti\u0146iem. Un katru reizi nodom\u0101: re, cik t\u0101lu esmu jau tikusi.\u201d<\/p>\n<p>    CITI \u0160OBR\u012aD LASA<\/p>\n<p>Iedz\u012bvot\u0101jas ieraksts nepalika nepaman\u012bts \u2013 uz to rea\u0123\u0113ja \u201cR\u012bgas satiksme\u201d p\u0101rst\u0101vji, kuri draudz\u012bgi atg\u0101din\u0101ja, ka \u201cpa za\u0137i\u201d braukt gan nevajag.  <\/p>\n<p>\u201cPaldies, ka vienm\u0113r p\u0113rkat bi\u013ceti! Braukt \u201cpa za\u0137i\u201d gan nevajag. Ja bi\u013cete bija telefon\u0101 un J\u016bs to pasp\u0113j\u0101t re\u0123istr\u0113t, bet p\u0101rbaudes br\u012bd\u012b telefons izsl\u0113dz\u0101s, ats\u016btiet mums datus. M\u0113s situ\u0101ciju vienm\u0113r izv\u0113rt\u0113jam objekt\u012bvi, un sodu var ar\u012b atcelt.\u201d <\/p>\n<p><img decoding=\"async\" src=\"https:\/\/www.europesays.com\/lv\/wp-content\/uploads\/2026\/01\/Ekranuznemums-2026-01-23-131040.png\" alt=\"\"\/><\/p>\n<p>Ekr\u0101nuz\u0146\u0113mums no \u201cThreads\u201d\n<\/p>\n<p>T\u0101pat \u201cR\u012bgas satiksme\u201d uzsver, ka \u201cjaunajos autobusos ir l\u0101d\u0113t\u0101ji, kas reiz\u0113m tie\u0161\u0101m izgl\u0101bj visu dienu vai vakaru.\u201d <\/p>\n<p><img decoding=\"async\" src=\"https:\/\/www.europesays.com\/lv\/wp-content\/uploads\/2026\/01\/Ekranuznemums-2026-01-23-131050.png\" alt=\"\"\/><\/p>\n<p>Ekr\u0101nuz\u0146\u0113mums no \u201cThreads\u201d\n<\/p>\n<p><img decoding=\"async\" src=\"https:\/\/www.europesays.com\/lv\/wp-content\/uploads\/2026\/01\/Ekranuznemums-2026-01-23-131023.png\" alt=\"\"\/><\/p>\n<p>Ekr\u0101nuz\u0146\u0113mums no \u201cThreads\u201d\n<\/p>\n<p>    Zi\u0146o!<\/p>\n<p>\n        Ja ar\u012b Tu v\u0113lies padal\u012bties ar savu st\u0101stu\n    <\/p>\n<p>    <a class=\"zino-calltoaction__button\" href=\"https:\/\/zino.la.lv\" rel=\"nofollow noopener\" target=\"_blank\">Zi\u0146o!<\/a><\/p>\n<p>T\u0113mas<\/p>\n<p>    SAIST\u012aTIE RAKSTI<\/p>\n","protected":false},"excerpt":{"rendered":"Foto: LETA 10:10, 29. janv\u0101ris 2026 \u0136ibeles ar sabiedrisk\u0101 transporta bi\u013cet\u0113m var gad\u012bties ikvienam, kur\u0161 regul\u0101ri izmanto publisko&hellip;\n","protected":false},"author":2,"featured_media":116513,"comment_status":"","ping_status":"","sticky":false,"template":"","format":"standard","meta":{"footnotes":""},"categories":[12],"tags":[23,28,29,32,33,22,30,31,35,39,38,36,37,34,40,20,26,27,24,25,21],"class_list":{"0":"post-116512","1":"post","2":"type-post","3":"status-publish","4":"format-standard","5":"has-post-thumbnail","7":"category-latvija","8":"tag-aktualitates","9":"tag-breaking-news","10":"tag-breakingnews","11":"tag-featured-news","12":"tag-featurednews","13":"tag-headlines","14":"tag-latest-news","15":"tag-latestnews","16":"tag-latvia","17":"tag-latvian","18":"tag-latviesu","19":"tag-latviesu-valoda","20":"tag-latviesuvaloda","21":"tag-latvija","22":"tag-lv","23":"tag-news","24":"tag-popularakas-zinas","25":"tag-popularakaszinas","26":"tag-top-stories","27":"tag-topstories","28":"tag-zinas"},"share_on_mastodon":{"url":"https:\/\/pubeurope.com\/@lv\/115977797372460565","error":""},"_links":{"self":[{"href":"https:\/\/www.europesays.com\/lv\/wp-json\/wp\/v2\/posts\/116512","targetHints":{"allow":["GET"]}}],"collection":[{"href":"https:\/\/www.europesays.com\/lv\/wp-json\/wp\/v2\/posts"}],"about":[{"href":"https:\/\/www.europesays.com\/lv\/wp-json\/wp\/v2\/types\/post"}],"author":[{"embeddable":true,"href":"https:\/\/www.europesays.com\/lv\/wp-json\/wp\/v2\/users\/2"}],"replies":[{"embeddable":true,"href":"https:\/\/www.europesays.com\/lv\/wp-json\/wp\/v2\/comments?post=116512"}],"version-history":[{"count":0,"href":"https:\/\/www.europesays.com\/lv\/wp-json\/wp\/v2\/posts\/116512\/revisions"}],"wp:featuredmedia":[{"embeddable":true,"href":"https:\/\/www.europesays.com\/lv\/wp-json\/wp\/v2\/media\/116513"}],"wp:attachment":[{"href":"https:\/\/www.europesays.com\/lv\/wp-json\/wp\/v2\/media?parent=116512"}],"wp:term":[{"taxonomy":"category","embeddable":true,"href":"https:\/\/www.europesays.com\/lv\/wp-json\/wp\/v2\/categories?post=116512"},{"taxonomy":"post_tag","embeddable":true,"href":"https:\/\/www.europesays.com\/lv\/wp-json\/wp\/v2\/tags?post=116512"}],"curies":[{"name":"wp","href":"https:\/\/api.w.org\/{rel}","templated":true}]}}