{"id":116514,"date":"2026-01-29T09:58:04","date_gmt":"2026-01-29T09:58:04","guid":{"rendered":"https:\/\/www.europesays.com\/lv\/116514\/"},"modified":"2026-01-29T09:58:04","modified_gmt":"2026-01-29T09:58:04","slug":"nakti-no-ceturtdienas-uz-piektdienu-bus-speka-dzeltenais-bridinajums-par-specigu-salu","status":"publish","type":"post","link":"https:\/\/www.europesays.com\/lv\/116514\/","title":{"rendered":"Nakt\u012b no ceturtdienas uz piektdienu b\u016bs sp\u0113k\u0101 dzeltenais br\u012bdin\u0101jums par sp\u0113c\u012bgu salu"},"content":{"rendered":"<p class=\"lead\">\n                                Latvijas Vides, \u0123eolo\u0123ijas un meteorolo\u0123ijas centrs (LV\u0122MC) izplat\u012bjis dzelten\u0101s pak\u0101pes br\u012bdin\u0101jumu par stipru salu, kas gaid\u0101ms nakt\u012b uz piektdienu.\n                            <\/p>\n<p>Sinopti\u0137i nor\u0101da, ka viszem\u0101k\u0101 gaisa temperat\u016bra prognoz\u0113ta nakt\u012b uz piektdienu un piektdienas r\u012bta stund\u0101s, \u012bpa\u0161i Latvijas centr\u0101lajos un austrumu re\u0123ionos. \u0160ajos apvidos termometra stabi\u0146\u0161 var nosl\u012bd\u0113t l\u012bdz \u201320, viet\u0101m pat l\u012bdz \u201324 gr\u0101diem.<\/p>\n<p>Meteorologi uzsver, ka aukstuma vilnis neapst\u0101sies ar piektdienu \u2014 ar\u012b turpm\u0101kaj\u0101s dien\u0101s saglab\u0101sies \u013coti zema gaisa temperat\u016bra. Nakt\u012b uz sestdienu sals daudzviet var pastiprin\u0101ties l\u012bdz \u201327 gr\u0101diem, savuk\u0101rt nakt\u012b uz sv\u0113tdienu iesp\u0113jams v\u0113l barg\u0101ks aukstums \u2014 l\u012bdz pat m\u012bnus \u201329 gr\u0101diem.<\/p>\n<blockquote>\n<p>Past\u0101v augsta iesp\u0113jam\u012bba, ka viet\u0101m sals sasniegs pat \u201330 gr\u0101dus.<\/p>\n<\/blockquote>\n<p>LV\u0122MC aicina iedz\u012bvot\u0101jus \u0146emt v\u0113r\u0101 laika apst\u0101k\u013cus, \u012bpa\u0161i pl\u0101nojot uztur\u0113\u0161anos \u0101r\u0101, k\u0101 ar\u012b par\u016bp\u0113ties par atbilsto\u0161u ap\u0123\u0113rbu un dro\u0161\u012bbu, jo stiprs sals var rad\u012bt riskus gan vesel\u012bbai, gan ikdienas p\u0101rvieto\u0161an\u0101s apst\u0101k\u013ciem.<\/p>\n<p class=\"paragraph-muted\">Izv\u0113lies savu soct\u012bklu platformu, lai sekotu LASI.LV: <a href=\"https:\/\/www.facebook.com\/portals.lasi.lv\" target=\"_blank\" rel=\"noopener noreferrer nofollow\">Facebook<\/a>, <a href=\"https:\/\/twitter.com\/lasilvportals\" target=\"_blank\" rel=\"noopener noreferrer nofollow\">X<\/a>, <a href=\"https:\/\/bsky.app\/profile\/lasilv.bsky.social\" target=\"_blank\" rel=\"noopener noreferrer nofollow\">Bluesky<\/a>, <a href=\"https:\/\/www.draugiem.lv\/lasilv\/?pg=4\" target=\"_blank\" rel=\"noopener noreferrer nofollow\">Draugiem<\/a>, <a href=\"https:\/\/www.threads.com\/@lasilv_zinas\" rel=\"nofollow noopener\" target=\"_blank\">Threads<\/a> vai ar\u012b <a href=\"https:\/\/www.instagram.com\/lasilv_zinas\/\" target=\"_blank\" rel=\"noopener noreferrer nofollow\">Instagram<\/a>. Pievienojies m\u016bsu las\u012bt\u0101ju pulkam, lai sa\u0146emtu \u012bpa\u0161i tev atlas\u012btu noder\u012bgu, praktisku un aktu\u0101lu saturu.\u00a0<\/p>\n<p style=\"margin-left:auto;\">Pieraksties LASI.LV redaktora v\u0113stkopai <a href=\"https:\/\/lasi.lv\/vestkopa\/lasi-lv-galvena-redaktora-vestkopa\" rel=\"nofollow noopener\" target=\"_blank\">\u0161eit<\/a>.<\/p>\n<p>Pieraksties v\u0113stkopai un divas reizes ned\u0113\u013c\u0101 sa\u0146em padzi\u013cin\u0101tu LASI.LV galven\u0101 redaktora aktu\u0101lo zi\u0146u, kompetentu viedok\u013cu un interesant\u0101ko interviju apkopojumu.<\/p>\n<p>Ko tu sa\u0146emsi:<\/p>\n<ul>\n<li>Daudzveid\u012bgus koment\u0101rus un kompetentus Latvijas Mediju \u017eurn\u0101listu un autoru viedok\u013cus par aktu\u0101lo<\/li>\n<li>Ekspertu koment\u0101rus par da\u017e\u0101diem praktiskiem, noder\u012bgiem tematiem<\/li>\n<li>Aizraujo\u0161us materi\u0101lus par v\u0113sturi, psiholo\u0123iju, kult\u016bru<\/li>\n<li>Gata \u0160\u013c\u016bkas karikat\u016bru<\/li>\n<li>Tav\u0101 e-pasta kast\u012bt\u0113 katru ceturtdienu<\/li>\n<\/ul>\n<p style=\"margin-left:auto;\">\u00a0<\/p>\n<p><script async src=\"https:\/\/platform.twitter.com\/widgets.js\" charset=\"utf-8\"><\/script><script async src=\"\/\/www.instagram.com\/embed.js\"><\/script><\/p>\n","protected":false},"excerpt":{"rendered":"Latvijas Vides, \u0123eolo\u0123ijas un meteorolo\u0123ijas centrs (LV\u0122MC) izplat\u012bjis dzelten\u0101s pak\u0101pes br\u012bdin\u0101jumu par stipru salu, kas gaid\u0101ms nakt\u012b uz&hellip;\n","protected":false},"author":2,"featured_media":116515,"comment_status":"","ping_status":"","sticky":false,"template":"","format":"standard","meta":{"footnotes":""},"categories":[5],"tags":[23,28,29,32,33,22,30,31,35,39,38,36,37,34,40,20,26,27,24,25,21],"class_list":{"0":"post-116514","1":"post","2":"type-post","3":"status-publish","4":"format-standard","5":"has-post-thumbnail","7":"category-aktualitates","8":"tag-aktualitates","9":"tag-breaking-news","10":"tag-breakingnews","11":"tag-featured-news","12":"tag-featurednews","13":"tag-headlines","14":"tag-latest-news","15":"tag-latestnews","16":"tag-latvia","17":"tag-latvian","18":"tag-latviesu","19":"tag-latviesu-valoda","20":"tag-latviesuvaloda","21":"tag-latvija","22":"tag-lv","23":"tag-news","24":"tag-popularakas-zinas","25":"tag-popularakaszinas","26":"tag-top-stories","27":"tag-topstories","28":"tag-zinas"},"share_on_mastodon":{"url":"https:\/\/pubeurope.com\/@lv\/115977801048707389","error":""},"_links":{"self":[{"href":"https:\/\/www.europesays.com\/lv\/wp-json\/wp\/v2\/posts\/116514","targetHints":{"allow":["GET"]}}],"collection":[{"href":"https:\/\/www.europesays.com\/lv\/wp-json\/wp\/v2\/posts"}],"about":[{"href":"https:\/\/www.europesays.com\/lv\/wp-json\/wp\/v2\/types\/post"}],"author":[{"embeddable":true,"href":"https:\/\/www.europesays.com\/lv\/wp-json\/wp\/v2\/users\/2"}],"replies":[{"embeddable":true,"href":"https:\/\/www.europesays.com\/lv\/wp-json\/wp\/v2\/comments?post=116514"}],"version-history":[{"count":0,"href":"https:\/\/www.europesays.com\/lv\/wp-json\/wp\/v2\/posts\/116514\/revisions"}],"wp:featuredmedia":[{"embeddable":true,"href":"https:\/\/www.europesays.com\/lv\/wp-json\/wp\/v2\/media\/116515"}],"wp:attachment":[{"href":"https:\/\/www.europesays.com\/lv\/wp-json\/wp\/v2\/media?parent=116514"}],"wp:term":[{"taxonomy":"category","embeddable":true,"href":"https:\/\/www.europesays.com\/lv\/wp-json\/wp\/v2\/categories?post=116514"},{"taxonomy":"post_tag","embeddable":true,"href":"https:\/\/www.europesays.com\/lv\/wp-json\/wp\/v2\/tags?post=116514"}],"curies":[{"name":"wp","href":"https:\/\/api.w.org\/{rel}","templated":true}]}}