{"id":116516,"date":"2026-01-29T10:00:08","date_gmt":"2026-01-29T10:00:08","guid":{"rendered":"https:\/\/www.europesays.com\/lv\/116516\/"},"modified":"2026-01-29T10:00:08","modified_gmt":"2026-01-29T10:00:08","slug":"lsm-neatspogulos-agresorvalsts-sportistu-startus-ziemas-olimpiskajas-speles","status":"publish","type":"post","link":"https:\/\/www.europesays.com\/lv\/116516\/","title":{"rendered":"LSM neatspogu\u013cos agresorvalsts sportistu startus ziemas olimpiskaj\u0101s sp\u0113l\u0113s"},"content":{"rendered":"<p>Vienlaikus vi\u0146a uzsver, ka vadl\u012bnijas ir izstr\u0101d\u0101tas, \u0146emot v\u0113r\u0101 da\u017e\u0101dus iesp\u0113jamos sacens\u012bbu scen\u0101rijus, un nepiecie\u0161am\u012bbas gad\u012bjum\u0101 vadl\u012bnijas var tikt preciz\u0113tas. &#8220;LSM galvenais uzdevums ir pilnv\u0113rt\u012bgi atspogu\u013cot ziemas olimpisk\u0101s sp\u0113les Latvijas auditorijai &#8211; ar tie\u0161raid\u0113m, operat\u012bvu zi\u0146u saturu, studijas raid\u012bjumiem, anal\u012btiskiem apskatiem, k\u0101 ar\u012b daudzveid\u012bgu ori\u0123in\u0101lo saturu telev\u012bzij\u0101, radio un digit\u0101laj\u0101s platform\u0101s,&#8221; skaidro Lo\u010dmele.<\/p>\n","protected":false},"excerpt":{"rendered":"Vienlaikus vi\u0146a uzsver, ka vadl\u012bnijas ir izstr\u0101d\u0101tas, \u0146emot v\u0113r\u0101 da\u017e\u0101dus iesp\u0113jamos sacens\u012bbu scen\u0101rijus, un nepiecie\u0161am\u012bbas gad\u012bjum\u0101 vadl\u012bnijas var&hellip;\n","protected":false},"author":2,"featured_media":116517,"comment_status":"","ping_status":"","sticky":false,"template":"","format":"standard","meta":{"footnotes":""},"categories":[17],"tags":[35,39,38,36,37,34,40,67],"class_list":{"0":"post-116516","1":"post","2":"type-post","3":"status-publish","4":"format-standard","5":"has-post-thumbnail","7":"category-sports","8":"tag-latvia","9":"tag-latvian","10":"tag-latviesu","11":"tag-latviesu-valoda","12":"tag-latviesuvaloda","13":"tag-latvija","14":"tag-lv","15":"tag-sports"},"share_on_mastodon":{"url":"https:\/\/pubeurope.com\/@lv\/115977809011057790","error":""},"_links":{"self":[{"href":"https:\/\/www.europesays.com\/lv\/wp-json\/wp\/v2\/posts\/116516","targetHints":{"allow":["GET"]}}],"collection":[{"href":"https:\/\/www.europesays.com\/lv\/wp-json\/wp\/v2\/posts"}],"about":[{"href":"https:\/\/www.europesays.com\/lv\/wp-json\/wp\/v2\/types\/post"}],"author":[{"embeddable":true,"href":"https:\/\/www.europesays.com\/lv\/wp-json\/wp\/v2\/users\/2"}],"replies":[{"embeddable":true,"href":"https:\/\/www.europesays.com\/lv\/wp-json\/wp\/v2\/comments?post=116516"}],"version-history":[{"count":0,"href":"https:\/\/www.europesays.com\/lv\/wp-json\/wp\/v2\/posts\/116516\/revisions"}],"wp:featuredmedia":[{"embeddable":true,"href":"https:\/\/www.europesays.com\/lv\/wp-json\/wp\/v2\/media\/116517"}],"wp:attachment":[{"href":"https:\/\/www.europesays.com\/lv\/wp-json\/wp\/v2\/media?parent=116516"}],"wp:term":[{"taxonomy":"category","embeddable":true,"href":"https:\/\/www.europesays.com\/lv\/wp-json\/wp\/v2\/categories?post=116516"},{"taxonomy":"post_tag","embeddable":true,"href":"https:\/\/www.europesays.com\/lv\/wp-json\/wp\/v2\/tags?post=116516"}],"curies":[{"name":"wp","href":"https:\/\/api.w.org\/{rel}","templated":true}]}}