{"id":116518,"date":"2026-01-29T10:01:06","date_gmt":"2026-01-29T10:01:06","guid":{"rendered":"https:\/\/www.europesays.com\/lv\/116518\/"},"modified":"2026-01-29T10:01:06","modified_gmt":"2026-01-29T10:01:06","slug":"microsoft-ceturksna-pelna-pieaugusi-par-60-dienas-bizness","status":"publish","type":"post","link":"https:\/\/www.europesays.com\/lv\/116518\/","title":{"rendered":"Microsoft ceturk\u0161\u0146a pe\u013c\u0146a pieaugusi par 60% :: Dienas Bizness"},"content":{"rendered":"<p class=\"text-font font-size--text-xlarge margin-3--bottom font-weight--bold padding-1--top\">Akciju cenas pasaules bir\u017e\u0101s ceturtdien pieauga, Volstr\u012bt\u0101 k\u0101pjot otro dienu p\u0113c k\u0101rtas, p\u0113c ASV prezidenta Donalda Trampa atteik\u0161an\u0101s no nodoma noteikt asto\u0146\u0101m Eiropas valst\u012bm jaunus muitas tarifus Grenlandes jaut\u0101jum\u0101 radu\u0161os domstarp\u012bbu d\u0113\u013c.<\/p>\n<p class=\"text-font font-size--text-xlarge margin-3--bottom\">P\u0113c fokus\u0113\u0161an\u0101s uz Grenlandi, Ir\u0101nu un citiem \u0123eopolitikas karstajiem punktiem &#8220;\u0161\u0137iet, ka tirg\u016b atjaunojusies labv\u0113l\u012bga situ\u0101cija. Ekonomika ir tie\u0161\u0101m lab\u0101 st\u0101vokl\u012b, lai virz\u012btos uz priek\u0161u,&#8221; sac\u012bja &#8220;Innovator Capital Management&#8221; anal\u012bti\u0137is Toms O&#8217;\u0160\u012b.<\/p>\n<p class=\"text-font font-size--text-xlarge margin-3--bottom\">Ceturtdien publiskoti ASV ekonomikas dati liecin\u0101ja, ka ASV ekonomikas apm\u0113ra k\u0101pums p\u0113rn tre\u0161aj\u0101 ceturksn\u012b bijis nedaudz strauj\u0101ks par iepriek\u0161 l\u0113sto, savuk\u0101rt infl\u0101cija novembr\u012b bijusi stabila.<\/p>\n<p class=\"text-font font-size--text-xlarge margin-3--bottom\">N\u0101kamned\u0113\u013c ir gaid\u0101ma &#8220;Apple&#8221;, &#8220;Microsoft&#8221;, &#8220;Boeing&#8221; un citu lielo uz\u0146\u0113mumu pe\u013c\u0146as r\u0101d\u012bt\u0101ju publisko\u0161ana, k\u0101 ar\u012b ASV Feder\u0101l\u0101 rezervju sist\u0113ma (FRS) pie\u0146ems l\u0113mumu monet\u0101r\u0101s politikas jom\u0101.<\/p>\n<p class=\"text-font font-size--text-xlarge margin-3--bottom\">ASV bir\u017eu indekss &#8220;Dow Jones Industrial Average&#8221; ceturtdien pieauga par 0,6% l\u012bdz 49 384,01 punktam, indekss &#8220;Standard &amp; Poor&#8217;s 500&#8221; k\u0101pa par 0,6% l\u012bdz 6913,35 punktiem, bet &#8220;Nasdaq Composite&#8221; palielin\u0101j\u0101s par 0,9% l\u012bdz 23 436,02 punktiem.<\/p>\n","protected":false},"excerpt":{"rendered":"Akciju cenas pasaules bir\u017e\u0101s ceturtdien pieauga, Volstr\u012bt\u0101 k\u0101pjot otro dienu p\u0113c k\u0101rtas, p\u0113c ASV prezidenta Donalda Trampa atteik\u0161an\u0101s&hellip;\n","protected":false},"author":2,"featured_media":116519,"comment_status":"","ping_status":"","sticky":false,"template":"","format":"standard","meta":{"footnotes":""},"categories":[16],"tags":[869,77,870,76,867,35,39,38,36,37,34,871,868,40,21],"class_list":{"0":"post-116518","1":"post","2":"type-post","3":"status-publish","4":"format-standard","5":"has-post-thumbnail","7":"category-bizness","8":"tag-biznesa-zinas","9":"tag-bizness","10":"tag-bizness-latvija","11":"tag-business","12":"tag-dienas-zinas","13":"tag-latvia","14":"tag-latvian","15":"tag-latviesu","16":"tag-latviesu-valoda","17":"tag-latviesuvaloda","18":"tag-latvija","19":"tag-latvijas-biznesa-zinas","20":"tag-latvijas-zinas","21":"tag-lv","22":"tag-zinas"},"share_on_mastodon":{"url":"https:\/\/pubeurope.com\/@lv\/115977812874163207","error":""},"_links":{"self":[{"href":"https:\/\/www.europesays.com\/lv\/wp-json\/wp\/v2\/posts\/116518","targetHints":{"allow":["GET"]}}],"collection":[{"href":"https:\/\/www.europesays.com\/lv\/wp-json\/wp\/v2\/posts"}],"about":[{"href":"https:\/\/www.europesays.com\/lv\/wp-json\/wp\/v2\/types\/post"}],"author":[{"embeddable":true,"href":"https:\/\/www.europesays.com\/lv\/wp-json\/wp\/v2\/users\/2"}],"replies":[{"embeddable":true,"href":"https:\/\/www.europesays.com\/lv\/wp-json\/wp\/v2\/comments?post=116518"}],"version-history":[{"count":0,"href":"https:\/\/www.europesays.com\/lv\/wp-json\/wp\/v2\/posts\/116518\/revisions"}],"wp:featuredmedia":[{"embeddable":true,"href":"https:\/\/www.europesays.com\/lv\/wp-json\/wp\/v2\/media\/116519"}],"wp:attachment":[{"href":"https:\/\/www.europesays.com\/lv\/wp-json\/wp\/v2\/media?parent=116518"}],"wp:term":[{"taxonomy":"category","embeddable":true,"href":"https:\/\/www.europesays.com\/lv\/wp-json\/wp\/v2\/categories?post=116518"},{"taxonomy":"post_tag","embeddable":true,"href":"https:\/\/www.europesays.com\/lv\/wp-json\/wp\/v2\/tags?post=116518"}],"curies":[{"name":"wp","href":"https:\/\/api.w.org\/{rel}","templated":true}]}}