{"id":116520,"date":"2026-01-29T10:03:16","date_gmt":"2026-01-29T10:03:16","guid":{"rendered":"https:\/\/www.europesays.com\/lv\/116520\/"},"modified":"2026-01-29T10:03:16","modified_gmt":"2026-01-29T10:03:16","slug":"ka-slesers-izpardeva-visas-biletes-uz-izradi-pret-kuru-pats-iebilda","status":"publish","type":"post","link":"https:\/\/www.europesays.com\/lv\/116520\/","title":{"rendered":"K\u0101 \u0160lesers &#8220;izp\u0101rdeva&#8221; visas bi\u013cetes uz izr\u0101di, pret kuru pats iebilda"},"content":{"rendered":"<p class=\"MsoNormal\">Dailes te\u0101tr\u012b tiek gatavota izr\u0101de par Saeimas atlai\u0161anu 2011. gad\u0101 \u2013 bi\u013cetes jau ir izp\u0101rdotas. Savuk\u0101rt partijas &#8220;Latvija pirmaj\u0101 viet\u0101&#8221; l\u012bderis Ain\u0101rs \u0160lesers m\u0113\u0123ina nepie\u013caut \u0161\u0101 iestud\u0113juma pirmizr\u0101di, aps\u016bdzot te\u0101tri kampa\u0146as r\u012bko\u0161an\u0101, kas nomelno vi\u0146a reput\u0101ciju. Piln\u012bgi iesp\u0113jams, ka \u0161ie notikumi pa\u0161i par sevi k\u013c\u016bs par pamatu izr\u0101dei v\u0113l p\u0113c 15 gadiem. Bet pagaid\u0101m \u2013 tikai \u0161is raksts.<\/p>\n","protected":false},"excerpt":{"rendered":"Dailes te\u0101tr\u012b tiek gatavota izr\u0101de par Saeimas atlai\u0161anu 2011. gad\u0101 \u2013 bi\u013cetes jau ir izp\u0101rdotas. Savuk\u0101rt partijas &#8220;Latvija&hellip;\n","protected":false},"author":2,"featured_media":116521,"comment_status":"","ping_status":"","sticky":false,"template":"","format":"standard","meta":{"footnotes":""},"categories":[12],"tags":[1255,23,26927,28,29,454,1249,32,33,22,30,31,35,39,38,36,37,34,40,20,19793,26,27,24,25,240,7715,21],"class_list":{"0":"post-116520","1":"post","2":"type-post","3":"status-publish","4":"format-standard","5":"has-post-thumbnail","7":"category-latvija","8":"tag-ainars-slesers","9":"tag-aktualitates","10":"tag-andris-skele","11":"tag-breaking-news","12":"tag-breakingnews","13":"tag-dailes-teatris","14":"tag-evika-silina","15":"tag-featured-news","16":"tag-featurednews","17":"tag-headlines","18":"tag-latest-news","19":"tag-latestnews","20":"tag-latvia","21":"tag-latvian","22":"tag-latviesu","23":"tag-latviesu-valoda","24":"tag-latviesuvaloda","25":"tag-latvija","26":"tag-lv","27":"tag-news","28":"tag-oligarhi","29":"tag-popularakas-zinas","30":"tag-popularakaszinas","31":"tag-top-stories","32":"tag-topstories","33":"tag-tvnet-viedokli","34":"tag-valdis-zatlers","35":"tag-zinas"},"share_on_mastodon":{"url":"https:\/\/pubeurope.com\/@lv\/115977820840242472","error":""},"_links":{"self":[{"href":"https:\/\/www.europesays.com\/lv\/wp-json\/wp\/v2\/posts\/116520","targetHints":{"allow":["GET"]}}],"collection":[{"href":"https:\/\/www.europesays.com\/lv\/wp-json\/wp\/v2\/posts"}],"about":[{"href":"https:\/\/www.europesays.com\/lv\/wp-json\/wp\/v2\/types\/post"}],"author":[{"embeddable":true,"href":"https:\/\/www.europesays.com\/lv\/wp-json\/wp\/v2\/users\/2"}],"replies":[{"embeddable":true,"href":"https:\/\/www.europesays.com\/lv\/wp-json\/wp\/v2\/comments?post=116520"}],"version-history":[{"count":0,"href":"https:\/\/www.europesays.com\/lv\/wp-json\/wp\/v2\/posts\/116520\/revisions"}],"wp:featuredmedia":[{"embeddable":true,"href":"https:\/\/www.europesays.com\/lv\/wp-json\/wp\/v2\/media\/116521"}],"wp:attachment":[{"href":"https:\/\/www.europesays.com\/lv\/wp-json\/wp\/v2\/media?parent=116520"}],"wp:term":[{"taxonomy":"category","embeddable":true,"href":"https:\/\/www.europesays.com\/lv\/wp-json\/wp\/v2\/categories?post=116520"},{"taxonomy":"post_tag","embeddable":true,"href":"https:\/\/www.europesays.com\/lv\/wp-json\/wp\/v2\/tags?post=116520"}],"curies":[{"name":"wp","href":"https:\/\/api.w.org\/{rel}","templated":true}]}}