{"id":116524,"date":"2026-01-29T10:05:10","date_gmt":"2026-01-29T10:05:10","guid":{"rendered":"https:\/\/www.europesays.com\/lv\/116524\/"},"modified":"2026-01-29T10:05:10","modified_gmt":"2026-01-29T10:05:10","slug":"mana-otra-lauliba-balstijas-tikai-uz-kaisli-una-ulme-atklati-par-treso-viru-un-milestibu-jau-15-gadus-santa","status":"publish","type":"post","link":"https:\/\/www.europesays.com\/lv\/116524\/","title":{"rendered":"\u00abMana otr\u0101 laul\u012bba balst\u012bj\u0101s tikai uz kaisli.\u00bb Una Ulme atkl\u0101ti par tre\u0161o v\u012bru un m\u012blest\u012bbu jau 15 gadus \u2014 Santa"},"content":{"rendered":"<p>\u00abMans v\u012brs Gaitis reiz bija manai draudzenei izteicis v\u0113lmi ar mani iepaz\u012bties. Dev\u0101mies uz vietu, kur Gaitis str\u0101d\u0101ja, ieeju pagalm\u0101 un redzu tur auto ar numura z\u012bmi UU 4! Nodom\u0101ju \u2013 likten\u012bgs sign\u0101ls. God\u012bgi varu teikt: v\u0113l nebiju vi\u0146u ieraudz\u012bjusi, kad zin\u0101ju \u2013 b\u016bs! Tas mirklis bija tik z\u012bm\u012bgs, it k\u0101 k\u0101ds no aug\u0161as man teiktu: tas ir liktenis.<\/p>\n<p>Tolaik Gaitis gatavoj\u0101s pirm\u0101 iDilles veikala atv\u0113r\u0161anai. Ieeju pa durv\u012bm, vi\u0146\u0161, pak\u0101pies uz trep\u0113m, ar kailu torsu kaut ko kr\u0101soja, ieraugu se\u0161paku un t\u012bri sievi\u0161\u0137\u012bgi nodom\u0101ju: o, j\u0101, \u0161is ir \u0146emams! (Smiekli.) To mirkli, kad Gaitis st\u0101v uz trep\u0113m, vienm\u0113r varu atsaukt atmi\u0146\u0101. T\u0101 k\u0101 vi\u0146\u0161 mani jau bija noskat\u012bjis telev\u012bzijas ekr\u0101n\u0101 pirms diviem gadiem, satik\u0161an\u0101s dz\u012bv\u0113 notika \u013coti strauji un likumsakar\u012bgi.<\/p>\n<p>Da\u017eas dienas p\u0113c iepaz\u012b\u0161an\u0101s kop\u0101 aizg\u0101j\u0101m uz parku dubultrandi\u0146\u0101 ar draudzeni un vi\u0146as draugu, p\u0113c tam dev\u0101mies pie Gaita. Nezinu, kas tas bija par impulsu, un tagad, to atceroties, pat asaras ac\u012bs, bet \u2013 vi\u0146\u0161 s\u0113d\u0113ja pie datora, es pieg\u0101ju kl\u0101t un no aizmugures apliku vi\u0146am rokas. Tas bija int\u012bms tuv\u012bbas br\u012bdis, kad pieskaries otram, ir m\u012b\u013cums, siltums, saska\u0146a un piln\u012bgi skaidrs \u2013 ir! Saj\u016bti to cilv\u0113ku.<\/p>\n<p>Pirms satiku Gaiti, biju sev defin\u0113jusi, ko v\u0113los. Ne t\u0101, ka v\u012brieti ar noteiktu acu kr\u0101su un auto marku, bet to, ka gribu mieru un harmoniju, jo t\u0101 man taj\u0101 dz\u012bves period\u0101 \u013coti pietr\u016bka.<\/p>\n<blockquote><p>&#13;<\/p>\n<p>Mana otr\u0101 laul\u012bba balst\u012bj\u0101s tikai uz kaisli. Man bija bail no t\u0101, ka ir kaisle un t\u0101 trak\u0101 saj\u016bta, kad \u0161\u0137iet, visa pasaule sabr\u016bk un eksist\u0113 tikai \u0161is viens cilv\u0113ks.<\/p>\n<p>&#13;\n<\/p><\/blockquote>\n<p>Tik ilgi biju mekl\u0113jusi mieru, ka br\u012bd\u012b, kad apliku Gaitim rokas, fiziski sajutu mieru, man grib\u0113j\u0101s vi\u0146am pie\u0137erties un nelaist va\u013c\u0101.<\/p>\n<p>Da\u017ek\u0101rt run\u0101 par saj\u016btu, kad satiekoties \u0161\u0137iet \u2013 jau sen paz\u012bsti to otru. Ar\u012b mums bija \u0161\u012b saj\u016bta, t\u0101d\u0113\u013c nebija garas cer\u0113\u0161an\u0101s. Bija \u012bss randi\u0146u periods, \u0101tri s\u0101k\u0101m dz\u012bvot kop\u0101. Pag\u0101ju\u0161i piecpadsmit gadi, bet mums joproj\u0101m ir tauri\u0146i v\u0113der\u0101. Sevi\u0161\u0137i, ja viens otru k\u0101du br\u012bdi neesam redz\u0113ju\u0161i, k\u0101 \u0161obr\u012bd, kad es dz\u012bvoju laukos, bet Gaitis vair\u0101k ir R\u012bg\u0101. Satiekamies ned\u0113\u013cas nogal\u0113s, un tas ir br\u012bni\u0161\u0137\u012bgs veids, k\u0101 atsvaidzin\u0101t ikdienas rut\u012bnu. Mums kop\u0101 ir interesanti, mums ir savi joki, ko citi cilv\u0113ki var nesaprast un nodom\u0101t, ka esam juku\u0161i, bet m\u0113s varam smieties par tiem l\u012bdz asar\u0101m.\u00a0<\/p>\n<blockquote><p>&#13;<\/p>\n<p>Man \u0161\u0137iet, liela da\u013ca p\u0101ru iz\u0161\u0137iras t\u0101p\u0113c, ka sievietes, j\u016btot, ka v\u0113las izzin\u0101t un saprast ko vair\u0101k, dodas uz da\u017e\u0101diem retr\u012btiem, kursiem, bet v\u012brietis paliek m\u0101j\u0101s, acis bol\u012bdams.<\/p>\n<p>&#13;\n<\/p><\/blockquote>\n<p>Mums s\u0101kum\u0101 bija otr\u0101di, Gaitis bija tas, kur\u0161 mani aizveda uz pirmaj\u0101m P\u0113tera K\u013cavas lekcij\u0101m, kas man pav\u0113ra jaunus apv\u0101r\u0161\u0146us izpratn\u0113 par to, kas ir dz\u012bve un ko es \u0161eit daru.<\/p>\n<p>Tad bija posms, kad savuk\u0101rt es akt\u012bv\u0101k piev\u0113rsos pa\u0161izaugsmei, bet Gaitis pievilk\u0101s l\u012bdzi, pav\u0113roja un n\u0101ca kop\u0101 ar mani.<\/p>\n<p>Br\u012bd\u012b, kad vienam par\u0101d\u0101s jaunas intereses, bet otrs visp\u0101r nesaprot, par ko runa, kop\u012bg\u0101s vienot\u012bbas saj\u016btas neb\u016bs.<\/p>\n<p>Kop\u0101 ejam uz jogu, sporta z\u0101li, apzinoties, ka \u0137ermeniskais sav\u0101 burv\u012bb\u0101 ar laiku zaud\u0113 noz\u012bm\u012bbu, un jaut\u0101jums \u2013 kas n\u0101ks t\u0101 viet\u0101. Tad vieno dzi\u013cums un tas, ka ir, par ko run\u0101t, stund\u0101m diskut\u0113t. V\u0113l viena no man\u0101m m\u0101c\u012bb\u0101m, ko esmu sapratusi: j\u0101saka m\u012blest\u012bbas v\u0101rdi un j\u016btas ar\u012b j\u0101izr\u0101da. Parasti jau s\u0101kum\u0101 \u010dubin\u0101mies, tad ar laiku to piemirstam. Cen\u0161os to uztur\u0113t un esmu sapratusi, cik tas ir \u013coti noz\u012bm\u012bgi.\u00bb<\/p>\n<p>\u00a0<\/p>\n","protected":false},"excerpt":{"rendered":"\u00abMans v\u012brs Gaitis reiz bija manai draudzenei izteicis v\u0113lmi ar mani iepaz\u012bties. Dev\u0101mies uz vietu, kur Gaitis str\u0101d\u0101ja,&hellip;\n","protected":false},"author":2,"featured_media":116525,"comment_status":"","ping_status":"","sticky":false,"template":"","format":"standard","meta":{"footnotes":""},"categories":[19],"tags":[89,90,35,39,38,36,37,34,40],"class_list":{"0":"post-116524","1":"post","2":"type-post","3":"status-publish","4":"format-standard","5":"has-post-thumbnail","7":"category-izklaide","8":"tag-entertainment","9":"tag-izklaide","10":"tag-latvia","11":"tag-latvian","12":"tag-latviesu","13":"tag-latviesu-valoda","14":"tag-latviesuvaloda","15":"tag-latvija","16":"tag-lv"},"share_on_mastodon":{"url":"https:\/\/pubeurope.com\/@lv\/115977828721078810","error":""},"_links":{"self":[{"href":"https:\/\/www.europesays.com\/lv\/wp-json\/wp\/v2\/posts\/116524","targetHints":{"allow":["GET"]}}],"collection":[{"href":"https:\/\/www.europesays.com\/lv\/wp-json\/wp\/v2\/posts"}],"about":[{"href":"https:\/\/www.europesays.com\/lv\/wp-json\/wp\/v2\/types\/post"}],"author":[{"embeddable":true,"href":"https:\/\/www.europesays.com\/lv\/wp-json\/wp\/v2\/users\/2"}],"replies":[{"embeddable":true,"href":"https:\/\/www.europesays.com\/lv\/wp-json\/wp\/v2\/comments?post=116524"}],"version-history":[{"count":0,"href":"https:\/\/www.europesays.com\/lv\/wp-json\/wp\/v2\/posts\/116524\/revisions"}],"wp:featuredmedia":[{"embeddable":true,"href":"https:\/\/www.europesays.com\/lv\/wp-json\/wp\/v2\/media\/116525"}],"wp:attachment":[{"href":"https:\/\/www.europesays.com\/lv\/wp-json\/wp\/v2\/media?parent=116524"}],"wp:term":[{"taxonomy":"category","embeddable":true,"href":"https:\/\/www.europesays.com\/lv\/wp-json\/wp\/v2\/categories?post=116524"},{"taxonomy":"post_tag","embeddable":true,"href":"https:\/\/www.europesays.com\/lv\/wp-json\/wp\/v2\/tags?post=116524"}],"curies":[{"name":"wp","href":"https:\/\/api.w.org\/{rel}","templated":true}]}}