{"id":116529,"date":"2026-01-29T10:09:04","date_gmt":"2026-01-29T10:09:04","guid":{"rendered":"https:\/\/www.europesays.com\/lv\/116529\/"},"modified":"2026-01-29T10:09:04","modified_gmt":"2026-01-29T10:09:04","slug":"foto-tuvakajam-naktim-dzeltenais-bridinajums-bargas-prognozes-grasas-piepildities-februaris-bus-svelosi-auksts","status":"publish","type":"post","link":"https:\/\/www.europesays.com\/lv\/116529\/","title":{"rendered":"FOTO. Tuv\u0101kaj\u0101m nakt\u012bm \u2013 dzeltenais br\u012bdin\u0101jums! Barg\u0101s prognozes gras\u0101s piepild\u012bties; febru\u0101ris b\u016bs svelo\u0161i auksts"},"content":{"rendered":"<p>                                    <img decoding=\"async\" src=\"https:\/\/www.europesays.com\/lv\/wp-content\/uploads\/2026\/01\/pexels-haugsveenphoto-1937616-1024x768.jpg\" style=\"display:none\" loading=\"lazy\"\/><\/p>\n<p>            Ogres Zilie kalni<\/p>\n<p>11:02, 29. janv\u0101ris 2026<\/p>\n<p> Latvijas, vides, \u0123eolo\u0123ijas un meteorolo\u0123ijas centrs (LV\u0122MC) izplat\u012bjis dzelten\u0101s pak\u0101pes br\u012bdin\u0101jumu par stipru salu nakt\u012b uz piektdienu. Sinopti\u0137i br\u012bdina, ka nakt\u012b uz piektdienu un piektdienas r\u012bt\u0101 stiprs sals gaid\u0101ms Latvijas centr\u0101lajos un austrumu rajonos.<\/p>\n<p>        Las\u012bt\u0101kie<br \/>\n        <a data-imagesrc=\"{&quot;300&quot;:&quot;https:\\\/\\\/lastatic.ams3.cdn.digitaloceanspaces.com\\\/2024\\\/07\\\/fi_c0miksaq-300x200.jpg&quot;,&quot;1024&quot;:&quot;https:\\\/\\\/lastatic.ams3.cdn.digitaloceanspaces.com\\\/2024\\\/07\\\/fi_c0miksaq-1024x683.jpg&quot;,&quot;768&quot;:&quot;https:\\\/\\\/lastatic.ams3.cdn.digitaloceanspaces.com\\\/2024\\\/07\\\/fi_c0miksaq-768x512.jpg&quot;,&quot;1536&quot;:&quot;https:\\\/\\\/lastatic.ams3.cdn.digitaloceanspaces.com\\\/2024\\\/07\\\/fi_c0miksaq-1536x1024.jpg&quot;,&quot;2048&quot;:&quot;https:\\\/\\\/lastatic.ams3.cdn.digitaloceanspaces.com\\\/2024\\\/07\\\/fi_c0miksaq-2048x1365.jpg&quot;,&quot;200&quot;:&quot;https:\\\/\\\/lastatic.ams3.cdn.digitaloceanspaces.com\\\/2024\\\/07\\\/fi_c0miksaq-200x133.jpg&quot;,&quot;400&quot;:&quot;https:\\\/\\\/lastatic.ams3.cdn.digitaloceanspaces.com\\\/2024\\\/07\\\/fi_c0miksaq-400x267.jpg&quot;,&quot;500&quot;:&quot;https:\\\/\\\/lastatic.ams3.cdn.digitaloceanspaces.com\\\/2024\\\/07\\\/fi_c0miksaq-500x333.jpg&quot;,&quot;800&quot;:&quot;https:\\\/\\\/lastatic.ams3.cdn.digitaloceanspaces.com\\\/2024\\\/07\\\/fi_c0miksaq-800x533.jpg&quot;,&quot;1000&quot;:&quot;https:\\\/\\\/lastatic.ams3.cdn.digitaloceanspaces.com\\\/2024\\\/07\\\/fi_c0miksaq-1000x667.jpg&quot;,&quot;2560&quot;:&quot;https:\\\/\\\/lastatic.ams3.cdn.digitaloceanspaces.com\\\/2024\\\/07\\\/fi_c0miksaq-scaled.jpg&quot;}\" data-focuspoint=\"&quot;&quot;\" data-p=\"2500900\" href=\"https:\/\/www.la.lv\/un-es-nejokoju-opozicionars-atklaj-negaiditu-versiju-par-putina-pecteci\" class=\"content-item lazy-load\" wp_automatic_readability=\"26\" rel=\"nofollow noopener\" target=\"_blank\"><\/p>\n<p>                                <img decoding=\"async\" src=\"\" alt=\"\" style=\"\" data-imageid=\"\"\/><\/p>\n<p>                                            \u201cUn es nejokoju!\u201d Opozicion\u0101rs atkl\u0101j negaid\u012btu versiju par Putina p\u0113cteci\n                            <\/p>\n<p><\/a><a data-imagesrc=\"{&quot;300&quot;:&quot;https:\\\/\\\/lastatic.ams3.cdn.digitaloceanspaces.com\\\/2019\\\/06\\\/attractive-beautiful-cheerful-15366191-300x200.jpg&quot;,&quot;768&quot;:&quot;https:\\\/\\\/lastatic.ams3.cdn.digitaloceanspaces.com\\\/2019\\\/06\\\/attractive-beautiful-cheerful-15366191-768x512.jpg&quot;,&quot;200&quot;:&quot;https:\\\/\\\/lastatic.ams3.cdn.digitaloceanspaces.com\\\/2019\\\/06\\\/attractive-beautiful-cheerful-15366191-200x133.jpg&quot;,&quot;400&quot;:&quot;https:\\\/\\\/lastatic.ams3.cdn.digitaloceanspaces.com\\\/2019\\\/06\\\/attractive-beautiful-cheerful-15366191-400x267.jpg&quot;,&quot;500&quot;:&quot;https:\\\/\\\/lastatic.ams3.cdn.digitaloceanspaces.com\\\/2019\\\/06\\\/attractive-beautiful-cheerful-15366191-500x333.jpg&quot;,&quot;800&quot;:&quot;https:\\\/\\\/lastatic.ams3.cdn.digitaloceanspaces.com\\\/2019\\\/06\\\/attractive-beautiful-cheerful-15366191-800x533.jpg&quot;,&quot;900&quot;:&quot;https:\\\/\\\/lastatic.ams3.cdn.digitaloceanspaces.com\\\/2019\\\/06\\\/attractive-beautiful-cheerful-15366191.jpg&quot;}\" data-focuspoint=\"&quot;&quot;\" data-p=\"2501980\" href=\"https:\/\/www.la.lv\/janvari-dzimusos-vislabak-raksturo-vards-speks-bet-marta-lidzjutiba-luk-ko-par-jums-atklaj-jusu-dzimsanas-menesis\" class=\"content-item lazy-load\" wp_automatic_readability=\"27.5\" rel=\"nofollow noopener\" target=\"_blank\"><\/p>\n<p>                                <img decoding=\"async\" src=\"\" alt=\"\" style=\"\" data-imageid=\"\"\/><\/p>\n<p>                                Kokteilis<\/p>\n<p>\n                                                Janv\u0101r\u012b dzimu\u0161os vislab\u0101k raksturo v\u0101rds \u201csp\u0113ks\u201d, bet mart\u0101 \u2013 \u201cl\u012bdzj\u016bt\u012bba\u201d. L\u016bk, ko par jums atkl\u0101j j\u016bsu dzim\u0161anas m\u0113nesis\n                            <\/p>\n<p><\/a><a data-imagesrc=\"{&quot;300&quot;:&quot;https:\\\/\\\/lastatic.ams3.cdn.digitaloceanspaces.com\\\/2025\\\/12\\\/afp_88np7kh-300x216.jpg&quot;,&quot;1024&quot;:&quot;https:\\\/\\\/lastatic.ams3.cdn.digitaloceanspaces.com\\\/2025\\\/12\\\/afp_88np7kh-1024x738.jpg&quot;,&quot;1536&quot;:&quot;https:\\\/\\\/lastatic.ams3.cdn.digitaloceanspaces.com\\\/2025\\\/12\\\/afp_88np7kh-1536x1107.jpg&quot;,&quot;500&quot;:&quot;https:\\\/\\\/lastatic.ams3.cdn.digitaloceanspaces.com\\\/2025\\\/12\\\/afp_88np7kh-500x360.jpg&quot;,&quot;800&quot;:&quot;https:\\\/\\\/lastatic.ams3.cdn.digitaloceanspaces.com\\\/2025\\\/12\\\/afp_88np7kh-800x577.jpg&quot;,&quot;2560&quot;:&quot;https:\\\/\\\/lastatic.ams3.cdn.digitaloceanspaces.com\\\/2025\\\/12\\\/afp_88np7kh-scaled.jpg&quot;}\" data-focuspoint=\"&quot;&quot;\" data-p=\"2501733\" href=\"https:\/\/www.la.lv\/krievija-briest-parmainas-eksperts-atklaj-visticamako-putina-beigu-scenariju-un-ta-nav-gasana-no-amata\" class=\"content-item lazy-load\" wp_automatic_readability=\"27\" rel=\"nofollow noopener\" target=\"_blank\"><\/p>\n<p>                                <img decoding=\"async\" src=\"\" alt=\"\" style=\"\" data-imageid=\"\"\/><\/p>\n<p>\n                                                Krievij\u0101 briest p\u0101rmai\u0146as: eksperts atkl\u0101j visticam\u0101ko Putina beigu scen\u0101riju, un t\u0101 nav g\u0101\u0161ana no amata\n                            <\/p>\n<p><\/a><br \/>\n        <a class=\"read-more\" href=\"https:\/\/www.la.lv\/top\" rel=\"nofollow noopener\" target=\"_blank\">Las\u012bt citas zi\u0146as<\/a><\/p>\n<p>Gaisa temperat\u016bra pazemin\u0101sies l\u012bdz m\u012bnus 20, m\u012bnus 24 gr\u0101diem. K\u0101 zi\u0146ots, ar\u012b turpm\u0101k\u0101s dienas Latvij\u0101 gaid\u0101mas aukstas. Nakt\u012b uz sestdienu gaisa temperat\u016bra var pazemin\u0101ties l\u012bdz m\u012bnus 27 gr\u0101diem, bet nakt\u012b uz sv\u0113tdienu \u2013 l\u012bdz m\u012bnus 29 gr\u0101diem.<\/p>\n<p>Febru\u0101ris b\u016bs aukst\u0101ks par normu<\/p>\n<p>Lai gan febru\u0101r\u012b da\u017ebr\u012bd iesp\u0113jams neliels atkusnis, m\u0113nesis kopum\u0101 gaid\u0101ms vair\u0101kus gr\u0101dus aukst\u0101ks nek\u0101 ierasts, liecina prognozes. Saska\u0146\u0101 ar pa\u0161reiz\u0113jiem Eiropas Vid\u0113ja termi\u0146a laika progno\u017eu centra datiem febru\u0101ra pirm\u0101 ned\u0113\u013ca Latvij\u0101 gaid\u0101ma asto\u0146us gr\u0101dus aukst\u0101ka par normu,<\/p>\n<p>    CITI \u0160OBR\u012aD LASA<\/p>\n<blockquote><p> otr\u0101 ned\u0113\u013ca var\u0113tu b\u016bt piecus gr\u0101dus dzestr\u0101ka nek\u0101 vid\u0113ji 1991. \u2013 2020. gad\u0101,<\/p><\/blockquote>\n<p> savuk\u0101rt m\u0113ne\u0161a otr\u0101 puse prognoz\u0113ta aptuveni divus gr\u0101dus v\u0113s\u0101ka nek\u0101 parasti. L\u012bdz ar to m\u0113ne\u0161a vid\u0113j\u0101 gaisa temperat\u016bra prognoz\u0113ta \u010detrus gr\u0101dus zem normas.<\/p>\n<p>Nokri\u0161\u0146u m\u0113ne\u0161a s\u0101kum\u0101 b\u016bs pavisam maz, to varb\u016bt\u012bba pieaugs no 5. febru\u0101ra, turkl\u0101t iesp\u0113jams ne tikai sniegs, bet ar\u012b sasalsto\u0161s lietus. T\u0101pat iesp\u0113jama v\u0113ja pastiprin\u0101\u0161an\u0101s un putenis.<\/p>\n<blockquote><p>Febru\u0101ra pirmaj\u0101s trij\u0101s nakt\u012bs gaisa temperat\u016bra viet\u0101m var sasniegt -30 gr\u0101dus,<\/p><\/blockquote>\n<p> turpm\u0101kaj\u0101s diennakt\u012bs sals mazin\u0101sies, bet m\u0113ne\u0161a gait\u0101 iesp\u0113jami vair\u0101ki jauni aukstuma vi\u013c\u0146i.<\/p>\n<p>Ilgtermi\u0146a prognozes bie\u017ei nepiepild\u0101s. Decembr\u012b public\u0113t\u0101s Eiropas Vid\u0113ja termi\u0146a laika progno\u017eu centra sezon\u0101l\u0101s prognozes liecin\u0101ja, ka janv\u0101ris un febru\u0101ris Latvij\u0101 un citviet Eirop\u0101 gaid\u0101ms silt\u0101ks par normu.<\/p>\n<p>            Sl\u0113po\u0161anas trase Uzvaras park\u0101<\/p>\n<p>            Bi\u0137ernieku sl\u0113po\u0161anas trase<\/p>\n<p>            Slidotava Esplan\u0101d\u0113<\/p>\n<p>T\u0113mas<\/p>\n<p>    SAIST\u012aTIE RAKSTI<\/p>\n","protected":false},"excerpt":{"rendered":"Ogres Zilie kalni 11:02, 29. janv\u0101ris 2026 Latvijas, vides, \u0123eolo\u0123ijas un meteorolo\u0123ijas centrs (LV\u0122MC) izplat\u012bjis dzelten\u0101s pak\u0101pes br\u012bdin\u0101jumu&hellip;\n","protected":false},"author":2,"featured_media":116530,"comment_status":"","ping_status":"","sticky":false,"template":"","format":"standard","meta":{"footnotes":""},"categories":[12],"tags":[23,28,29,32,33,22,30,31,35,39,38,36,37,34,40,20,26,27,24,25,21],"class_list":{"0":"post-116529","1":"post","2":"type-post","3":"status-publish","4":"format-standard","5":"has-post-thumbnail","7":"category-latvija","8":"tag-aktualitates","9":"tag-breaking-news","10":"tag-breakingnews","11":"tag-featured-news","12":"tag-featurednews","13":"tag-headlines","14":"tag-latest-news","15":"tag-latestnews","16":"tag-latvia","17":"tag-latvian","18":"tag-latviesu","19":"tag-latviesu-valoda","20":"tag-latviesuvaloda","21":"tag-latvija","22":"tag-lv","23":"tag-news","24":"tag-popularakas-zinas","25":"tag-popularakaszinas","26":"tag-top-stories","27":"tag-topstories","28":"tag-zinas"},"share_on_mastodon":{"url":"https:\/\/pubeurope.com\/@lv\/115977844378470352","error":""},"_links":{"self":[{"href":"https:\/\/www.europesays.com\/lv\/wp-json\/wp\/v2\/posts\/116529","targetHints":{"allow":["GET"]}}],"collection":[{"href":"https:\/\/www.europesays.com\/lv\/wp-json\/wp\/v2\/posts"}],"about":[{"href":"https:\/\/www.europesays.com\/lv\/wp-json\/wp\/v2\/types\/post"}],"author":[{"embeddable":true,"href":"https:\/\/www.europesays.com\/lv\/wp-json\/wp\/v2\/users\/2"}],"replies":[{"embeddable":true,"href":"https:\/\/www.europesays.com\/lv\/wp-json\/wp\/v2\/comments?post=116529"}],"version-history":[{"count":0,"href":"https:\/\/www.europesays.com\/lv\/wp-json\/wp\/v2\/posts\/116529\/revisions"}],"wp:featuredmedia":[{"embeddable":true,"href":"https:\/\/www.europesays.com\/lv\/wp-json\/wp\/v2\/media\/116530"}],"wp:attachment":[{"href":"https:\/\/www.europesays.com\/lv\/wp-json\/wp\/v2\/media?parent=116529"}],"wp:term":[{"taxonomy":"category","embeddable":true,"href":"https:\/\/www.europesays.com\/lv\/wp-json\/wp\/v2\/categories?post=116529"},{"taxonomy":"post_tag","embeddable":true,"href":"https:\/\/www.europesays.com\/lv\/wp-json\/wp\/v2\/tags?post=116529"}],"curies":[{"name":"wp","href":"https:\/\/api.w.org\/{rel}","templated":true}]}}