{"id":116531,"date":"2026-01-29T10:10:06","date_gmt":"2026-01-29T10:10:06","guid":{"rendered":"https:\/\/www.europesays.com\/lv\/116531\/"},"modified":"2026-01-29T10:10:06","modified_gmt":"2026-01-29T10:10:06","slug":"virsdirigenti-partrauc-lidzdalibu-paula-radito-dziesmu-svetkos-diena","status":"publish","type":"post","link":"https:\/\/www.europesays.com\/lv\/116531\/","title":{"rendered":"Virsdiri\u0123enti p\u0101rtrauc l\u012bdzdal\u012bbu Paula rad\u012bto dziesmu sv\u0113tkos \/ Diena"},"content":{"rendered":"<p>Vienlaikus koru virsdiri\u0123enti nor\u0101da, ka, respekt\u0113jot dzied\u0101t\u0101ju v\u0113lmi, \u0161\u012b gada koncertprogramm\u0101s tiks iek\u013cautas Paula kordziesmas, godinot komponistu vi\u0146a 90. jubilej\u0101.<\/p>\n<p>&#13;<br \/>\n&#13;<\/p>\n<p>T\u0101pat virsdiri\u0123enti aicina Ministru kabinetu, Kult\u016bras ministriju un R\u012bgas domi rast iesp\u0113ju noorganiz\u0113t dziesmu sv\u0113tku kopkora lielkoncertu, lai nodro\u0161in\u0101tu dziesmu sv\u0113tku procesa un koru darb\u012bbas nep\u0101rtraukt\u012bbu.<\/p>\n<p>&#13;<br \/>\n&#13;<\/p>\n<p>A\u0123ent\u016brai LETA pagaid\u0101m nav izdevies sazin\u0101ties ar koncerta r\u012bkot\u0101jiem.<\/p>\n<p>&#13;<br \/>\n&#13;<\/p>\n<p>Jau rakst\u012bts, ka pas\u0101kuma r\u012bkot\u0101ji l\u0113mu\u0161i main\u012bt dziesmu sv\u0113tku Manai dzimtenei nosaukumu, taj\u0101 vairs neiek\u013caujot maestro v\u0101rdu. S\u0101kotn\u0113ji pas\u0101kuma nosaukums bija Raimonda Paula dziesmu sv\u0113tki Manai dzimtenei.<\/p>\n<p>&#13;<br \/>\n&#13;<\/p>\n<p>K\u0101 a\u0123ent\u016brai LETA atzina koncerta m\u0101kslinieciskais vad\u012bt\u0101js, komponists J\u0101nis \u0136irsis, tas dar\u012bts saist\u012bb\u0101 ar Paula publiski pausto skepsi par sv\u0113tku norisi. Vienlaikus pas\u0101kuma saturs, iecere un m\u0101ksliniecisk\u0101 koncepcija paliekot nemain\u012bga.<\/p>\n<p>&#13;<br \/>\n&#13;<\/p>\n<p>\u0160\u012bs ned\u0113\u013cas s\u0101kum\u0101 komponista sabiedrisko attiec\u012bbu p\u0101rst\u0101vji pazi\u0146oja, ka maestro atk\u0101rtoti norobe\u017eojas no vi\u0146a v\u0101rd\u0101 reiz d\u0113v\u0113t\u0101 koru koncerta un ir v\u0113rsies pie advok\u0101ta. Pauls atk\u0101rtoti uzsv\u0113ra, ka nekad nav devis piekri\u0161anu sava v\u0101rda, uzv\u0101rda, att\u0113lu vai pre\u010du z\u012bmes izmanto\u0161anai \u0161aj\u0101 projekt\u0101.<\/p>\n<p>&#13;<br \/>\n&#13;<\/p>\n<p>Koncerta Manai dzimtenei norise pl\u0101nota 2026. gada 11. j\u016blij\u0101 Me\u017eaparka Sidraba birz\u012b k\u0101 velt\u012bjums Paula 90 gadu jubilejai. Dal\u012bbai koncert\u0101 l\u012bdz \u0161im pieteiku\u0161ies vair\u0101k nek\u0101 13 000 dzied\u0101t\u0101ju no Latvijas un diasporas.<\/p>\n<p>&#13;<\/p>\n","protected":false},"excerpt":{"rendered":"Vienlaikus koru virsdiri\u0123enti nor\u0101da, ka, respekt\u0113jot dzied\u0101t\u0101ju v\u0113lmi, \u0161\u012b gada koncertprogramm\u0101s tiks iek\u013cautas Paula kordziesmas, godinot komponistu vi\u0146a&hellip;\n","protected":false},"author":2,"featured_media":116532,"comment_status":"","ping_status":"","sticky":false,"template":"","format":"standard","meta":{"footnotes":""},"categories":[5],"tags":[23,28,29,32,33,22,30,31,35,39,38,36,37,34,40,20,26,27,24,25,21],"class_list":{"0":"post-116531","1":"post","2":"type-post","3":"status-publish","4":"format-standard","5":"has-post-thumbnail","7":"category-aktualitates","8":"tag-aktualitates","9":"tag-breaking-news","10":"tag-breakingnews","11":"tag-featured-news","12":"tag-featurednews","13":"tag-headlines","14":"tag-latest-news","15":"tag-latestnews","16":"tag-latvia","17":"tag-latvian","18":"tag-latviesu","19":"tag-latviesu-valoda","20":"tag-latviesuvaloda","21":"tag-latvija","22":"tag-lv","23":"tag-news","24":"tag-popularakas-zinas","25":"tag-popularakaszinas","26":"tag-top-stories","27":"tag-topstories","28":"tag-zinas"},"share_on_mastodon":{"url":"https:\/\/pubeurope.com\/@lv\/115977848285763373","error":""},"_links":{"self":[{"href":"https:\/\/www.europesays.com\/lv\/wp-json\/wp\/v2\/posts\/116531","targetHints":{"allow":["GET"]}}],"collection":[{"href":"https:\/\/www.europesays.com\/lv\/wp-json\/wp\/v2\/posts"}],"about":[{"href":"https:\/\/www.europesays.com\/lv\/wp-json\/wp\/v2\/types\/post"}],"author":[{"embeddable":true,"href":"https:\/\/www.europesays.com\/lv\/wp-json\/wp\/v2\/users\/2"}],"replies":[{"embeddable":true,"href":"https:\/\/www.europesays.com\/lv\/wp-json\/wp\/v2\/comments?post=116531"}],"version-history":[{"count":0,"href":"https:\/\/www.europesays.com\/lv\/wp-json\/wp\/v2\/posts\/116531\/revisions"}],"wp:featuredmedia":[{"embeddable":true,"href":"https:\/\/www.europesays.com\/lv\/wp-json\/wp\/v2\/media\/116532"}],"wp:attachment":[{"href":"https:\/\/www.europesays.com\/lv\/wp-json\/wp\/v2\/media?parent=116531"}],"wp:term":[{"taxonomy":"category","embeddable":true,"href":"https:\/\/www.europesays.com\/lv\/wp-json\/wp\/v2\/categories?post=116531"},{"taxonomy":"post_tag","embeddable":true,"href":"https:\/\/www.europesays.com\/lv\/wp-json\/wp\/v2\/tags?post=116531"}],"curies":[{"name":"wp","href":"https:\/\/api.w.org\/{rel}","templated":true}]}}