{"id":116533,"date":"2026-01-29T10:12:07","date_gmt":"2026-01-29T10:12:07","guid":{"rendered":"https:\/\/www.europesays.com\/lv\/116533\/"},"modified":"2026-01-29T10:12:07","modified_gmt":"2026-01-29T10:12:07","slug":"nhl-ir-galasmasina-es-to-pienemu-ka-izaicinajumu-hokejs-sportacentrs-com","status":"publish","type":"post","link":"https:\/\/www.europesays.com\/lv\/116533\/","title":{"rendered":"&#8220;NHL ir ga\u013casma\u0161\u012bna. Es to pie\u0146\u0113mu k\u0101 izaicin\u0101jumu&#8221; \u2013 Hokejs \u2013 Sportacentrs.com"},"content":{"rendered":"<p>Merz\u013cikina p\u0101rst\u0101v\u0113t\u0101 komanda Kolumbusas &#8220;Blue Jackets&#8221; nesen nomain\u012bja galveno treneri, un tas novedis pie pan\u0101kumu s\u0113rijas, komandai uzvarot septi\u0146\u0101s no asto\u0146\u0101m iepriek\u0161\u0113j\u0101m sp\u0113l\u0113m. Pie liel\u0101ka sp\u0113les laika tiek ar\u012b Merz\u013cikins, kur\u0161 \u0161onakt pal\u012bdz\u0113ja ar 5:3 p\u0101rsp\u0113t Filadelfijas &#8220;Flyers&#8221;.<\/p>\n<p>Intervij\u0101 LTV Merz\u013cikins atzina, ka decembris un janv\u0101ra s\u0101kums bijis ment\u0101li sare\u017e\u0123\u012bts, jo iepriek\u0161\u0113jais galvenais treneris bie\u017ei atst\u0101jis vi\u0146u rezerv\u0113, un vi\u0146\u0161 uzsv\u0113ra, ka \u013coti svar\u012bgs bijis sievas atbalsts.<\/p>\n<p>&#8220;Vienk\u0101r\u0161i t\u0101da t\u0101 dz\u012bve NHL ir. T\u0101 ir ga\u013casma\u0161\u012bna,&#8221; uzsv\u0113ra Merz\u013cikins. &#8220;Ja neesi stingrs ment\u0101li, tu vienk\u0101r\u0161i padosies. Es to pie\u0146\u0113mu k\u0101 izaicin\u0101jumu, zin\u0101ju, ka man b\u016bs iesp\u0113ja. Gribu ar\u012b pats sev pier\u0101d\u012bt, ka varu un varu izdar\u012bt \u013coti labi.&#8221;<\/p>\n<p>Neskatoties uz konkurenci par sp\u0113les laiku, Merz\u013cikins esot \u013coti lab\u0101s attiec\u012bb\u0101s ar Kolumbusas otru v\u0101rtsargu D\u017eetu Gr\u012bvzu: &#8220;Vi\u0146\u0161 ir jaun\u0101ks, es jau j\u016btos vec\u0101ks. Gadi iet uz priek\u0161u, un gribas st\u0101v\u0113t v\u0101rtos, gribas ar\u012b palikt l\u012bg\u0101. Ir j\u0101c\u012bn\u0101s, ir j\u0101tren\u0113jas un j\u0101b\u016bt gatavam. Kad tava \u0161anse izn\u0101k, t\u0101 ar\u012b j\u0101izmanto,&#8221; sac\u012bja Merz\u013cikins.<\/p>\n<p>Kam\u0113r Kolumbusa turpina c\u012b\u0146u par vietu izsl\u0113g\u0161anas sp\u0113l\u0113s, par kur\u0101m Merz\u013cikins nor\u0101d\u012bja, ka t\u0101s ir re\u0101li sasniedzams m\u0113r\u0137is, Latvijas v\u0101rtsargs ar\u012b gatavojas sav\u0101m pirmaj\u0101m olimpiskaj\u0101m sp\u0113l\u0113m: &#8220;Zinu, ka man tur b\u016bs iesp\u0113ja sp\u0113l\u0113t, un es gribu to izdar\u012bt p\u0113c iesp\u0113jas lab\u0101k. Ir j\u0101b\u016bt gatavam, neb\u016bs viegli. Amerik\u0101\u0146iem, kan\u0101die\u0161iem, zviedriem un visiem p\u0101r\u0113jiem sast\u0101vi ir&#8230; tie\u0161\u0101m \u013coti nopietni cilv\u0113ki tur sp\u0113l\u0113s. \u0160im turn\u012bram esmu gatavs.&#8221;<\/p>\n<p>Izmantotie resursi:<br \/><a target=\"_blank\" href=\"https:\/\/www.lsm.lv\/raksts\/sports\/hokejs\/29.01.2026-nhl-uzticibu-atguvusais-merzlikins-esmu-gatavs-olimpiskajam-turniram-un-zinu-man-bus-iespeja.a632131\/\" rel=\"nofollow noopener\">https:\/\/www.lsm.lv\/raksts\/sports\/ho&#8230;<\/a><\/p>\n","protected":false},"excerpt":{"rendered":"Merz\u013cikina p\u0101rst\u0101v\u0113t\u0101 komanda Kolumbusas &#8220;Blue Jackets&#8221; nesen nomain\u012bja galveno treneri, un tas novedis pie pan\u0101kumu s\u0113rijas, komandai uzvarot&hellip;\n","protected":false},"author":2,"featured_media":105790,"comment_status":"","ping_status":"","sticky":false,"template":"","format":"standard","meta":{"footnotes":""},"categories":[17],"tags":[394,35,39,38,36,37,34,40,67],"class_list":{"0":"post-116533","1":"post","2":"type-post","3":"status-publish","4":"format-standard","5":"has-post-thumbnail","7":"category-sports","8":"tag-hokejs","9":"tag-latvia","10":"tag-latvian","11":"tag-latviesu","12":"tag-latviesu-valoda","13":"tag-latviesuvaloda","14":"tag-latvija","15":"tag-lv","16":"tag-sports"},"share_on_mastodon":{"url":"https:\/\/pubeurope.com\/@lv\/115977856156786507","error":""},"_links":{"self":[{"href":"https:\/\/www.europesays.com\/lv\/wp-json\/wp\/v2\/posts\/116533","targetHints":{"allow":["GET"]}}],"collection":[{"href":"https:\/\/www.europesays.com\/lv\/wp-json\/wp\/v2\/posts"}],"about":[{"href":"https:\/\/www.europesays.com\/lv\/wp-json\/wp\/v2\/types\/post"}],"author":[{"embeddable":true,"href":"https:\/\/www.europesays.com\/lv\/wp-json\/wp\/v2\/users\/2"}],"replies":[{"embeddable":true,"href":"https:\/\/www.europesays.com\/lv\/wp-json\/wp\/v2\/comments?post=116533"}],"version-history":[{"count":0,"href":"https:\/\/www.europesays.com\/lv\/wp-json\/wp\/v2\/posts\/116533\/revisions"}],"wp:featuredmedia":[{"embeddable":true,"href":"https:\/\/www.europesays.com\/lv\/wp-json\/wp\/v2\/media\/105790"}],"wp:attachment":[{"href":"https:\/\/www.europesays.com\/lv\/wp-json\/wp\/v2\/media?parent=116533"}],"wp:term":[{"taxonomy":"category","embeddable":true,"href":"https:\/\/www.europesays.com\/lv\/wp-json\/wp\/v2\/categories?post=116533"},{"taxonomy":"post_tag","embeddable":true,"href":"https:\/\/www.europesays.com\/lv\/wp-json\/wp\/v2\/tags?post=116533"}],"curies":[{"name":"wp","href":"https:\/\/api.w.org\/{rel}","templated":true}]}}