{"id":116536,"date":"2026-01-29T10:15:10","date_gmt":"2026-01-29T10:15:10","guid":{"rendered":"https:\/\/www.europesays.com\/lv\/116536\/"},"modified":"2026-01-29T10:15:10","modified_gmt":"2026-01-29T10:15:10","slug":"nevaram-turpinat-uzturet-fragmentetu-slimnicu-sistemu-situacija-kad-trukst-mediku-rekurzeme-lv-2","status":"publish","type":"post","link":"https:\/\/www.europesays.com\/lv\/116536\/","title":{"rendered":"Nevaram turpin\u0101t uztur\u0113t fragment\u0113tu slimn\u012bcu sist\u0113mu situ\u0101cij\u0101, kad tr\u016bkst medi\u0137u \u2013 ReKurZeme.lv"},"content":{"rendered":"<p><img fetchpriority=\"high\" decoding=\"async\" width=\"1024\" height=\"680\" src=\"https:\/\/www.europesays.com\/lv\/wp-content\/uploads\/2026\/01\/nc96-1024x680.jpg\" alt=\"\" class=\"wp-image-134119\"  \/>Vesel\u012bbas ministrs Hosams Abu Meri. Foto \u2013 LETA, Lita Millere<\/p>\n<p>Slimn\u012bcu t\u012bkla sak\u0101rto\u0161ana nav izv\u0113le, bet gan nepiecie\u0161am\u012bba, jo j\u0101saprot, ka nevar turpin\u0101t uztur\u0113t fragment\u0113tu slimn\u012bcu sist\u0113mu situ\u0101cij\u0101, kad valst\u012b tr\u016bkst medi\u0137u, uzsver vesel\u012bbas ministrs Hosams Abu Meri (JV).<\/p>\n<p>Saturs turpin\u0101sies p\u0113c rekl\u0101mas.<\/p>\n<p>Saturs turpin\u0101sies p\u0113c rekl\u0101mas.<\/p>\n<p>K\u0101 a\u0123ent\u016bru LETA inform\u0113ja Vesel\u012bbas ministrij\u0101 (VM), Abu Meri ieskat\u0101 finans\u0113jums viens pats nenodro\u0161ina pakalpojumu pieejam\u012bbu, ja tr\u016bkst \u0101rstu un m\u0101su.<\/p>\n<p>\u201cPapildu finans\u0113jums neatliekamaj\u0101m noda\u013c\u0101m jau skaidri par\u0101d\u012bjis, ka ar naudu vien nepietiek,\u201d nor\u0101da ministrs. T\u0101p\u0113c, vi\u0146apr\u0101t, slimn\u012bcu pakalpojumi ir j\u0101organiz\u0113 \u201cgudri un atbild\u012bgi, koncentr\u0113jot person\u0101lu un kompetences\u201d. Latvij\u0101, \u012bpa\u0161i re\u0123ionos un pierobe\u017e\u0101, cilv\u0113kresursi ir ierobe\u017eoti, un tie j\u0101koncentr\u0113, lai nodro\u0161in\u0101tu kvalitat\u012bvu un dro\u0161u \u0101rst\u0113\u0161anu, tie\u0161i t\u0101p\u0113c p\u0101reja uz tr\u012bs l\u012bme\u0146u slimn\u012bcu modeli ir neizb\u0113gama, uzskata Abu Meri.<\/p>\n<p>Ministrs atg\u0101dina, ka slimn\u012bcu t\u012bkla p\u0101rskat\u012b\u0161anas m\u0113r\u0137is ir tuv\u0101k cilv\u0113ku dz\u012bvesvietai saglab\u0101t neatliekamo pal\u012bdz\u012bbu un terapiju, bet sare\u017e\u0123\u012btu apr\u016bpi koncentr\u0113t re\u0123ion\u0101laj\u0101s un daudzprofilu slimn\u012bc\u0101s. Abu Meri uzsver, ka slimn\u012bcu t\u012bkla p\u0101rmai\u0146u centr\u0101 ir cilv\u0113ks un m\u0113r\u0137is ir neatkar\u012bgi no dz\u012bvesvietas nodro\u0161in\u0101t \u0101tras un kvalitat\u012bvas pal\u012bdz\u012bbas sa\u0146em\u0161anu.<\/p>\n<p>Saturs turpin\u0101sies p\u0113c rekl\u0101mas.<\/p>\n<p>K\u0101 v\u0113st\u012bts, vesel\u012bbas ministrs \u0161odien un r\u012bt Latgales re\u0123ion\u0101 kl\u0101tien\u0113 tiksies ar \u0101rstniec\u012bbas iest\u0101\u017eu vad\u012bbu un person\u0101lu, lai uzklaus\u012btu slimn\u012bc\u0101m aktu\u0101los jaut\u0101jumus, kas saist\u012bti ar slimn\u012bcu att\u012bst\u012bbas pl\u0101na ievie\u0161anu, a\u0123ent\u016bru LETA inform\u0113ja VM p\u0101rst\u0101vis Oskars \u0160neiders.<\/p>\n<p>Ministrs apmekl\u0113s Ludzas medic\u012bnas centru, piedal\u012bsies Indras Neatliekam\u0101s medic\u012bnisk\u0101s pal\u012bdz\u012bbas dienesta (NMPD) punkta atkl\u0101\u0161an\u0101, k\u0101 ar\u012b viesosies Kr\u0101slavas, Prei\u013cu un L\u012bv\u0101nu slimn\u012bc\u0101s.<\/p>\n<p>Tik\u0161an\u0101s laik\u0101 pl\u0101nots p\u0101rrun\u0101t nozares aktu\u0101l\u0101s probl\u0113mas, inform\u0113t par \u0161\u012b gada vesel\u012bbas apr\u016bpes priorit\u0101t\u0113m un apspriest slimn\u012bcu finans\u0113jumu \u0161im gadam.<\/p>\n<p>Saturs turpin\u0101sies p\u0113c rekl\u0101mas.<\/p>\n<p>Indras NMPD punkta atkl\u0101\u0161ana esot viens no \u0161\u012bs viz\u012btes centr\u0101lajiem notikumiem, jo austrumu pierobe\u017eas re\u0123ions \u0161obr\u012bd atrodas \u012bpa\u0161\u0101 dro\u0161\u012bbas situ\u0101cij\u0101, un iedz\u012bvot\u0101ju vesel\u012bbas apr\u016bpes pieejam\u012bba \u0161\u0101dos apst\u0101k\u013cos ir ne tikai soci\u0101ls, bet ar\u012b valsts notur\u012bbas jaut\u0101jums, atz\u012bm\u0113 VM.<\/p>\n<p>NMPD kapacit\u0101tes stiprin\u0101\u0161ana ir \u012bpa\u0161i noz\u012bm\u012bga, lai nodro\u0161in\u0101tu dienesta rea\u0123\u0113tsp\u0113ju re\u0123ionos. Dienests turpina darbu pie jaunu punktu izveides un eso\u0161\u0101s infrastrukt\u016bras uzlabo\u0161anas, t\u0101d\u0113j\u0101di paaugstinot rea\u0123\u0113tsp\u0113ju un darbinieku dro\u0161\u012bbu, nor\u0101da VM.<\/p>\n<p>\u0160\u012b viz\u012bte turpina l\u012bdz\u0161in\u0113j\u0101s re\u0123ion\u0101l\u0101s tik\u0161an\u0101s, un t\u0101s m\u0113r\u0137is ir nodro\u0161in\u0101t, ka vesel\u012bbas apr\u016bpes politikas l\u0113mumi tiek balst\u012bti re\u0101laj\u0101 situ\u0101cij\u0101 \u0101rstniec\u012bbas iest\u0101d\u0113s, skaidro VM.<\/p>\n<p>Saturs turpin\u0101sies p\u0113c rekl\u0101mas.<\/p>\n<p>Jau zi\u0146ots, ka \u0161ogad vesel\u012bbas nozar\u0113 pl\u0101nots stiprin\u0101t m\u0101tes un b\u0113rna vesel\u012bbas apr\u016bpi, pilnveidot slimn\u012bcu t\u012bklu un stacion\u0101ro pakalpojumu kvalit\u0101tes att\u012bst\u012bbu, mazin\u0101t pacientu rindas, uzlabot z\u0101\u013cu pieejam\u012bbu un ieviest jaunus digitaliz\u0101cijas risin\u0101jumus.<\/p>\n<p>VM atg\u0101dina, ka slimn\u012bcu t\u012bkla att\u012bst\u012bbas m\u0113r\u0137is ir ilgtsp\u0113j\u012bga, dro\u0161a pacientiem un pieejama stacion\u0101r\u0101 apr\u016bpe vis\u0101 Latvij\u0101. Ministrija uzsver, ka visas slimn\u012bcas turpin\u0101s sniegt pakalpojumus saviem iedz\u012bvot\u0101jiem.<\/p>\n<p>VM inform\u0113, ka ar katru slimn\u012bcu notiks atsevi\u0161\u0137as sarunas, katra slimn\u012bca tiks v\u0113rt\u0113ta individu\u0101li, \u0146emot v\u0113r\u0101 gan viet\u0113jo kopienu vajadz\u012bbas, gan re\u0123ion\u0101l\u0101s \u012bpatn\u012bbas, gan ar\u012b demogr\u0101fisko situ\u0101ciju, \u012bpa\u0161i pierobe\u017eas teritorij\u0101s, kas ir svar\u012bgi valsts dro\u0161\u012bbai.<\/p>\n<p>Saturs turpin\u0101sies p\u0113c rekl\u0101mas.<\/p>\n<p>Pl\u0101not\u0101 p\u0101reja no pieciem uz trim slimn\u012bcu l\u012bme\u0146iem pal\u012bdz\u0113s skaidr\u0101k zin\u0101t un saprast ar\u012b pacientiem, k\u0101dus pakalpojumus var sa\u0146emt tuv\u0101k m\u0101j\u0101m un k\u0101dos gad\u012bjumos specializ\u0113ta pal\u012bdz\u012bba tiks nodro\u0161in\u0101ta augst\u0101ka l\u012bme\u0146a \u0101rstniec\u012bbas iest\u0101d\u0113. Pacientu dro\u0161\u012bba un pakalpojumu kvalit\u0101te ir vieni no galvenajiem aspektiem p\u0101rmai\u0146\u0101m, uzsver VM.<\/p>\n<p>K\u0101 v\u0113st\u012bts, pa\u0161vald\u012bbu vad\u012bt\u0101jiem apsol\u012bts mekl\u0113t individu\u0101lus risin\u0101jumus katrai re\u0123ion\u0101lajai slimn\u012bcai, lai nesamazin\u0101tu eso\u0161o finans\u0113jumu, p\u0113c tik\u0161an\u0101s ar vesel\u012bbas ministru a\u0123ent\u016brai LETA apstiprin\u0101ja Re\u0123ion\u0101lo att\u012bst\u012bbas centru un novadu apvien\u012bbas (RACA) izpilddirektors Vents Armands Krauklis (Vidzemes partija).<\/p>\n<p>RACA ir nos\u016bt\u012bjusi vesel\u012bbas ministram ofici\u0101lu v\u0113stuli, aicinot uz steidzamu tik\u0161anos saist\u012bb\u0101 ar pl\u0101noto b\u016btisko re\u0123ion\u0101lo slimn\u012bcu finans\u0113juma samazin\u0101jumu \u0161ogad.<\/p>\n<p>Saturs turpin\u0101sies p\u0113c rekl\u0101mas.<\/p>\n<p>Pa\u0161vald\u012bbas pau\u017e ba\u017eas par VM sniegto inform\u0101ciju slimn\u012bc\u0101m, kas liecinot, ka re\u0123ion\u0101laj\u0101m slimn\u012bc\u0101m finans\u0113jums stacion\u0101rajiem pakalpojumiem var\u0113tu tikt b\u016btiski samazin\u0101ts. Pa\u0161vald\u012bbu ieskat\u0101 \u0161\u0101ds l\u0113mums rada tie\u0161us riskus vesel\u012bbas apr\u016bpes pieejam\u012bbai re\u0123ionos, apdraud l\u012bdz \u0161im veikt\u0101s invest\u012bcijas slimn\u012bcu att\u012bst\u012bb\u0101 un var novest pie \u0101rstniec\u012bbas person\u0101la aizpl\u016b\u0161anas no re\u0123ioniem. Vienlaikus tas palielin\u0101tu pacientu pl\u016bsmu uz R\u012bgu un v\u0113l vair\u0101k noslogotu universit\u0101\u0161u slimn\u012bcas.<\/p>\n<p>Ar\u012b Latvijas Slimn\u012bcu biedr\u012bbas vad\u012bt\u0101js Jevg\u0113nijs Kal\u0113js paudis ba\u017eas par b\u016btisku finans\u0113juma samazin\u0101jumu vair\u0101k\u0101s \u0101rstniec\u012bbas iest\u0101d\u0113s, tostarp C\u0113s\u012bs, Ventspil\u012b un Madon\u0101.<\/p>\n<p>Slimn\u012bcu t\u012bkla reformas virz\u012bbai iebildusi ar\u012b Latvijas Vesel\u012bbas un soci\u0101l\u0101s apr\u016bpes darbinieku arodbiedr\u012bba (LVSADA). Arodbiedr\u012bba paudusi, ka informat\u012bv\u0101 zi\u0146ojuma sabiedrisk\u0101s apsprie\u0161anas proces\u0101 form\u0101li tika iesaist\u012bti da\u017e\u0101di nozares p\u0101rst\u0101vji, kuru iebildumi un preciz\u0113jumi \u201cdeklarat\u012bvi tika atz\u012bm\u0113ti k\u0101 \u0146emti v\u0113r\u0101\u201d. Vienlaikus zi\u0146ojuma gal\u012bgaj\u0101 redakcij\u0101 joproj\u0101m tr\u016bkstot padzi\u013cin\u0101tas anal\u012bzes, skaidru krit\u0113riju un konkr\u0113tu, izm\u0113r\u0101mu risin\u0101jumu, kas \u013cautu p\u0101rliecino\u0161i izv\u0113rt\u0113t paredz\u0113to p\u0101rmai\u0146u ietekmi, uzskata LVSADA.\n            \t\t    <\/p>\n","protected":false},"excerpt":{"rendered":"Vesel\u012bbas ministrs Hosams Abu Meri. Foto \u2013 LETA, Lita Millere Slimn\u012bcu t\u012bkla sak\u0101rto\u0161ana nav izv\u0113le, bet gan nepiecie\u0161am\u012bba,&hellip;\n","protected":false},"author":2,"featured_media":116378,"comment_status":"","ping_status":"","sticky":false,"template":"","format":"standard","meta":{"footnotes":""},"categories":[12],"tags":[23,28,29,32,33,22,30,31,35,39,38,36,37,34,40,20,26,27,24,25,21],"class_list":{"0":"post-116536","1":"post","2":"type-post","3":"status-publish","4":"format-standard","5":"has-post-thumbnail","7":"category-latvija","8":"tag-aktualitates","9":"tag-breaking-news","10":"tag-breakingnews","11":"tag-featured-news","12":"tag-featurednews","13":"tag-headlines","14":"tag-latest-news","15":"tag-latestnews","16":"tag-latvia","17":"tag-latvian","18":"tag-latviesu","19":"tag-latviesu-valoda","20":"tag-latviesuvaloda","21":"tag-latvija","22":"tag-lv","23":"tag-news","24":"tag-popularakas-zinas","25":"tag-popularakaszinas","26":"tag-top-stories","27":"tag-topstories","28":"tag-zinas"},"share_on_mastodon":{"url":"https:\/\/pubeurope.com\/@lv\/115977867981457631","error":""},"_links":{"self":[{"href":"https:\/\/www.europesays.com\/lv\/wp-json\/wp\/v2\/posts\/116536","targetHints":{"allow":["GET"]}}],"collection":[{"href":"https:\/\/www.europesays.com\/lv\/wp-json\/wp\/v2\/posts"}],"about":[{"href":"https:\/\/www.europesays.com\/lv\/wp-json\/wp\/v2\/types\/post"}],"author":[{"embeddable":true,"href":"https:\/\/www.europesays.com\/lv\/wp-json\/wp\/v2\/users\/2"}],"replies":[{"embeddable":true,"href":"https:\/\/www.europesays.com\/lv\/wp-json\/wp\/v2\/comments?post=116536"}],"version-history":[{"count":0,"href":"https:\/\/www.europesays.com\/lv\/wp-json\/wp\/v2\/posts\/116536\/revisions"}],"wp:featuredmedia":[{"embeddable":true,"href":"https:\/\/www.europesays.com\/lv\/wp-json\/wp\/v2\/media\/116378"}],"wp:attachment":[{"href":"https:\/\/www.europesays.com\/lv\/wp-json\/wp\/v2\/media?parent=116536"}],"wp:term":[{"taxonomy":"category","embeddable":true,"href":"https:\/\/www.europesays.com\/lv\/wp-json\/wp\/v2\/categories?post=116536"},{"taxonomy":"post_tag","embeddable":true,"href":"https:\/\/www.europesays.com\/lv\/wp-json\/wp\/v2\/tags?post=116536"}],"curies":[{"name":"wp","href":"https:\/\/api.w.org\/{rel}","templated":true}]}}