{"id":116537,"date":"2026-01-29T10:16:04","date_gmt":"2026-01-29T10:16:04","guid":{"rendered":"https:\/\/www.europesays.com\/lv\/116537\/"},"modified":"2026-01-29T10:16:04","modified_gmt":"2026-01-29T10:16:04","slug":"vai-esi-redzejis-par-smaga-nozieguma-izdarisanu-rezekne-policija-mekle-virieti","status":"publish","type":"post","link":"https:\/\/www.europesays.com\/lv\/116537\/","title":{"rendered":"Vai esi redz\u0113jis? Par smaga nozieguma izdar\u012b\u0161anu R\u0113zekn\u0113 policija mekl\u0113 v\u012brieti"},"content":{"rendered":"<p>Valsts policija aicina atsaukties ikvienu, kura r\u012bc\u012bb\u0101 ir jebk\u0101da inform\u0101cija, kas sekm\u0113tu personas identit\u0101tes un atra\u0161an\u0101s vietas noskaidro\u0161anu, aicin\u0101m inform\u0113t, zvanot pa t\u0101lru\u0146a numuru 64603528 vai 112 vai rakstot ziemellatgale@latgale.vp.gov.lv.<\/p>\n<p>T\u0101pat aicin\u0101m atsaukties att\u0113l\u0101 redzamo personu!<\/p>\n<p>Valsts policija atg\u0101dina, ka neviena persona netiek uzskat\u012bta par vain\u012bgu, kam\u0113r t\u0101s vaina noziedz\u012bga nodar\u012bjuma izdar\u012b\u0161an\u0101 netiek pier\u0101d\u012bta likum\u0101 noteiktaj\u0101 k\u0101rt\u012bb\u0101.<\/p>\n","protected":false},"excerpt":{"rendered":"Valsts policija aicina atsaukties ikvienu, kura r\u012bc\u012bb\u0101 ir jebk\u0101da inform\u0101cija, kas sekm\u0113tu personas identit\u0101tes un atra\u0161an\u0101s vietas noskaidro\u0161anu,&hellip;\n","protected":false},"author":2,"featured_media":116538,"comment_status":"","ping_status":"","sticky":false,"template":"","format":"standard","meta":{"footnotes":""},"categories":[5],"tags":[23,28,29,32,33,22,30,31,35,39,38,36,37,34,40,20,162,26,27,24,25,21],"class_list":{"0":"post-116537","1":"post","2":"type-post","3":"status-publish","4":"format-standard","5":"has-post-thumbnail","7":"category-aktualitates","8":"tag-aktualitates","9":"tag-breaking-news","10":"tag-breakingnews","11":"tag-featured-news","12":"tag-featurednews","13":"tag-headlines","14":"tag-latest-news","15":"tag-latestnews","16":"tag-latvia","17":"tag-latvian","18":"tag-latviesu","19":"tag-latviesu-valoda","20":"tag-latviesuvaloda","21":"tag-latvija","22":"tag-lv","23":"tag-news","24":"tag-policija-mekle","25":"tag-popularakas-zinas","26":"tag-popularakaszinas","27":"tag-top-stories","28":"tag-topstories","29":"tag-zinas"},"share_on_mastodon":{"url":"https:\/\/pubeurope.com\/@lv\/115977871834876786","error":""},"_links":{"self":[{"href":"https:\/\/www.europesays.com\/lv\/wp-json\/wp\/v2\/posts\/116537","targetHints":{"allow":["GET"]}}],"collection":[{"href":"https:\/\/www.europesays.com\/lv\/wp-json\/wp\/v2\/posts"}],"about":[{"href":"https:\/\/www.europesays.com\/lv\/wp-json\/wp\/v2\/types\/post"}],"author":[{"embeddable":true,"href":"https:\/\/www.europesays.com\/lv\/wp-json\/wp\/v2\/users\/2"}],"replies":[{"embeddable":true,"href":"https:\/\/www.europesays.com\/lv\/wp-json\/wp\/v2\/comments?post=116537"}],"version-history":[{"count":0,"href":"https:\/\/www.europesays.com\/lv\/wp-json\/wp\/v2\/posts\/116537\/revisions"}],"wp:featuredmedia":[{"embeddable":true,"href":"https:\/\/www.europesays.com\/lv\/wp-json\/wp\/v2\/media\/116538"}],"wp:attachment":[{"href":"https:\/\/www.europesays.com\/lv\/wp-json\/wp\/v2\/media?parent=116537"}],"wp:term":[{"taxonomy":"category","embeddable":true,"href":"https:\/\/www.europesays.com\/lv\/wp-json\/wp\/v2\/categories?post=116537"},{"taxonomy":"post_tag","embeddable":true,"href":"https:\/\/www.europesays.com\/lv\/wp-json\/wp\/v2\/tags?post=116537"}],"curies":[{"name":"wp","href":"https:\/\/api.w.org\/{rel}","templated":true}]}}