{"id":116539,"date":"2026-01-29T10:19:12","date_gmt":"2026-01-29T10:19:12","guid":{"rendered":"https:\/\/www.europesays.com\/lv\/116539\/"},"modified":"2026-01-29T10:19:12","modified_gmt":"2026-01-29T10:19:12","slug":"vilvi-group-jaunaja-rupnica-bauska-uzsak-siera-razosanu","status":"publish","type":"post","link":"https:\/\/www.europesays.com\/lv\/116539\/","title":{"rendered":"&#8220;Vilvi Group&#8221; jaunaj\u0101 r\u016bpn\u012bc\u0101 Bausk\u0101 uzs\u0101k siera ra\u017eo\u0161anu"},"content":{"rendered":"<p>                        <img fetchpriority=\"high\" decoding=\"async\" width=\"1024\" height=\"652\" src=\"https:\/\/www.europesays.com\/lv\/wp-content\/uploads\/2026\/01\/2-1-1024x652.jpg\" alt=\"\" class=\"wp-image-1091066\"  \/><\/p>\n<p>Lietuvas uz\u0146\u0113mums \u201cVilvi Group\u201d Bausk\u0101 jaunaj\u0101 ra\u017eo\u0161anas kompleks\u0101 Stacijas iel\u0101 1, invest\u0113jot vair\u0101k nek\u0101 60 miljoni eiro, ir uzs\u0101cis siera ra\u017eo\u0161anu, port\u0101lu inform\u0113ja uz\u0146\u0113muma \u0123ener\u0101ldirektors Gintars Berta\u0161us (Gintaras Berta\u0161ius).<\/p>\n<p>Atz\u012bm\u0113jot \u0161\u012b posma s\u0101kumu, pats pirmais r\u016bpn\u012bc\u0101 sara\u017eotais siers tika pasniegts Bauskas novada domes priek\u0161s\u0113d\u0113t\u0101jam Aivaram Ma\u010dekam, t\u0101d\u0113j\u0101di uzsverot cie\u0161o sadarb\u012bbu starp uz\u0146\u0113m\u0113jiem un viet\u0113jo pa\u0161vald\u012bbu. Pirm\u0101 r\u016bpn\u012bc\u0101 sara\u017eot\u0101 siera partija janv\u0101ra otraj\u0101 pus\u0113 tika nos\u016bt\u012bta pas\u016bt\u012bt\u0101jiem uz It\u0101liju.<\/p>\n<p><img loading=\"lazy\" decoding=\"async\" width=\"1024\" height=\"657\" src=\"https:\/\/www.europesays.com\/lv\/wp-content\/uploads\/2026\/01\/4-1-1024x657.jpg\" alt=\"\" class=\"wp-image-1091067\"  \/>Foto: Publicit\u0101tes foto<\/p>\n<p>R\u016bpn\u012bca, kas uzb\u016bv\u0113ta \u201cVilvi Group\u201d piedero\u0161\u0101 piena p\u0101rstr\u0101des uz\u0146\u0113muma \u201cBaltic Dairy Board\u201d teritorij\u0101, ir liel\u0101kais invest\u012bciju projekts grupas v\u0113stur\u0113 \u2013 t\u0101 ir automatiz\u0113ta, robotiz\u0113ta un ar jaun\u0101kaj\u0101m tehnolo\u0123ij\u0101m apr\u012bkota ra\u017eotne. Kop\u0113j\u0101 projekta v\u0113rt\u012bba p\u0101rsniedz 60 miljonus eiro, un da\u013cu invest\u012bciju finans\u0113 Latvijas vald\u012bba.<\/p>\n<p>\u201cVilvi Group\u201d \u0123ener\u0101ldirektors G. Berta\u0161us nor\u0101d\u012bja, ka l\u0113mumu b\u016bv\u0113t r\u016bpn\u012bcu Latvij\u0101 noteica ne tikai izdev\u012bgais \u0123eogr\u0101fiskais novietojums lo\u0123istikai vai partner\u012bba ar viet\u0113jiem piena pieg\u0101d\u0101t\u0101jiem, bet ar\u012b Latvijas vald\u012bbas atbalsts \u2013 valsts finans\u0113 aptuveni piektda\u013cu no projekta v\u0113rt\u012bbas.<\/p>\n<p><img loading=\"lazy\" decoding=\"async\" width=\"1024\" height=\"690\" src=\"https:\/\/www.europesays.com\/lv\/wp-content\/uploads\/2026\/01\/3-1-1024x690.jpg\" alt=\"\" class=\"wp-image-1091068\"  \/>Foto: Publicit\u0101tes foto<\/p>\n<p>\u201c\u0160is projekts ir da\u013ca no m\u016bsu konsekvent\u0101s strat\u0113\u0123ijas. Bausk\u0101 mums jau bija sava teritorija un infrastrukt\u016bra, kas piem\u0113rota piena un s\u016bkalu p\u0101rstr\u0101dei. Tas \u013c\u0101va optimiz\u0113t invest\u012bciju izmaksas, sal\u012bdzinot ar alternat\u012bviem jaunas b\u016bvniec\u012bbas scen\u0101rijiem Lietuv\u0101. Turkl\u0101t lo\u0123istika k\u013c\u016bs efekt\u012bv\u0101ka, jo iev\u0113rojamu da\u013cu svaigpiena grupa iep\u0113rk tie\u0161i Latvij\u0101 un Igaunij\u0101,\u201d sac\u012bja G. Berta\u0161us.<\/p>\n<p>Vi\u0146\u0161 uzsv\u0113ra, ka, lai gan \u201cVilvi Group\u201d papla\u0161ina ra\u017eo\u0161anu Latvij\u0101, uz\u0146\u0113mumu grupa joproj\u0101m saglab\u0101 sp\u0113c\u012bgas poz\u012bcijas un ra\u017eo\u0161anas jaudas Lietuv\u0101, kur darbojas se\u0161i no septi\u0146iem grupas uz\u0146\u0113mumiem.<\/p>\n<p>Latvijas r\u016bpn\u012bcas vad\u012bt\u0101js Rimantas Damanskis apliecin\u0101ja, ka sagatavo\u0161an\u0101s komerci\u0101lajai ra\u017eo\u0161anai norit\u0113jusi raiti un saska\u0146\u0101 ar pl\u0101nu.<\/p>\n<p>\u201cPabeidzot iek\u0101rtu mont\u0101\u017eas darbus, p\u0101rg\u0101j\u0101m pie sist\u0113mu palai\u0161anas un regul\u0113\u0161anas. Kad ra\u017eo\u0161anas l\u012bnijas bija veiksm\u012bgi iztur\u0113ju\u0161as p\u0101rbaudes ar \u016bdeni, tika uzs\u0101kta test\u0113\u0161ana ar izejvielu \u2013 pienu. R\u016bpn\u012bca k\u013c\u016bst par funkcion\u0113jo\u0161u objektu, kas rada pievienoto v\u0113rt\u012bbu,\u201d nor\u0101d\u012bja R. Damanskis.<\/p>\n<p>\u0160obr\u012bd Bauskas r\u016bpn\u012bc\u0101 darbojas galven\u0101s siera ra\u017eo\u0161anas iek\u0101rtas, tiek izmantotas labiek\u0101rtot\u0101s nogatavin\u0101\u0161anas telpas, autom\u0101tisk\u0101s siera vakuum\u0113\u0161anas un iepako\u0161anas l\u012bnijas, bet noliktavas ir gatavas produkcijas uzglab\u0101\u0161anai un sadalei. Iek\u0101rtas r\u016bpn\u012bcai pieg\u0101d\u0101ja t\u0101di pasaules l\u012bderi k\u0101 \u201cTetraPak\u201d, \u201cSealedAir\u201d, \u201cGEA\u201d un citi partneri.<\/p>\n<p>P\u0113c R. Damanska teikt\u0101, jaun\u0101 r\u016bpn\u012bca izce\u013cas ne tikai ar modern\u0101m iek\u0101rt\u0101m, bet ar\u012b ar ilgtsp\u0113jas risin\u0101jumiem \u2013 b\u016bvniec\u012bb\u0101 izmantoti materi\u0101li, kas atbilst augst\u0101kajiem standartiem. Turkl\u0101t uz ra\u017eo\u0161anas kompleksa \u0113ku jumtiem darbojas saules elektrostacijas, kuru kop\u0113j\u0101 \u0123ener\u0113jam\u0101 jauda sasniedz 1000 kW. T\u0101 ir viena no jaud\u012bg\u0101kaj\u0101m saules ener\u0123ijas sist\u0113m\u0101m Bauskas re\u0123ion\u0101.<\/p>\n<p>Uzs\u0101kot pilnv\u0113rt\u012bgu komercdarb\u012bbu, jaunaj\u0101 r\u016bpn\u012bc\u0101 tiks rad\u012btas vair\u0101k nek\u0101 100 darbavietas, un pl\u0101notais siera ra\u017eo\u0161anas apjoms sasniegs 18 t\u016bksto\u0161us tonnu gad\u0101. \u0160\u012b produkcija tiks eksport\u0113ta uz vair\u0101k nek\u0101 40 pasaules valst\u012bm.<\/p>\n<p>\u201cVilvi Group\u201d veido uz\u0146\u0113mumi \u201cVilky\u0161ki\u0173 pienin\u0117\u201d, \u201cModest\u201d, \u201cKelm\u0117s pienin\u0117\u201d, \u201cKelm\u0117s pienas\u201d, \u201cPieno logistika\u201d un 2021. gad\u0101 ieg\u0101d\u0101tais Latvijas uz\u0146\u0113mums \u201cBaltic Dairy Board\u201d.<\/p>\n<p>Grupa turpina papla\u0161in\u0101ties \u2013 16. janv\u0101r\u012b tai ofici\u0101li pievienots ieg\u0101d\u0101tais uz\u0146\u0113mums \u201cMarijampol\u0117s pieno konservai\u201d. \u0160\u012b invest\u012bcija \u013caus \u201cVilvi Group\u201d k\u013c\u016bt par vienu no liel\u0101kajiem piena p\u0101rstr\u0101d\u0101t\u0101jiem Baltijas re\u0123ion\u0101, papla\u0161in\u0101s produktu portfeli un palielin\u0101s ra\u017eo\u0161anas apjomus.<\/p>\n","protected":false},"excerpt":{"rendered":"Lietuvas uz\u0146\u0113mums \u201cVilvi Group\u201d Bausk\u0101 jaunaj\u0101 ra\u017eo\u0161anas kompleks\u0101 Stacijas iel\u0101 1, invest\u0113jot vair\u0101k nek\u0101 60 miljoni eiro, ir&hellip;\n","protected":false},"author":2,"featured_media":116540,"comment_status":"","ping_status":"","sticky":false,"template":"","format":"standard","meta":{"footnotes":""},"categories":[16],"tags":[77,76,35,39,38,36,37,34,40],"class_list":{"0":"post-116539","1":"post","2":"type-post","3":"status-publish","4":"format-standard","5":"has-post-thumbnail","7":"category-bizness","8":"tag-bizness","9":"tag-business","10":"tag-latvia","11":"tag-latvian","12":"tag-latviesu","13":"tag-latviesu-valoda","14":"tag-latviesuvaloda","15":"tag-latvija","16":"tag-lv"},"share_on_mastodon":{"url":"https:\/\/pubeurope.com\/@lv\/115977883741562873","error":""},"_links":{"self":[{"href":"https:\/\/www.europesays.com\/lv\/wp-json\/wp\/v2\/posts\/116539","targetHints":{"allow":["GET"]}}],"collection":[{"href":"https:\/\/www.europesays.com\/lv\/wp-json\/wp\/v2\/posts"}],"about":[{"href":"https:\/\/www.europesays.com\/lv\/wp-json\/wp\/v2\/types\/post"}],"author":[{"embeddable":true,"href":"https:\/\/www.europesays.com\/lv\/wp-json\/wp\/v2\/users\/2"}],"replies":[{"embeddable":true,"href":"https:\/\/www.europesays.com\/lv\/wp-json\/wp\/v2\/comments?post=116539"}],"version-history":[{"count":0,"href":"https:\/\/www.europesays.com\/lv\/wp-json\/wp\/v2\/posts\/116539\/revisions"}],"wp:featuredmedia":[{"embeddable":true,"href":"https:\/\/www.europesays.com\/lv\/wp-json\/wp\/v2\/media\/116540"}],"wp:attachment":[{"href":"https:\/\/www.europesays.com\/lv\/wp-json\/wp\/v2\/media?parent=116539"}],"wp:term":[{"taxonomy":"category","embeddable":true,"href":"https:\/\/www.europesays.com\/lv\/wp-json\/wp\/v2\/categories?post=116539"},{"taxonomy":"post_tag","embeddable":true,"href":"https:\/\/www.europesays.com\/lv\/wp-json\/wp\/v2\/tags?post=116539"}],"curies":[{"name":"wp","href":"https:\/\/api.w.org\/{rel}","templated":true}]}}