{"id":116541,"date":"2026-01-29T10:20:07","date_gmt":"2026-01-29T10:20:07","guid":{"rendered":"https:\/\/www.europesays.com\/lv\/116541\/"},"modified":"2026-01-29T10:20:07","modified_gmt":"2026-01-29T10:20:07","slug":"ta-joprojam-ir-plaisa-rubio-norada-ka-miera-sarunas-donbasa-jautajums-nav-atrisinats","status":"publish","type":"post","link":"https:\/\/www.europesays.com\/lv\/116541\/","title":{"rendered":"\u201cT\u0101 joproj\u0101m ir plaisa.\u201d Rubio nor\u0101da, ka miera sarun\u0101s Donbasa jaut\u0101jums nav atrisin\u0101ts"},"content":{"rendered":"<p>Video: Krievu okupanti nogalina, izvaro, izn\u012bcina un zog \u2013 <a href=\"https:\/\/tv3.lv\/zinas\/arvalstis\/krievu-okupanti-nogalina-izvaro-iznicina-un-zog-ukrainas-karavirs-tv3-uzsver-ka-donbasu-neatdos\/\" rel=\"nofollow noopener\" target=\"_blank\">Ukrainas karav\u012brs TV3 uzsver, ka Donbasu neatdos<\/a><\/p>\n<p>N\u0101kam\u0101 ASV, Krievijas un Ukrainas tr\u012bspus\u0113jo sarunu k\u0101rta paredz\u0113ta 1. febru\u0101r\u012b Ab\u016b Dab\u012b.<\/p>\n<p>ASV p\u0101rst\u0101vji var piedal\u012bties n\u0101kamaj\u0101 sarunu k\u0101rt\u0101, bet Savienoto Valstu prezidenta Donalda Trampa \u012bpa\u0161ais s\u016btnis St\u012bvs Vitkofs un znots D\u017eareds Ku\u0161ners, kas piedal\u012bj\u0101s iepriek\u0161\u0113j\u0101 k\u0101rt\u0101, taj\u0101 nepiedal\u012bsies, sac\u012bja Rubio.<\/p>\n<p>ASV vad\u012bto miera sarunu gait\u0101 Krievija piepras\u012bjusi, ka Ukrainas karasp\u0113ks ir j\u0101atvelk no Doneckas apgabala da\u013cas, ko Krievijas karasp\u0113kam nav izdevies sagr\u0101bt.<\/p>\n<p>\u0160aj\u0101 teritorij\u0101 izveidotas sp\u0113c\u012bgas ukrai\u0146u aizsardz\u012bbas l\u012bnijas, un t\u0101s atdo\u0161ana pav\u0113rtu krieviem ce\u013cu t\u0101l\u0101kai uzbrukuma izv\u0113r\u0161anai rietumu virzien\u0101.<\/p>\n<p class=\"tv3-fw-500\">Zi\u0146o par k\u013c\u016bdu rakst\u0101<\/p>\n<p class=\"d-md-block d-none\">Iez\u012bm\u0113 k\u013c\u016bdaino tekstu un spied Ctrl+Enter.<\/p>\n<p class=\"d-md-none d-block\">Iez\u012bm\u0113 k\u013c\u016bdaino tekstu un zi\u0146o par to!<\/p>\n","protected":false},"excerpt":{"rendered":"Video: Krievu okupanti nogalina, izvaro, izn\u012bcina un zog \u2013 Ukrainas karav\u012brs TV3 uzsver, ka Donbasu neatdos N\u0101kam\u0101 ASV,&hellip;\n","protected":false},"author":2,"featured_media":116542,"comment_status":"","ping_status":"","sticky":false,"template":"","format":"standard","meta":{"footnotes":""},"categories":[14],"tags":[23,57,26932,28,29,32,33,22,30,31,35,39,38,36,37,34,40,20,26,27,24,25,54,55,56,21,58],"class_list":{"0":"post-116541","1":"post","2":"type-post","3":"status-publish","4":"format-standard","5":"has-post-thumbnail","7":"category-zinas-no-arvalstim","8":"tag-aktualitates","9":"tag-arvalstim","10":"tag-asvdonbasskars-ukrainamarko-rubio","11":"tag-breaking-news","12":"tag-breakingnews","13":"tag-featured-news","14":"tag-featurednews","15":"tag-headlines","16":"tag-latest-news","17":"tag-latestnews","18":"tag-latvia","19":"tag-latvian","20":"tag-latviesu","21":"tag-latviesu-valoda","22":"tag-latviesuvaloda","23":"tag-latvija","24":"tag-lv","25":"tag-news","26":"tag-popularakas-zinas","27":"tag-popularakaszinas","28":"tag-top-stories","29":"tag-topstories","30":"tag-world","31":"tag-world-news","32":"tag-worldnews","33":"tag-zinas","34":"tag-zinas-no-arvalstim"},"share_on_mastodon":{"url":"https:\/\/pubeurope.com\/@lv\/115977887610450158","error":""},"_links":{"self":[{"href":"https:\/\/www.europesays.com\/lv\/wp-json\/wp\/v2\/posts\/116541","targetHints":{"allow":["GET"]}}],"collection":[{"href":"https:\/\/www.europesays.com\/lv\/wp-json\/wp\/v2\/posts"}],"about":[{"href":"https:\/\/www.europesays.com\/lv\/wp-json\/wp\/v2\/types\/post"}],"author":[{"embeddable":true,"href":"https:\/\/www.europesays.com\/lv\/wp-json\/wp\/v2\/users\/2"}],"replies":[{"embeddable":true,"href":"https:\/\/www.europesays.com\/lv\/wp-json\/wp\/v2\/comments?post=116541"}],"version-history":[{"count":0,"href":"https:\/\/www.europesays.com\/lv\/wp-json\/wp\/v2\/posts\/116541\/revisions"}],"wp:featuredmedia":[{"embeddable":true,"href":"https:\/\/www.europesays.com\/lv\/wp-json\/wp\/v2\/media\/116542"}],"wp:attachment":[{"href":"https:\/\/www.europesays.com\/lv\/wp-json\/wp\/v2\/media?parent=116541"}],"wp:term":[{"taxonomy":"category","embeddable":true,"href":"https:\/\/www.europesays.com\/lv\/wp-json\/wp\/v2\/categories?post=116541"},{"taxonomy":"post_tag","embeddable":true,"href":"https:\/\/www.europesays.com\/lv\/wp-json\/wp\/v2\/tags?post=116541"}],"curies":[{"name":"wp","href":"https:\/\/api.w.org\/{rel}","templated":true}]}}