{"id":116543,"date":"2026-01-29T10:22:07","date_gmt":"2026-01-29T10:22:07","guid":{"rendered":"https:\/\/www.europesays.com\/lv\/116543\/"},"modified":"2026-01-29T10:22:07","modified_gmt":"2026-01-29T10:22:07","slug":"kops-pirmdienas-celu-satiksmes-negadijumos-rigas-regiona-cietusi-13-cilveki-viens-gajis-boja-aprinkis-lv","status":"publish","type":"post","link":"https:\/\/www.europesays.com\/lv\/116543\/","title":{"rendered":"Kop\u0161 pirmdienas ce\u013cu satiksmes negad\u012bjumos R\u012bgas re\u0123ion\u0101 cietu\u0161i 13 cilv\u0113ki, viens g\u0101jis boj\u0101 &#8211; aprinkis.lv"},"content":{"rendered":"<ol>\n<li><a href=\"https:\/\/news.google.com\/rss\/articles\/CBMi-AFBVV95cUxOXzJLMkNabjRmVWEyTmswMkFwN3JvNWp4b0VZaTVWSU04Q0N4aVFaaGY1ZTEyZmRYdks1OE5oT0tValJ3aHJOWE02TEgwaGRBU1J5YjNWaF82WWFjY1hZLVAxdXp1MDc2b0gtbnNCY3o5dTNHUmhGSW9uQkhQNTNYbFN4RVZZa3F4eUFZcEVrb1pVY0JNM0trLTVyekZObGRvdDhPME14MExnZTlmWUVVa1FKVERKaUZWcVRpUTZGekx4RFNObDZMdWFJZ2JtQ1dHbVRrVkdRV1JSQ3VVQmF4V1JfR0doTUx1RzFweDR5UHlUaGhHcjlpWA?oc=5\" target=\"_blank\" rel=\"nofollow noopener\">Kop\u0161 pirmdienas ce\u013cu satiksmes negad\u012bjumos R\u012bgas re\u0123ion\u0101 cietu\u0161i 13 cilv\u0113ki, viens g\u0101jis boj\u0101<\/a>&nbsp;&nbsp;aprinkis.lv<\/li>\n<li><a href=\"https:\/\/news.google.com\/rss\/articles\/CBMiogFBVV95cUxQZGhuZUx1bDBUeTZHZnhXcUpRN2h6Q0FTQ2hnOXdqV250Z29mYlo1ZGE4R0lPdl9hV29OdjFScXJXUXBocUhnbFdmOExuWUlKUlN4bVBRWU1jYWZaeEFhaEpjdDBmSzFreGd0MnJCd3o3akh6SzR6RXV3cnlZRHBpUVBTZjBvWl9fNm1DMEdOblZ1Uk9sSlVxbTVnajBGZFpwVUE?oc=5\" target=\"_blank\" rel=\"nofollow noopener\">Aizvad\u012btaj\u0101 nakt\u012b notiku\u0161as 200 av\u0101rijas, vien\u0101 g\u0101jis boj\u0101 velosip\u0113dists<\/a>&nbsp;&nbsp;TVNET<\/li>\n<li><a href=\"https:\/\/news.google.com\/rss\/articles\/CBMirgFBVV95cUxOOHFISkZNU3JNR2drREZiakRJQm1ZdndrUnF0ZkZGa1AtODBUaHcyRzd6VFlFSG1zWFBFSllsbkJwSXZCNmk2ZWRhMXpuLUlLVGVOR0ZlSDhwMDFOX1JaUTZSVFlUc2NoMTRCQ1RENlN2VzR2eDZFbXA1NmZyOS12bWhhNkc0X2RQNDl6dGtNSWZ3bXVKVVhxdGpHYy1NOFI3UHZvaW1FU3VEOFNNVkE?oc=5\" target=\"_blank\" rel=\"nofollow noopener\">Latvij\u0101 re\u0123istr\u0113ti 200 ce\u013cu satiksmes negad\u012bjumi; R\u012bg\u0101 g\u0101jis boj\u0101 velosip\u0113dists<\/a>&nbsp;&nbsp;Delfi<\/li>\n<li><a href=\"https:\/\/news.google.com\/rss\/articles\/CBMikgFBVV95cUxPYlBLRngxRWFnUGZ0V1Q0WVRDUnNocEpsVjZSWnlKckZPVWl4bmFnbHVRQ1ExeEJ2cjdCN1hXTGhjTTJ1TWR3ZmRTcUtjeC03Q2VzbERuOFJ5ODRhRDRZX2Q3Ukx2YllWMXVBMlEyZy1ldmtZbTJfczRNb1ZIcXNsREVjNXZiS3ZnVnBDVWl5QXlnZw?oc=5\" target=\"_blank\" rel=\"nofollow noopener\">P\u0113c kritiena \u0100genskaln\u0101 miris velosip\u0113dists<\/a>&nbsp;&nbsp;tv3.lv<\/li>\n<li><a href=\"https:\/\/news.google.com\/rss\/articles\/CBMisAFBVV95cUxOX0dGSXQ4Z0g2MnpuT3VGT1JNSFVCanBkVzllX1VIcmxfU01sbldJLUpqOEZBay1pMEo5RzVscG1OcUtWNnV6Q2pHbVNlamRVZXdqMC0zbzJHTkYzNU1ldTNROWwtUGlqYmNQZUlKTk5QZ0lOVmctc1ladUtHNHFLY2ZGdW93bFlGcElLSFhKTDBBS3RlV1JXVEFWRE9oOEcwbzBkVlFsWUU1S2JoXzBEOdIBtgFBVV95cUxNSlNab0d2SUc3aVpUYzhLZ2tVbi1MR3Q4VFpoNEF6WE5xNndFSTNFcTdtbldlSjFDXzd4bzcyOVFJUlY3c2dwQzhUMUxLN1FYU2VVMk9iTlhSeURjZlJQYzVCR3hIWTNKdHZFZ1d6QU9jV0NOQUxya3FSNFRSek9mLU96U3pKZ19WZUs2ZVpETXdkeVhmTjJDT1VUYVRpQmI0b1Noc0ZJY01RVU1rVkVFTFZsRkxIQQ?oc=5\" target=\"_blank\" rel=\"nofollow noopener\">Ceturtdien ce\u013cu satiksmes negad\u012bjumos cietu\u0161i 19 cilv\u0113ki<\/a>&nbsp;&nbsp;bb.lv<\/li>\n<\/ol>\n","protected":false},"excerpt":{"rendered":"Kop\u0161 pirmdienas ce\u013cu satiksmes negad\u012bjumos R\u012bgas re\u0123ion\u0101 cietu\u0161i 13 cilv\u0113ki, viens g\u0101jis boj\u0101&nbsp;&nbsp;aprinkis.lv Aizvad\u012btaj\u0101 nakt\u012b notiku\u0161as 200 av\u0101rijas,&hellip;\n","protected":false},"author":2,"featured_media":114652,"comment_status":"","ping_status":"","sticky":false,"template":"","format":"standard","meta":{"footnotes":""},"categories":[5],"tags":[23,28,29,32,33,22,30,31,35,39,38,36,37,34,40,20,26,27,24,25,21],"class_list":{"0":"post-116543","1":"post","2":"type-post","3":"status-publish","4":"format-standard","5":"has-post-thumbnail","7":"category-aktualitates","8":"tag-aktualitates","9":"tag-breaking-news","10":"tag-breakingnews","11":"tag-featured-news","12":"tag-featurednews","13":"tag-headlines","14":"tag-latest-news","15":"tag-latestnews","16":"tag-latvia","17":"tag-latvian","18":"tag-latviesu","19":"tag-latviesu-valoda","20":"tag-latviesuvaloda","21":"tag-latvija","22":"tag-lv","23":"tag-news","24":"tag-popularakas-zinas","25":"tag-popularakaszinas","26":"tag-top-stories","27":"tag-topstories","28":"tag-zinas"},"share_on_mastodon":{"url":"https:\/\/pubeurope.com\/@lv\/115977895526782405","error":""},"_links":{"self":[{"href":"https:\/\/www.europesays.com\/lv\/wp-json\/wp\/v2\/posts\/116543","targetHints":{"allow":["GET"]}}],"collection":[{"href":"https:\/\/www.europesays.com\/lv\/wp-json\/wp\/v2\/posts"}],"about":[{"href":"https:\/\/www.europesays.com\/lv\/wp-json\/wp\/v2\/types\/post"}],"author":[{"embeddable":true,"href":"https:\/\/www.europesays.com\/lv\/wp-json\/wp\/v2\/users\/2"}],"replies":[{"embeddable":true,"href":"https:\/\/www.europesays.com\/lv\/wp-json\/wp\/v2\/comments?post=116543"}],"version-history":[{"count":0,"href":"https:\/\/www.europesays.com\/lv\/wp-json\/wp\/v2\/posts\/116543\/revisions"}],"wp:featuredmedia":[{"embeddable":true,"href":"https:\/\/www.europesays.com\/lv\/wp-json\/wp\/v2\/media\/114652"}],"wp:attachment":[{"href":"https:\/\/www.europesays.com\/lv\/wp-json\/wp\/v2\/media?parent=116543"}],"wp:term":[{"taxonomy":"category","embeddable":true,"href":"https:\/\/www.europesays.com\/lv\/wp-json\/wp\/v2\/categories?post=116543"},{"taxonomy":"post_tag","embeddable":true,"href":"https:\/\/www.europesays.com\/lv\/wp-json\/wp\/v2\/tags?post=116543"}],"curies":[{"name":"wp","href":"https:\/\/api.w.org\/{rel}","templated":true}]}}