{"id":116546,"date":"2026-01-29T10:25:05","date_gmt":"2026-01-29T10:25:05","guid":{"rendered":"https:\/\/www.europesays.com\/lv\/116546\/"},"modified":"2026-01-29T10:25:05","modified_gmt":"2026-01-29T10:25:05","slug":"pern-eiropa-pirmo-reizi-veja-un-saules-energija-sarazojusi-vairak-elektribas-neka-fosilie-kurinamie","status":"publish","type":"post","link":"https:\/\/www.europesays.com\/lv\/116546\/","title":{"rendered":"P\u0113rn Eirop\u0101 pirmo reizi v\u0113ja un saules ener\u0123ija sara\u017eojusi vair\u0101k elektr\u012bbas nek\u0101 fosilie kurin\u0101mie"},"content":{"rendered":"<p>Balstoties uz <a href=\"https:\/\/ember-energy.org\/latest-insights\/european-electricity-review-2026\/\" rel=\"nofollow noopener\" target=\"_blank\">pag\u0101ju\u0161\u0101 gada datiem<\/a>, pirmo reizi Eiropas Savien\u012bbas v\u0113stur\u0113 ar saules un v\u0113ja ener\u0123iju <a href=\"https:\/\/kursors.lv\/2026\/01\/12\/saules-energija-vacija-pern-partrumpojusi-gazi-un-ogles\/\" rel=\"nofollow noopener\" target=\"_blank\">sara\u017eots vair\u0101k elektr\u012bbas<\/a> nek\u0101 ar fosilajiem kurin\u0101majiem.\n<\/p>\n<p>Tas iez\u012bm\u0113 konkr\u0113tu p\u0101rmai\u0146u Eiropas ener\u0123ijas ra\u017eo\u0161anas resursos, kas p\u0101rsl\u0113dz\u0101s no ierast\u0101 kurin\u0101m\u0101 uz atjaunojamajiem resursiem. \u012apa\u0161s izr\u0101viens ir tie\u0161i saules ener\u0123ijas izmanto\u0161an\u0101. 2025. gad\u0101 ar saules un v\u0113ja pal\u012bdz\u012bbu tika sara\u017eoti 30% no kop\u0113j\u0101 pat\u0113ri\u0146a, bet ar fosilajiem kurin\u0101majiem 29%. Protams, niec\u012bga starp\u012bba, tom\u0113r t\u0101 nor\u0101da uz izmai\u0146\u0101m.\n<\/p>\n<p>Iepriek\u0161\u0113j\u0101 gad\u0101 t\u0101d\u0101s valst\u012bs, k\u0101 Ung\u0101rija, Kipra, Grie\u0137ija, Sp\u0101nija un N\u012bderlande vair\u0101k nek\u0101 20% elektr\u012bbas pat\u0113ri\u0146a tika nodro\u0161in\u0101ti ar saules pane\u013ciem. Kam\u0113r 19 valstis ar ogl\u0113m nodro\u0161ina tikai 5% vai maz\u0101k no elektr\u012bbas pat\u0113ri\u0146a. \u012arija un Somija 2025. gad\u0101 pat sp\u0113ju\u0161as nosl\u0113gt p\u0113d\u0113j\u0101s og\u013cu dedzin\u0101\u0161anas vietas.<br \/>\n<a href=\"https:\/\/www.europesays.com\/lv\/wp-content\/uploads\/2026\/01\/EU-Power_Ember.webp.webp\"><img fetchpriority=\"high\" decoding=\"async\" class=\" td-modal-image wp-image-345652 size-full\" src=\"https:\/\/www.europesays.com\/lv\/wp-content\/uploads\/2026\/01\/EU-Power_Ember.webp.webp\" alt=\"\" width=\"980\" height=\"804\"  \/><\/a>Avots: Ember\n<\/p>\n<p>Tom\u0113r viss nav tik spo\u017ei, jo saist\u012bb\u0101 ar laika izmai\u0146\u0101m un sausumu, kr\u012btas ar hidroelektrostacij\u0101m sara\u017eot\u0101s elektr\u012bbas daudzums. Tehnolo\u0123isk\u0101 att\u012bst\u012bba iet uz priek\u0161u, s\u0101kot pied\u0101v\u0101t l\u0113t\u0101k\u0101s elektr\u012bbu uzkr\u0101jo\u0161\u0101s baterijas, kur\u0101s uzglab\u0101t ar sauli sara\u017eoto elektr\u012bbu, kad kop\u0113jais pat\u0113ri\u0146\u0161 ir maz\u0101ks. P\u0113c tam to iesp\u0113jams palaist t\u012bkl\u0101, izl\u012bdzsvarojot piepras\u012bjumu un pied\u0101v\u0101jumu.\n<\/p>\n<p>N\u0101kamais lielais solis Eiropas Savien\u012bbas valst\u012bm ir atteikties no g\u0101zes izmanto\u0161anas, kas joproj\u0101m ir sal\u012bdzino\u0161i liels ener\u0123ijas resurss. Ta\u010du t\u0101 \u013coti ietekm\u0113 kop\u0113jo ener\u0123ijas neatkar\u012bbu un bloka dro\u0161\u012bbu. To jau pieredz\u0113j\u0101m laik\u0101, kad s\u0101k\u0101s kar\u0161 Ukrain\u0101.<\/p>\n","protected":false},"excerpt":{"rendered":"Balstoties uz pag\u0101ju\u0161\u0101 gada datiem, pirmo reizi Eiropas Savien\u012bbas v\u0113stur\u0113 ar saules un v\u0113ja ener\u0123iju sara\u017eots vair\u0101k elektr\u012bbas&hellip;\n","protected":false},"author":2,"featured_media":116547,"comment_status":"","ping_status":"","sticky":false,"template":"","format":"standard","meta":{"footnotes":""},"categories":[16],"tags":[77,76,35,39,38,36,37,34,40],"class_list":{"0":"post-116546","1":"post","2":"type-post","3":"status-publish","4":"format-standard","5":"has-post-thumbnail","7":"category-bizness","8":"tag-bizness","9":"tag-business","10":"tag-latvia","11":"tag-latvian","12":"tag-latviesu","13":"tag-latviesu-valoda","14":"tag-latviesuvaloda","15":"tag-latvija","16":"tag-lv"},"share_on_mastodon":{"url":"https:\/\/pubeurope.com\/@lv\/115977907349542495","error":""},"_links":{"self":[{"href":"https:\/\/www.europesays.com\/lv\/wp-json\/wp\/v2\/posts\/116546","targetHints":{"allow":["GET"]}}],"collection":[{"href":"https:\/\/www.europesays.com\/lv\/wp-json\/wp\/v2\/posts"}],"about":[{"href":"https:\/\/www.europesays.com\/lv\/wp-json\/wp\/v2\/types\/post"}],"author":[{"embeddable":true,"href":"https:\/\/www.europesays.com\/lv\/wp-json\/wp\/v2\/users\/2"}],"replies":[{"embeddable":true,"href":"https:\/\/www.europesays.com\/lv\/wp-json\/wp\/v2\/comments?post=116546"}],"version-history":[{"count":0,"href":"https:\/\/www.europesays.com\/lv\/wp-json\/wp\/v2\/posts\/116546\/revisions"}],"wp:featuredmedia":[{"embeddable":true,"href":"https:\/\/www.europesays.com\/lv\/wp-json\/wp\/v2\/media\/116547"}],"wp:attachment":[{"href":"https:\/\/www.europesays.com\/lv\/wp-json\/wp\/v2\/media?parent=116546"}],"wp:term":[{"taxonomy":"category","embeddable":true,"href":"https:\/\/www.europesays.com\/lv\/wp-json\/wp\/v2\/categories?post=116546"},{"taxonomy":"post_tag","embeddable":true,"href":"https:\/\/www.europesays.com\/lv\/wp-json\/wp\/v2\/tags?post=116546"}],"curies":[{"name":"wp","href":"https:\/\/api.w.org\/{rel}","templated":true}]}}