{"id":116548,"date":"2026-01-29T10:26:03","date_gmt":"2026-01-29T10:26:03","guid":{"rendered":"https:\/\/www.europesays.com\/lv\/116548\/"},"modified":"2026-01-29T10:26:03","modified_gmt":"2026-01-29T10:26:03","slug":"asv-valsts-sekretars-donbasa-jautajums-miera-sarunas-vel-nav-parvarets-jauns-lv","status":"publish","type":"post","link":"https:\/\/www.europesays.com\/lv\/116548\/","title":{"rendered":"ASV valsts sekret\u0101rs: Donbasa jaut\u0101jums miera sarun\u0101s v\u0113l nav p\u0101rvar\u0113ts &#8211; Jauns.lv"},"content":{"rendered":"<ol>\n<li><a href=\"https:\/\/news.google.com\/rss\/articles\/CBMirgFBVV95cUxPRFBfcDZrS1dZQ2F3dklJY3lpMW4zbHdmc1FwMUhlZXY0U3RORkVuUm91MVBod2xGUUlGRWV4MERPMVZfcUlfZlZTZWJzeU9JU3E2V2x2TjQxSkJ6blJ1LVFtTWRpSHlvaFJBanNyWXBZV2xZTjJzS0hqN21PQkFoR0tqU1RQazRxM0E2OTRXdW9HcHhtNFYxbGE2VENyRmNTc0Nid2FUZTNnOVZiR0E?oc=5\" target=\"_blank\" rel=\"nofollow noopener\">ASV valsts sekret\u0101rs: Donbasa jaut\u0101jums miera sarun\u0101s v\u0113l nav p\u0101rvar\u0113ts<\/a>&nbsp;&nbsp;Jauns.lv<\/li>\n<li><a href=\"https:\/\/news.google.com\/rss\/articles\/CBMikgFBVV95cUxNOWZKZlJQNFZZYVQzeGFETWN6QmZTNEZQVi16TTB4Q1M5RkNYWXJmUXNMZFBwbHFmUzFVb1lFLWxYbV9VTGJZTElEX3c3SVBTSTllb1NRcFB3Z0daM2ZDSWFfNDl2NHc5ZzR1OE1OTURkSlVGalJ3VTI5cmVkUXZ4LWVPaG5OdTlLMW1CNHNlVG5qUQ?oc=5\" target=\"_blank\" rel=\"nofollow noopener\">Miera sarun\u0101s Donbasa jaut\u0101jums nav atrisin\u0101ts, pazi\u0146o Rubio<\/a>&nbsp;&nbsp;TVNET<\/li>\n<li><a href=\"https:\/\/news.google.com\/rss\/articles\/CBMi6AFBVV95cUxQRDAyVlhOOVk3Zmsya2pCV3pOVm15eXFiVGpTR25ZZzhBU0lJaWFsTFVUUzRDblJmMmpWay1td0VFcGxYVGxPMVliSVJmN3NKS1BCbHY0cjFxWk1ZNWNhc1hYdTN1cDhiRXVTdGxBYWFMSHhEVnI4cWxUclQyckJ4SDhrdm1WMjcyc1hEcjBSV05kQ2E2RkdlVmVSZWNpeXRJbFVxVnFBRXlNOU5vQnF1VjdLVDFVM0gxXzZHaFEtVFZybVI5LVR0LWdUNXhPcFMxREJEOGhSdjJha1hlX0NSdGhRRWU0N21x?oc=5\" target=\"_blank\" rel=\"nofollow noopener\">Ukrainas deput\u0101ts: ASV cer nosl\u0113gt miera vieno\u0161anos starp Krieviju un Ukrainu l\u012bdz maija vidum<\/a>&nbsp;&nbsp;LSM<\/li>\n<li><a href=\"https:\/\/news.google.com\/rss\/articles\/CBMisgFBVV95cUxPZm1wWHhuMFFYckhmakl1a0I0TmJaUVZrWE4zYjFfSFFqNkJpOXg2dmtJN0Z6WERJcGJtYkhYcHlDMVVrYS1ZMUF3azk1ckNITGdMZUZPSzlaODlBdnZsd3VtNnJ2V21ZZWhHc2ZLUkpvUmNiN2pjTndEbVpQY3RwcmtaSUhYTjJjZ3V1QkhSWm1xU2RwbE9BOHRiLVd4WVlZSlQwb3kxdTJLVFFjRHN0TVVR?oc=5\" target=\"_blank\" rel=\"nofollow noopener\">&#8220;Politico&#8221;: Grenlande nosp\u0113l\u0113jusi svar\u012bgu lomu p\u0113d\u0113j\u0101 m\u0113\u0123in\u0101jum\u0101 izbeigt karu Ukrain\u0101<\/a>&nbsp;&nbsp;Apollo.lv<\/li>\n<li><a href=\"https:\/\/news.google.com\/rss\/articles\/CBMikgFBVV95cUxQQ2w3ODZBLWJFMVNrVjRtSVBycVRrOVp2ZVU4TVBXTDBQX0VjUzViMkdTOGVjRm55SVdLQThNTEx3al91SGVIZE9hbzhhMFcybXRxVFNOZnFhMjlwbkFteGpwM3ptMDA5a0FuUEJlODB2RExfWnRWaHFfbnhSTDA0YlptZzZwNkZQVHlyNXQwRi15dw?oc=5\" target=\"_blank\" rel=\"nofollow noopener\">Tramps gatavojas izst\u0101ties no sarun\u0101m ar Ukrainu: zin\u0101ms termi\u0146\u0161<\/a>&nbsp;&nbsp;NRA<\/li>\n<\/ol>\n","protected":false},"excerpt":{"rendered":"ASV valsts sekret\u0101rs: Donbasa jaut\u0101jums miera sarun\u0101s v\u0113l nav p\u0101rvar\u0113ts&nbsp;&nbsp;Jauns.lv Miera sarun\u0101s Donbasa jaut\u0101jums nav atrisin\u0101ts, pazi\u0146o Rubio&nbsp;&nbsp;TVNET&hellip;\n","protected":false},"author":2,"featured_media":116549,"comment_status":"","ping_status":"","sticky":false,"template":"","format":"standard","meta":{"footnotes":""},"categories":[14],"tags":[23,57,28,29,32,33,22,30,31,35,39,38,36,37,34,40,20,26,27,24,25,54,55,56,21,58],"class_list":{"0":"post-116548","1":"post","2":"type-post","3":"status-publish","4":"format-standard","5":"has-post-thumbnail","7":"category-zinas-no-arvalstim","8":"tag-aktualitates","9":"tag-arvalstim","10":"tag-breaking-news","11":"tag-breakingnews","12":"tag-featured-news","13":"tag-featurednews","14":"tag-headlines","15":"tag-latest-news","16":"tag-latestnews","17":"tag-latvia","18":"tag-latvian","19":"tag-latviesu","20":"tag-latviesu-valoda","21":"tag-latviesuvaloda","22":"tag-latvija","23":"tag-lv","24":"tag-news","25":"tag-popularakas-zinas","26":"tag-popularakaszinas","27":"tag-top-stories","28":"tag-topstories","29":"tag-world","30":"tag-world-news","31":"tag-worldnews","32":"tag-zinas","33":"tag-zinas-no-arvalstim"},"share_on_mastodon":{"url":"https:\/\/pubeurope.com\/@lv\/115977911211896316","error":""},"_links":{"self":[{"href":"https:\/\/www.europesays.com\/lv\/wp-json\/wp\/v2\/posts\/116548","targetHints":{"allow":["GET"]}}],"collection":[{"href":"https:\/\/www.europesays.com\/lv\/wp-json\/wp\/v2\/posts"}],"about":[{"href":"https:\/\/www.europesays.com\/lv\/wp-json\/wp\/v2\/types\/post"}],"author":[{"embeddable":true,"href":"https:\/\/www.europesays.com\/lv\/wp-json\/wp\/v2\/users\/2"}],"replies":[{"embeddable":true,"href":"https:\/\/www.europesays.com\/lv\/wp-json\/wp\/v2\/comments?post=116548"}],"version-history":[{"count":0,"href":"https:\/\/www.europesays.com\/lv\/wp-json\/wp\/v2\/posts\/116548\/revisions"}],"wp:featuredmedia":[{"embeddable":true,"href":"https:\/\/www.europesays.com\/lv\/wp-json\/wp\/v2\/media\/116549"}],"wp:attachment":[{"href":"https:\/\/www.europesays.com\/lv\/wp-json\/wp\/v2\/media?parent=116548"}],"wp:term":[{"taxonomy":"category","embeddable":true,"href":"https:\/\/www.europesays.com\/lv\/wp-json\/wp\/v2\/categories?post=116548"},{"taxonomy":"post_tag","embeddable":true,"href":"https:\/\/www.europesays.com\/lv\/wp-json\/wp\/v2\/tags?post=116548"}],"curies":[{"name":"wp","href":"https:\/\/api.w.org\/{rel}","templated":true}]}}