{"id":116550,"date":"2026-01-29T10:28:08","date_gmt":"2026-01-29T10:28:08","guid":{"rendered":"https:\/\/www.europesays.com\/lv\/116550\/"},"modified":"2026-01-29T10:28:08","modified_gmt":"2026-01-29T10:28:08","slug":"nedelas-nogale-30-gradi-bridina-par-stindzinosu-aukstumu-1188-lv","status":"publish","type":"post","link":"https:\/\/www.europesays.com\/lv\/116550\/","title":{"rendered":"Ned\u0113\u013cas nogal\u0113 -30 gr\u0101di? Br\u012bdina par stindzino\u0161u aukstumu &#8211; 1188.lv"},"content":{"rendered":"<ol>\n<li><a href=\"https:\/\/news.google.com\/rss\/articles\/CBMikgFBVV95cUxNb1lQVlRnQXB0SFBxMWdmMVd4UlBVZUdFZkVXdWJmWWs1Q2d6M2ZqelgxYTR3SXMwYVhEcDV1YXVUUGRzS0VRUkJ5bG1nV0U5TThsRFZNamdfT2hYYkpaQWZUa2ZpdXNuUTZ4VjBSdlBPdFUzVU9qQmZSQ3NLbEVtRXVUSWxucEdTaHV3NmJsRmI4dw?oc=5\" target=\"_blank\" rel=\"nofollow noopener\">Ned\u0113\u013cas nogal\u0113 -30 gr\u0101di? Br\u012bdina par stindzino\u0161u aukstumu<\/a>&nbsp;&nbsp;1188.lv<\/li>\n<li><a href=\"https:\/\/news.google.com\/rss\/articles\/CBMivwFBVV95cUxNTWtYN1R6TkNVTGxyU1ZGanUyVll5ak9nMVptZDl6bGpiQWJyTEpMbDN2eHdmYVB4MkFMb1NLaVJ1VF9Qd0FhWGRjVF9iZXNZZnYxaWI4QzlRQTJMNEJ6UVJmckYyV25WZTI2WUdKcFpmcDBaWG4zWmVBRURnQk9aYl9GbDVBblJlQjE5SHVYYlhZMEItVC1XUEw4MVEtV0paT1RwZWFJNWUwZEVYSXFESU94MXhKa3R5MkptaDk1dw?oc=5\" target=\"_blank\" rel=\"nofollow noopener\">Br\u012bdina par stipru salu Latvijas centr\u0101lajos un austrumu rajonos<\/a>&nbsp;&nbsp;Delfi<\/li>\n<li><a href=\"https:\/\/news.google.com\/rss\/articles\/CBMi4wFBVV95cUxPa2pvNFN6dHpjWE96REhNXzZVcEJHY21MT25PaFJUZlhtSmszbDZzamFTTEpzcUpydkJ4RVltNG5GUGpKaUdPdTBqTlNzM1hDNUxURFlLMHd1eU0ybWtGZ0tCSEh0MkoyWlBjbTd0RXB0ZV9jZ2FPRGdaMDlnSmZHODQ3azdyYS1jYkY2T20wQXE0WlRwX1NXcnNldnRYaWYxS2RUQndEcVZza2JFTGtLS2s1RVJFOTJQam9BdkJDWTliaDhOUTFDRm1XZDNzeXBjVUdCeXZTTW5RX2NUTE9KbHhJQQ?oc=5\" target=\"_blank\" rel=\"nofollow noopener\">Tuv\u0101kaj\u0101s dien\u0101s Latviju sasniegs nebijis aukstums &#8211; viet\u0101m gaiss atdzis\u012bs l\u012bdz &#8211; 33 gr\u0101diem. Zin\u0101ms, kad k\u013c\u016bs silt\u0101ks<\/a>&nbsp;&nbsp;Jauns.lv<\/li>\n<li><a href=\"https:\/\/news.google.com\/rss\/articles\/CBMiiAFBVV95cUxNb0d5Mno5RUFrc0l2UFh4UXlzbnRVNi1BSEZLOS0tQXk5NTQ4T3dsVFRHNXZxYXBWdVI3bS12dzh0S3RRQV82YWdMQzRlVktjUWNtb05qMzBXYVluek1hNG1RY2VGSzlhazJWQTR1Uk1tS2VENTMxcVNDeDRmSHZUTW9lNk1EZ3Fw?oc=5\" target=\"_blank\" rel=\"nofollow noopener\">Izsludina dzelten\u0101s pak\u0101pes br\u012bdin\u0101jumu par salu<\/a>&nbsp;&nbsp;TVNET &#8211; Laika zi\u0146as<\/li>\n<li><a href=\"https:\/\/news.google.com\/rss\/articles\/CBMiswFBVV95cUxNclVqdkdyRWNyYk9xVlNVcUFBZENjVElVdnhSbDFSSXBOQTljbWNSWDRmcXd6X3VsaTR4NkVmSmZNSExBR241SDN4LU9rQS16dlNCdEh2d2dIV2V4c1pPVHhXVE9GX0lwXzJaR2g4OEQwSUROaWt3MkZuVEp5b1BoQ2lreFF3WldNQjhsMG1RX3ZRYVRTUUJhY3Q1cndiaDFhWnZZTDZjTGFfWS01clFYODFwQQ?oc=5\" target=\"_blank\" rel=\"nofollow noopener\">Br\u012bdin\u0101jums par stipru salu: tuv\u0101kaj\u0101s nakt\u012bs gaiss atdzis\u012bs l\u012bdz -29 gr\u0101diem<\/a>&nbsp;&nbsp;talsunovads.lv<\/li>\n<\/ol>\n","protected":false},"excerpt":{"rendered":"Ned\u0113\u013cas nogal\u0113 -30 gr\u0101di? Br\u012bdina par stindzino\u0161u aukstumu&nbsp;&nbsp;1188.lv Br\u012bdina par stipru salu Latvijas centr\u0101lajos un austrumu rajonos&nbsp;&nbsp;Delfi Tuv\u0101kaj\u0101s&hellip;\n","protected":false},"author":2,"featured_media":116551,"comment_status":"","ping_status":"","sticky":false,"template":"","format":"standard","meta":{"footnotes":""},"categories":[5],"tags":[129,1395,3333,23,28,29,32,33,22,30,31,35,39,38,36,37,34,40,20,26,27,3334,1396,3335,1397,24,25,21],"class_list":{"0":"post-116550","1":"post","2":"type-post","3":"status-publish","4":"format-standard","5":"has-post-thumbnail","7":"category-aktualitates","8":"tag-__typenameadvicekeyword","9":"tag-id408","10":"tag-id563","11":"tag-aktualitates","12":"tag-breaking-news","13":"tag-breakingnews","14":"tag-featured-news","15":"tag-featurednews","16":"tag-headlines","17":"tag-latest-news","18":"tag-latestnews","19":"tag-latvia","20":"tag-latvian","21":"tag-latviesu","22":"tag-latviesu-valoda","23":"tag-latviesuvaloda","24":"tag-latvija","25":"tag-lv","26":"tag-news","27":"tag-popularakas-zinas","28":"tag-popularakaszinas","29":"tag-sluglaika-zina","30":"tag-sluglaikapstakli","31":"tag-titlelaika-zina","32":"tag-titlelaikapstakli","33":"tag-top-stories","34":"tag-topstories","35":"tag-zinas"},"share_on_mastodon":{"url":"https:\/\/pubeurope.com\/@lv\/115977919262881656","error":""},"_links":{"self":[{"href":"https:\/\/www.europesays.com\/lv\/wp-json\/wp\/v2\/posts\/116550","targetHints":{"allow":["GET"]}}],"collection":[{"href":"https:\/\/www.europesays.com\/lv\/wp-json\/wp\/v2\/posts"}],"about":[{"href":"https:\/\/www.europesays.com\/lv\/wp-json\/wp\/v2\/types\/post"}],"author":[{"embeddable":true,"href":"https:\/\/www.europesays.com\/lv\/wp-json\/wp\/v2\/users\/2"}],"replies":[{"embeddable":true,"href":"https:\/\/www.europesays.com\/lv\/wp-json\/wp\/v2\/comments?post=116550"}],"version-history":[{"count":0,"href":"https:\/\/www.europesays.com\/lv\/wp-json\/wp\/v2\/posts\/116550\/revisions"}],"wp:featuredmedia":[{"embeddable":true,"href":"https:\/\/www.europesays.com\/lv\/wp-json\/wp\/v2\/media\/116551"}],"wp:attachment":[{"href":"https:\/\/www.europesays.com\/lv\/wp-json\/wp\/v2\/media?parent=116550"}],"wp:term":[{"taxonomy":"category","embeddable":true,"href":"https:\/\/www.europesays.com\/lv\/wp-json\/wp\/v2\/categories?post=116550"},{"taxonomy":"post_tag","embeddable":true,"href":"https:\/\/www.europesays.com\/lv\/wp-json\/wp\/v2\/tags?post=116550"}],"curies":[{"name":"wp","href":"https:\/\/api.w.org\/{rel}","templated":true}]}}