{"id":116560,"date":"2026-01-29T10:34:10","date_gmt":"2026-01-29T10:34:10","guid":{"rendered":"https:\/\/www.europesays.com\/lv\/116560\/"},"modified":"2026-01-29T10:34:10","modified_gmt":"2026-01-29T10:34:10","slug":"raimonda-paula-dziesmu-svetki-plist-pa-vilem-virsdirigenti-atsauc-dalibu-pasakuma-1188-lv","status":"publish","type":"post","link":"https:\/\/www.europesays.com\/lv\/116560\/","title":{"rendered":"Raimonda Paula dziesmu sv\u0113tki &quot;pl\u012bst pa v\u012bl\u0113m&quot; &#8211; virsdiri\u0123enti atsauc dal\u012bbu pas\u0101kum\u0101 &#8211; 1188.lv"},"content":{"rendered":"<ol>\n<li><a href=\"https:\/\/news.google.com\/rss\/articles\/CBMitgFBVV95cUxORWpEaHNaLW8wMmQwVGJ0WDRfRDdNSWlSZkQ4UHdYYlJ4SkEza0R4MUs5cGVEQ1o5bmdrbkJHN0dTSnF2ellwSzJDZHE2ZFB5ZmpIS3JSRk5DaVZUQ3FXM19UR3huVnprWHE1TnFKclRXd19WZFZyZjVDcjlDNmp1NDQzb0lsMWRqWnJTUVdDQTRydE1Wd2I4MTZRX0VCTERicXJGcWpBSjZWeFYyQUR1S3RMQ1YyZw?oc=5\" target=\"_blank\" rel=\"nofollow noopener\">Raimonda Paula dziesmu sv\u0113tki &#8220;pl\u012bst pa v\u012bl\u0113m&#8221; &#8211; virsdiri\u0123enti atsauc dal\u012bbu pas\u0101kum\u0101<\/a>&nbsp;&nbsp;1188.lv<\/li>\n<li><a href=\"https:\/\/news.google.com\/rss\/articles\/CBMi7wFBVV95cUxORDh4dEc5NzQ0UlYwSV9OQS1UdWJZZ3BSelJqSXhqcHFONHpaNV9Cajg4UjNUdVhYRjRWODY4SXdLZDY0SV96ZHVEU3NISVdvSFVaVEhQUU1ZM1ZJdUVwRWwwQXdxXzM2X25uMU00WV9KZ1A0bVBVMEEyTVN5YzNsbGZjSUlHV2xqa0w0X3ZJaWRtTlMySjFsWXhhbzBfdm5Ya1g5Mi03OU5SZUVhcVNENk83LUgyM0VCMF82Rjhyanp5RFdicnZEQ3hEcFlMS0RyMWotbll0dFdGNUFvajRwamE4VmtQNG82M1FMb3RIMA?oc=5\" target=\"_blank\" rel=\"nofollow noopener\">No dal\u012bbas koncert\u0101 \u00abManai dzimtenei\u00bb izst\u0101jas virsdiri\u0123enti; r\u012bkot\u0101ji aicina Maestro uz sarunu<\/a>&nbsp;&nbsp;LSM<\/li>\n<li><a href=\"https:\/\/news.google.com\/rss\/articles\/CBMi8gFBVV95cUxOQzVqZTVldzdUbll4RmZHbGZ1YUhuNjRuMktmMF9lY3cxbms0Y2N1YmtOUkJwWTk0dnNOekYwQnZhNTZhV1dfanFfbEJjMlYyZUlVaGpPdWxzeVk5X1liNXFkWHNWeEplaGp5ampsdkZTamRBcDBMdUxlU29yMHZZUTdrd0lCS1pvd1FXb0JnRzhyZEpselVqYm5rSmp5QmNXWmFaZUhGaDhZNmZHbVhGbXJvR1A0WE96aXBfMkVDQmNkcDRPSHpMNXlvb0ljdU5uazRCSVNxVWpDSzhpam9mSFZhVGpSVnh1QW95YUhuMGJBUQ?oc=5\" target=\"_blank\" rel=\"nofollow noopener\">Raimonda Paula dziesmu sv\u0113tku skand\u0101ls: No koncerta sagatavo\u0161anas izst\u0101jas novadu virsdiri\u0123enti<\/a>&nbsp;&nbsp;Delfi<\/li>\n<li><a href=\"https:\/\/news.google.com\/rss\/articles\/CBMioAFBVV95cUxPb1FVRkx2a1Z1U1lIeE1GNGFvWkt3YjlBMkFYVjlnMzJqYVYzNmxwVTFlRkVlRTFIbmJacHBIcnYyTVV1dEwzcnkweVZWMGl6cDljRzN2ZmNkUlBkaE8zQ2dYeWcwTnoyQTBEQ0hxQkVVZkdpVlMtbEhuTjlpUUVjSmppTFJfQ0pNMkFicVJaUWJYVkNlay14UUpRTkFXYWNh?oc=5\" target=\"_blank\" rel=\"nofollow noopener\">Virsdiri\u0123enti atk\u0101pjas no sv\u0113tku \u201cManai Dzimtenei\u201d sagatavo\u0161anas<\/a>&nbsp;&nbsp;Jauns.lv<\/li>\n<li><a href=\"https:\/\/news.google.com\/rss\/articles\/CBMipwFBVV95cUxQMW5nbHJoQ0h0TEQwZ18yYXMyWWVobHBBV2FCTUhZZ3hkM0pqUFJCalBTeE1RNmM2SU11aUVRM3oxN0tGY2xKZ1g3N1AxWWUzQkt1c1p2NEtqTVNxVmw1VDBqQWlvdWxtUWNoT2w3VjE3SmI5ZzFvanpSYVZ1eEFKdVI3SllJVXFqdEl0Z2JmdU1LSTNOclJVME1qQVpSV2l6VzZNbEh4cw?oc=5\" target=\"_blank\" rel=\"nofollow noopener\">\u201cManai Dzimtenei\u201d organizatoru komanda gatava atk\u0101pties no sv\u0113tku r\u012bko\u0161anas<\/a>&nbsp;&nbsp;Sejas.lv<\/li>\n<\/ol>\n","protected":false},"excerpt":{"rendered":"Raimonda Paula dziesmu sv\u0113tki &#8220;pl\u012bst pa v\u012bl\u0113m&#8221; &#8211; virsdiri\u0123enti atsauc dal\u012bbu pas\u0101kum\u0101&nbsp;&nbsp;1188.lv No dal\u012bbas koncert\u0101 \u00abManai dzimtenei\u00bb izst\u0101jas&hellip;\n","protected":false},"author":2,"featured_media":116561,"comment_status":"","ping_status":"","sticky":false,"template":"","format":"standard","meta":{"footnotes":""},"categories":[5],"tags":[129,289,23,28,29,32,33,22,30,31,35,39,38,36,37,34,40,20,26,27,290,291,24,25,21],"class_list":{"0":"post-116560","1":"post","2":"type-post","3":"status-publish","4":"format-standard","5":"has-post-thumbnail","7":"category-aktualitates","8":"tag-__typenameadvicekeyword","9":"tag-id931","10":"tag-aktualitates","11":"tag-breaking-news","12":"tag-breakingnews","13":"tag-featured-news","14":"tag-featurednews","15":"tag-headlines","16":"tag-latest-news","17":"tag-latestnews","18":"tag-latvia","19":"tag-latvian","20":"tag-latviesu","21":"tag-latviesu-valoda","22":"tag-latviesuvaloda","23":"tag-latvija","24":"tag-lv","25":"tag-news","26":"tag-popularakas-zinas","27":"tag-popularakaszinas","28":"tag-slugkultura","29":"tag-titlekultura","30":"tag-top-stories","31":"tag-topstories","32":"tag-zinas"},"share_on_mastodon":{"url":"https:\/\/pubeurope.com\/@lv\/115977942699661206","error":""},"_links":{"self":[{"href":"https:\/\/www.europesays.com\/lv\/wp-json\/wp\/v2\/posts\/116560","targetHints":{"allow":["GET"]}}],"collection":[{"href":"https:\/\/www.europesays.com\/lv\/wp-json\/wp\/v2\/posts"}],"about":[{"href":"https:\/\/www.europesays.com\/lv\/wp-json\/wp\/v2\/types\/post"}],"author":[{"embeddable":true,"href":"https:\/\/www.europesays.com\/lv\/wp-json\/wp\/v2\/users\/2"}],"replies":[{"embeddable":true,"href":"https:\/\/www.europesays.com\/lv\/wp-json\/wp\/v2\/comments?post=116560"}],"version-history":[{"count":0,"href":"https:\/\/www.europesays.com\/lv\/wp-json\/wp\/v2\/posts\/116560\/revisions"}],"wp:featuredmedia":[{"embeddable":true,"href":"https:\/\/www.europesays.com\/lv\/wp-json\/wp\/v2\/media\/116561"}],"wp:attachment":[{"href":"https:\/\/www.europesays.com\/lv\/wp-json\/wp\/v2\/media?parent=116560"}],"wp:term":[{"taxonomy":"category","embeddable":true,"href":"https:\/\/www.europesays.com\/lv\/wp-json\/wp\/v2\/categories?post=116560"},{"taxonomy":"post_tag","embeddable":true,"href":"https:\/\/www.europesays.com\/lv\/wp-json\/wp\/v2\/tags?post=116560"}],"curies":[{"name":"wp","href":"https:\/\/api.w.org\/{rel}","templated":true}]}}