{"id":116564,"date":"2026-01-29T10:41:08","date_gmt":"2026-01-29T10:41:08","guid":{"rendered":"https:\/\/www.europesays.com\/lv\/116564\/"},"modified":"2026-01-29T10:41:08","modified_gmt":"2026-01-29T10:41:08","slug":"kulturdeva-raidieraksta-muziki-ilga-reizniece-un-maris-muktupavels-raksts","status":"publish","type":"post","link":"https:\/\/www.europesays.com\/lv\/116564\/","title":{"rendered":"\u00abKult\u016brdeva\u00bb raidierakst\u0101. M\u016bzi\u0137i Ilga Reizniece un M\u0101ris Muktup\u0101vels \/ Raksts"},"content":{"rendered":"<p>Raid\u012bjum\u0101 &#8220;Kult\u016brdeva&#8221; viesoj\u0101s grupas &#8220;I\u013c\u0123i&#8221; rado\u0161ie sp\u0113ki Ilga Reizniece un M\u0101ris Muktup\u0101vels.<\/p>\n<p style=\"margin-left:0cm; margin-right:0cm\">Klausies sarunu ne tikai par balvu par m\u016b\u017ea ieguld\u012bjumu m\u016bzik\u0101, ko vi\u0146i sa\u0146ems &#8220;Zelta mikrofona&#8221; ceremonij\u0101, bet ar\u012b par tautas m\u016bziku un t\u0101s m\u016bsdienu interpret\u0101cij\u0101m.<\/p>\n<p>\u00abKult\u016brdeva\u00bb. M\u016bzi\u0137i Ilga Reizniece un M\u0101ris Muktup\u0101vels<\/p>\n<p style=\"margin-left:0cm; margin-right:0cm\">Skaties &#8220;Kult\u016brdevu&#8221;\u00a0sabiedrisk\u0101 medija atska\u0146ot\u0101j\u0101 <a href=\"https:\/\/replay.lsm.lv\/lv\/skaties\/ieraksts\/ltv\/370442\/kulturdeva-kinozinatniece-elina-reitere-un-muziki-llga-reizniece-un-maris-muktupavels\" style=\"color:#0563c1; text-decoration:underline\" target=\"_blank\" rel=\"nofollow noopener\">REplay.lv.<\/a><\/p>\n<p>                    Valodas k\u013c\u016bda rakst\u0101?<\/p>\n<p class=\"d-none d-md-block\">Iez\u012bm\u0113jiet tekstu un spiediet Ctrl+Enter, lai nos\u016bt\u012btu labojamo teksta fragmentu redaktoram! Par faktu k\u013c\u016bd\u0101m l\u016bdzam zi\u0146ot e-past\u0101 <a href=\"https:\/\/www.lsm.lv\/cdn-cgi\/l\/email-protection\" class=\"__cf_email__\" data-cfemail=\"c6b4a3a2a7ada5afaca786aab5abe8aab0\" rel=\"nofollow noopener\" target=\"_blank\">[email\u00a0protected]<\/a>.<\/p>\n<p class=\"d-md-none\">Iez\u012bm\u0113jiet tekstu un spiediet uz Zi\u0146ot par k\u013c\u016bdu pogas, lai nos\u016bt\u012btu labojamo teksta fragmentu redaktoram!<\/p>\n<p>\n                    Zi\u0146ot par k\u013c\u016bdu\n                <\/p>\n","protected":false},"excerpt":{"rendered":"Raid\u012bjum\u0101 &#8220;Kult\u016brdeva&#8221; viesoj\u0101s grupas &#8220;I\u013c\u0123i&#8221; rado\u0161ie sp\u0113ki Ilga Reizniece un M\u0101ris Muktup\u0101vels. Klausies sarunu ne tikai par balvu&hellip;\n","protected":false},"author":2,"featured_media":116565,"comment_status":"","ping_status":"","sticky":false,"template":"","format":"standard","meta":{"footnotes":""},"categories":[19],"tags":[89,90,35,39,38,36,37,34,40],"class_list":{"0":"post-116564","1":"post","2":"type-post","3":"status-publish","4":"format-standard","5":"has-post-thumbnail","7":"category-izklaide","8":"tag-entertainment","9":"tag-izklaide","10":"tag-latvia","11":"tag-latvian","12":"tag-latviesu","13":"tag-latviesu-valoda","14":"tag-latviesuvaloda","15":"tag-latvija","16":"tag-lv"},"share_on_mastodon":{"url":"https:\/\/pubeurope.com\/@lv\/115977970204159634","error":""},"_links":{"self":[{"href":"https:\/\/www.europesays.com\/lv\/wp-json\/wp\/v2\/posts\/116564","targetHints":{"allow":["GET"]}}],"collection":[{"href":"https:\/\/www.europesays.com\/lv\/wp-json\/wp\/v2\/posts"}],"about":[{"href":"https:\/\/www.europesays.com\/lv\/wp-json\/wp\/v2\/types\/post"}],"author":[{"embeddable":true,"href":"https:\/\/www.europesays.com\/lv\/wp-json\/wp\/v2\/users\/2"}],"replies":[{"embeddable":true,"href":"https:\/\/www.europesays.com\/lv\/wp-json\/wp\/v2\/comments?post=116564"}],"version-history":[{"count":0,"href":"https:\/\/www.europesays.com\/lv\/wp-json\/wp\/v2\/posts\/116564\/revisions"}],"wp:featuredmedia":[{"embeddable":true,"href":"https:\/\/www.europesays.com\/lv\/wp-json\/wp\/v2\/media\/116565"}],"wp:attachment":[{"href":"https:\/\/www.europesays.com\/lv\/wp-json\/wp\/v2\/media?parent=116564"}],"wp:term":[{"taxonomy":"category","embeddable":true,"href":"https:\/\/www.europesays.com\/lv\/wp-json\/wp\/v2\/categories?post=116564"},{"taxonomy":"post_tag","embeddable":true,"href":"https:\/\/www.europesays.com\/lv\/wp-json\/wp\/v2\/tags?post=116564"}],"curies":[{"name":"wp","href":"https:\/\/api.w.org\/{rel}","templated":true}]}}