{"id":116567,"date":"2026-01-29T10:50:14","date_gmt":"2026-01-29T10:50:14","guid":{"rendered":"https:\/\/www.europesays.com\/lv\/116567\/"},"modified":"2026-01-29T10:50:14","modified_gmt":"2026-01-29T10:50:14","slug":"francija-arestejusi-krievijas-enu-flotes-tankkugi-1188-lv","status":"publish","type":"post","link":"https:\/\/www.europesays.com\/lv\/116567\/","title":{"rendered":"Francija arest\u0113jusi Krievijas &quot;\u0113nu flotes&quot; tankku\u0123i &#8211; 1188.lv"},"content":{"rendered":"<ol>\n<li><a href=\"https:\/\/news.google.com\/rss\/articles\/CBMiiAFBVV95cUxNM1BPZkFmb0dhRF9MRXl5amZjT19CSjlRMmZkcmRzeEl5LVFqVll3Rzc1Q0NnRTl6YUtyMFphb1ZyR0ZmMWJ6N3A3UDZpWU4yU3NOcGtUb0dDUm00dmItd201eDU5OGFVZzMxNXo0UjRJNXVkajJSNy1nUDBvRE45cmRwcFpPMDdr?oc=5\" target=\"_blank\" rel=\"nofollow noopener\">Francija arest\u0113jusi Krievijas &#8220;\u0113nu flotes&#8221; tankku\u0123i<\/a>&nbsp;&nbsp;1188.lv<\/li>\n<li><a href=\"https:\/\/news.google.com\/rss\/articles\/CBMif0FVX3lxTE4xNHlSS01IbzlNbEZtaTVob1NQcV9maXd4X0VYcDVoLTlGOXZKenZNY3NXT0xoNnIwNXpMbXBNeGplQkRXYTJXdXFvTVlTR0tpeW03NjZKeEhvQmZUa2RCWXZOSThWNW05bExhMFVlVkxjNnNWNHB5bTQ3V3UxX2c?oc=5\" target=\"_blank\" rel=\"nofollow noopener\">Francija arest\u0113 Krievijas &#8220;\u0113nu flotes&#8221; tankku\u0123i<\/a>&nbsp;&nbsp;TVNET<\/li>\n<li><a href=\"https:\/\/news.google.com\/rss\/articles\/CBMitwFBVV95cUxOUUFfTmEyTjBVTE9kanJrM0VmMFlacnUyRm5GdFJKRXhFNUc0d2dIV1g1WGE1VmpkdXUweXY0bWhBMFBkZFJqNzFndkstb0NkQTFSMkNPUGVzRkxnRUxwdEJPM0E1cjA1YUlTQk1Kc2w2NDFPeGhwODZFNXVOamFvSTd3MEc1QU9lbThhbDVWWV9SUjJsckkwb2NRNXJVOEVOZEtLX0Y4VGFqLWRDQzZTbEJSRGpHVmc?oc=5\" target=\"_blank\" rel=\"nofollow noopener\">Francij\u0101 arest\u0113ts aiztur\u0113t\u0101 Krievijas \u00ab\u0113nu ku\u0123a\u00bb kapteinis \/ Raksts<\/a>&nbsp;&nbsp;LSM<\/li>\n<li><a href=\"https:\/\/news.google.com\/rss\/articles\/CBMijgFBVV95cUxNNm5ZMHlxTHRSZUtGVkRZSTRrbUpndE1mMml2YXdmX0RzUDgyeEJnUUxBWmF6eVVGOHJTaEhDQjh2U1FFU2RIc2pnZmlMNUVNNGFDaHk2LWEtRmJNdGJraTM3SU8tMHJsOFczTDVrT3d1Y0hmVWRjR2gyS2ZDVGdTQWtHY0VITHRJOWZYN193?oc=5\" target=\"_blank\" rel=\"nofollow noopener\">Francija aiztur\u0113jusi Krievijas &#8220;\u0113nu flotes&#8221; ku\u0123a kapteini<\/a>&nbsp;&nbsp;Apollo.lv<\/li>\n<li><a href=\"https:\/\/news.google.com\/rss\/articles\/CBMiqgFBVV95cUxOS2twQ0UxV2oydFVxektsNjE1b1NTaHh6NkphM192UE5iSlQxYzM4TVpYZnNUSVlSTi15UFBBbXFHaVNpaFpwc1p6NTVvMDlvRUFOYXRUVE9uRmJGVXRvZXloMl9rd2Eza2U2RmRZNW9ERW9RVDZuWF9VZEEtYVNRNk0zdWRscjdXZTJvemx6a3Uxc3oyZ19SYmcyRGwzMXpydTE1Q3d1WERLQQ?oc=5\" target=\"_blank\" rel=\"nofollow noopener\">Francijas nagos Vidusj\u016br\u0101 nok\u013c\u016bst Krievijas &#8220;\u0113nu flotes&#8221; ku\u0123is &#8220;Grinch&#8221;<\/a>&nbsp;&nbsp;Jauns.lv<\/li>\n<\/ol>\n","protected":false},"excerpt":{"rendered":"Francija arest\u0113jusi Krievijas &#8220;\u0113nu flotes&#8221; tankku\u0123i&nbsp;&nbsp;1188.lv Francija arest\u0113 Krievijas &#8220;\u0113nu flotes&#8221; tankku\u0123i&nbsp;&nbsp;TVNET Francij\u0101 arest\u0113ts aiztur\u0113t\u0101 Krievijas \u00ab\u0113nu ku\u0123a\u00bb&hellip;\n","protected":false},"author":2,"featured_media":116568,"comment_status":"","ping_status":"","sticky":false,"template":"","format":"standard","meta":{"footnotes":""},"categories":[14],"tags":[129,2334,2392,23,57,28,29,32,33,22,30,31,35,39,38,36,37,34,40,20,26,27,2393,2335,2394,2336,24,25,54,55,56,21,58],"class_list":{"0":"post-116567","1":"post","2":"type-post","3":"status-publish","4":"format-standard","5":"has-post-thumbnail","7":"category-zinas-no-arvalstim","8":"tag-__typenameadvicekeyword","9":"tag-id554","10":"tag-id738","11":"tag-aktualitates","12":"tag-arvalstim","13":"tag-breaking-news","14":"tag-breakingnews","15":"tag-featured-news","16":"tag-featurednews","17":"tag-headlines","18":"tag-latest-news","19":"tag-latestnews","20":"tag-latvia","21":"tag-latvian","22":"tag-latviesu","23":"tag-latviesu-valoda","24":"tag-latviesuvaloda","25":"tag-latvija","26":"tag-lv","27":"tag-news","28":"tag-popularakas-zinas","29":"tag-popularakaszinas","30":"tag-slugfrancija","31":"tag-slugkrievija","32":"tag-titlefrancija","33":"tag-titlekrievija","34":"tag-top-stories","35":"tag-topstories","36":"tag-world","37":"tag-world-news","38":"tag-worldnews","39":"tag-zinas","40":"tag-zinas-no-arvalstim"},"share_on_mastodon":{"url":"https:\/\/pubeurope.com\/@lv\/115978005599790194","error":""},"_links":{"self":[{"href":"https:\/\/www.europesays.com\/lv\/wp-json\/wp\/v2\/posts\/116567","targetHints":{"allow":["GET"]}}],"collection":[{"href":"https:\/\/www.europesays.com\/lv\/wp-json\/wp\/v2\/posts"}],"about":[{"href":"https:\/\/www.europesays.com\/lv\/wp-json\/wp\/v2\/types\/post"}],"author":[{"embeddable":true,"href":"https:\/\/www.europesays.com\/lv\/wp-json\/wp\/v2\/users\/2"}],"replies":[{"embeddable":true,"href":"https:\/\/www.europesays.com\/lv\/wp-json\/wp\/v2\/comments?post=116567"}],"version-history":[{"count":0,"href":"https:\/\/www.europesays.com\/lv\/wp-json\/wp\/v2\/posts\/116567\/revisions"}],"wp:featuredmedia":[{"embeddable":true,"href":"https:\/\/www.europesays.com\/lv\/wp-json\/wp\/v2\/media\/116568"}],"wp:attachment":[{"href":"https:\/\/www.europesays.com\/lv\/wp-json\/wp\/v2\/media?parent=116567"}],"wp:term":[{"taxonomy":"category","embeddable":true,"href":"https:\/\/www.europesays.com\/lv\/wp-json\/wp\/v2\/categories?post=116567"},{"taxonomy":"post_tag","embeddable":true,"href":"https:\/\/www.europesays.com\/lv\/wp-json\/wp\/v2\/tags?post=116567"}],"curies":[{"name":"wp","href":"https:\/\/api.w.org\/{rel}","templated":true}]}}