{"id":116569,"date":"2026-01-29T10:51:07","date_gmt":"2026-01-29T10:51:07","guid":{"rendered":"https:\/\/www.europesays.com\/lv\/116569\/"},"modified":"2026-01-29T10:51:07","modified_gmt":"2026-01-29T10:51:07","slug":"atd-iepirkumos-sola-prieksrocibas-parvadatajiem-ar-augstaku-soferu-atalgojumu","status":"publish","type":"post","link":"https:\/\/www.europesays.com\/lv\/116569\/","title":{"rendered":"ATD iepirkumos sola priek\u0161roc\u012bbas p\u0101rvad\u0101t\u0101jiem ar augst\u0101ku \u0161oferu atalgojumu"},"content":{"rendered":"<p>ATD r\u012bc\u012bb\u0101 eso\u0161\u0101 inform\u0101cija liecina, ka atalgojuma likme sabiedrisk\u0101 transporta vad\u012bt\u0101jiem patlaban sv\u0101rst\u0101s no asto\u0146iem l\u012bdz 12 eiro stund\u0101. T\u0101d\u0113j\u0101di apgalvojumi, ka nozar\u0113 visi sabiedrisk\u0101 transporta vad\u012bt\u0101ji patlaban str\u0101d\u0101 ar likmi 5,5 eiro stund\u0101, ir nepatiesi.<\/p>\n<p>LETA jau zi\u0146oja, ka otrdien, 27. janv\u0101r\u012b, re\u0123ion\u0101l\u0101 sabiedrisk\u0101 transporta pasa\u017eieru p\u0101rvad\u0101t\u0101ji tik\u0101s ar ATD un satiksmes ministru Ati \u0160vinku (P), lai p\u0101rrun\u0101tu aktu\u0101lo situ\u0101ciju p\u0101rvad\u0101jumu nozar\u0113, tostarp \u0161oferu algas.<\/p>\n<p>Latvijas Pasa\u017eieru p\u0101rvad\u0101t\u0101ju asoci\u0101cijas (LPPA) prezidents Ivo O\u0161enieks p\u0113c san\u0101ksmes nor\u0101d\u012bja, ka san\u0101ksm\u0113 notika konstrukt\u012bvs dialogs starp iesaist\u012btaj\u0101m pus\u0113m, tom\u0113r dialogs &#8220;nevar b\u016bt m\u016b\u017e\u012bgs&#8221;, jo ir nepiecie\u0161ami konkr\u0113ti risin\u0101jumi un l\u0113mumi.<\/p>\n<p>O\u0161enieks nor\u0101d\u012bja, ka p\u0101rvad\u0101t\u0101ju protesta akcija ir izstr\u0101des stadij\u0101, t\u0101d\u0113\u013c pla\u0161\u0101kus koment\u0101rus par akcijas form\u0101tu var\u0113s sniegt v\u0113l\u0101k. Vienlaikus vi\u0146\u0161 piebilda, ka akcijas r\u012bko\u0161ana b\u016bs atkar\u012bga ar\u012b no n\u0101kam\u0101s san\u0101ksmes izn\u0101kuma, kas notiks 10. febru\u0101r\u012b, piem\u0113ram, attiec\u012bb\u0101 uz \u0161oferu algu jaut\u0101jumu.<\/p>\n","protected":false},"excerpt":{"rendered":"ATD r\u012bc\u012bb\u0101 eso\u0161\u0101 inform\u0101cija liecina, ka atalgojuma likme sabiedrisk\u0101 transporta vad\u012bt\u0101jiem patlaban sv\u0101rst\u0101s no asto\u0146iem l\u012bdz 12 eiro&hellip;\n","protected":false},"author":2,"featured_media":116570,"comment_status":"","ping_status":"","sticky":false,"template":"","format":"standard","meta":{"footnotes":""},"categories":[12],"tags":[23,28,29,32,33,22,30,31,35,39,38,36,37,34,40,20,26935,26,27,1954,24,25,4957,4882,21],"class_list":{"0":"post-116569","1":"post","2":"type-post","3":"status-publish","4":"format-standard","5":"has-post-thumbnail","7":"category-latvija","8":"tag-aktualitates","9":"tag-breaking-news","10":"tag-breakingnews","11":"tag-featured-news","12":"tag-featurednews","13":"tag-headlines","14":"tag-latest-news","15":"tag-latestnews","16":"tag-latvia","17":"tag-latvian","18":"tag-latviesu","19":"tag-latviesu-valoda","20":"tag-latviesuvaloda","21":"tag-latvija","22":"tag-lv","23":"tag-news","24":"tag-parvadajumi","25":"tag-popularakas-zinas","26":"tag-popularakaszinas","27":"tag-sabiedriskais-transports","28":"tag-top-stories","29":"tag-topstories","30":"tag-transports","31":"tag-transports-un-logistika","32":"tag-zinas"},"share_on_mastodon":{"url":"https:\/\/pubeurope.com\/@lv\/115978009515831385","error":""},"_links":{"self":[{"href":"https:\/\/www.europesays.com\/lv\/wp-json\/wp\/v2\/posts\/116569","targetHints":{"allow":["GET"]}}],"collection":[{"href":"https:\/\/www.europesays.com\/lv\/wp-json\/wp\/v2\/posts"}],"about":[{"href":"https:\/\/www.europesays.com\/lv\/wp-json\/wp\/v2\/types\/post"}],"author":[{"embeddable":true,"href":"https:\/\/www.europesays.com\/lv\/wp-json\/wp\/v2\/users\/2"}],"replies":[{"embeddable":true,"href":"https:\/\/www.europesays.com\/lv\/wp-json\/wp\/v2\/comments?post=116569"}],"version-history":[{"count":0,"href":"https:\/\/www.europesays.com\/lv\/wp-json\/wp\/v2\/posts\/116569\/revisions"}],"wp:featuredmedia":[{"embeddable":true,"href":"https:\/\/www.europesays.com\/lv\/wp-json\/wp\/v2\/media\/116570"}],"wp:attachment":[{"href":"https:\/\/www.europesays.com\/lv\/wp-json\/wp\/v2\/media?parent=116569"}],"wp:term":[{"taxonomy":"category","embeddable":true,"href":"https:\/\/www.europesays.com\/lv\/wp-json\/wp\/v2\/categories?post=116569"},{"taxonomy":"post_tag","embeddable":true,"href":"https:\/\/www.europesays.com\/lv\/wp-json\/wp\/v2\/tags?post=116569"}],"curies":[{"name":"wp","href":"https:\/\/api.w.org\/{rel}","templated":true}]}}