{"id":116573,"date":"2026-01-29T10:53:08","date_gmt":"2026-01-29T10:53:08","guid":{"rendered":"https:\/\/www.europesays.com\/lv\/116573\/"},"modified":"2026-01-29T10:53:08","modified_gmt":"2026-01-29T10:53:08","slug":"aktieris-gundars-abolins-bridina-par-aizdomigu-incidentu-garciema","status":"publish","type":"post","link":"https:\/\/www.europesays.com\/lv\/116573\/","title":{"rendered":"Aktieris Gundars \u0100boli\u0146\u0161 br\u012bdina par aizdom\u012bgu incidentu Garciem\u0101"},"content":{"rendered":"<p>K\u0101 raksta \u0100boli\u0146\u0161, 28. janv\u0101r\u012b vi\u0146a pagalm\u0101 esot iebraukusi neliela automa\u0161\u012bna, par ko liecinot riepu nospiedumi, un nepaz\u012bstamas personas bez uzaicin\u0101juma m\u0113\u0123in\u0101ju\u0161as apiet apk\u0101rt m\u0101jai, ko apliecina p\u0113du nospiedumi snieg\u0101. Ierakst\u0101 vi\u0146\u0161 pie\u013cauj, ka novad\u0101 var\u0113tu b\u016bt par\u0101d\u012bju\u0161ies nel\u016bgti \u201cpal\u012bdz\u012bbas\u201d pied\u0101v\u0101t\u0101ji vai citas nev\u0113lamas personas, un aicina iedz\u012bvot\u0101jus b\u016bt modriem.<\/p>\n","protected":false},"excerpt":{"rendered":"K\u0101 raksta \u0100boli\u0146\u0161, 28. janv\u0101r\u012b vi\u0146a pagalm\u0101 esot iebraukusi neliela automa\u0161\u012bna, par ko liecinot riepu nospiedumi, un nepaz\u012bstamas&hellip;\n","protected":false},"author":2,"featured_media":116574,"comment_status":"","ping_status":"","sticky":false,"template":"","format":"standard","meta":{"footnotes":""},"categories":[19],"tags":[89,90,35,39,38,36,37,34,40],"class_list":{"0":"post-116573","1":"post","2":"type-post","3":"status-publish","4":"format-standard","5":"has-post-thumbnail","7":"category-izklaide","8":"tag-entertainment","9":"tag-izklaide","10":"tag-latvia","11":"tag-latvian","12":"tag-latviesu","13":"tag-latviesu-valoda","14":"tag-latviesuvaloda","15":"tag-latvija","16":"tag-lv"},"share_on_mastodon":{"url":"https:\/\/pubeurope.com\/@lv\/115978017350876054","error":""},"_links":{"self":[{"href":"https:\/\/www.europesays.com\/lv\/wp-json\/wp\/v2\/posts\/116573","targetHints":{"allow":["GET"]}}],"collection":[{"href":"https:\/\/www.europesays.com\/lv\/wp-json\/wp\/v2\/posts"}],"about":[{"href":"https:\/\/www.europesays.com\/lv\/wp-json\/wp\/v2\/types\/post"}],"author":[{"embeddable":true,"href":"https:\/\/www.europesays.com\/lv\/wp-json\/wp\/v2\/users\/2"}],"replies":[{"embeddable":true,"href":"https:\/\/www.europesays.com\/lv\/wp-json\/wp\/v2\/comments?post=116573"}],"version-history":[{"count":0,"href":"https:\/\/www.europesays.com\/lv\/wp-json\/wp\/v2\/posts\/116573\/revisions"}],"wp:featuredmedia":[{"embeddable":true,"href":"https:\/\/www.europesays.com\/lv\/wp-json\/wp\/v2\/media\/116574"}],"wp:attachment":[{"href":"https:\/\/www.europesays.com\/lv\/wp-json\/wp\/v2\/media?parent=116573"}],"wp:term":[{"taxonomy":"category","embeddable":true,"href":"https:\/\/www.europesays.com\/lv\/wp-json\/wp\/v2\/categories?post=116573"},{"taxonomy":"post_tag","embeddable":true,"href":"https:\/\/www.europesays.com\/lv\/wp-json\/wp\/v2\/tags?post=116573"}],"curies":[{"name":"wp","href":"https:\/\/api.w.org\/{rel}","templated":true}]}}