{"id":116575,"date":"2026-01-29T10:56:06","date_gmt":"2026-01-29T10:56:06","guid":{"rendered":"https:\/\/www.europesays.com\/lv\/116575\/"},"modified":"2026-01-29T10:56:06","modified_gmt":"2026-01-29T10:56:06","slug":"tramps-mainijis-retoriku-pret-iranu-koncentrejas-uz-kodolprogrammu-raksts","status":"publish","type":"post","link":"https:\/\/www.europesays.com\/lv\/116575\/","title":{"rendered":"Tramps main\u012bjis retoriku pret Ir\u0101nu, koncentr\u0113jas uz kodolprogrammu \/ Raksts"},"content":{"rendered":"<p>ASV\u00a0prezidents Donalds Tramps\u00a0atkal atgriezies pie dom\u0101m par iesp\u0113jamu milit\u0101ru v\u0113r\u0161anos pret Ir\u0101nu. Par to v\u0113sta telekan\u0101ls CNN, kas nor\u0101da, ka l\u0113mums v\u0113l nav pie\u0146emts. Tikm\u0113r telekan\u0101la &#8220;Sky News&#8221;\u00a0\u017eurn\u0101lists Va\u0161ington\u0101 D\u017eeimss Metj\u016bzs nor\u0101da, ka Tramps tagad run\u0101 par Ir\u0101nas kodolprogrammu, nevis pal\u012bdz\u012bbu\u00a0protest\u0113t\u0101jiem.\u00a0<\/p>\n<p>P\u0113d\u0113jo dienu laik\u0101 ASV retorika pret Ir\u0101nu ir k\u013cuvusi as\u0101ka. T\u0101pat ASV\u00a0milit\u0101ras darb\u012bbas Tuvo Austrumu re\u0123ion\u0101 var\u0113tu liecin\u0101t par gatavo\u0161anos konfront\u0101cijai.\u00a0<\/p>\n<p>Va\u0161ingtona un Teher\u0101na ir iesaist\u012bju\u0161\u0101s sarun\u0101s par Ir\u0101nas kodolprogrammas ierobe\u017eo\u0161anu, ta\u010du taj\u0101s nav izdevies pan\u0101kt progresu, t\u0101d\u0113\u013c ASV\u00a0milit\u0101ra izr\u0101d\u012b\u0161an\u0101s varb\u016bt ir veids, k\u0101 izdar\u012bt spiedienu.\u00a0<\/p>\n<p>Tramps ievietojis ierakstu vietn\u0113 &#8220;Truth Social&#8221;, pieprasot Ir\u0101nai s\u0113sties pie sarunu galda, lai vienotos par taisn\u012bgu un objekt\u012bvu vieno\u0161anos. Vi\u0146\u0161 br\u012bdin\u0101ja, ka n\u0101kamais ASV uzbrukums valstij b\u016bs daudz \u013caun\u0101ks nek\u0101 tas, ko Va\u0161ingtona veica pag\u0101ju\u0161aj\u0101 vasar\u0101, kad ASV armija uzbruka trim Ir\u0101nas kodolobjektiem.\u00a0<\/p>\n<p>\u017durn\u0101lists\u00a0Metj\u016bzs nor\u0101da, ka p\u0113d\u0113jo dienu laik\u0101\u00a0Tramps bie\u017e\u0101k run\u0101 par Ir\u0101nas kodolprogrammu, nevis pal\u012bdz\u012bbu protest\u0113t\u0101jiem:\u00a0<\/p>\n<p>&#8220;Ierakst\u0101 &#8220;Truth Social&#8221; redzams, ka Tramps neatsauc\u0101s uz tiem, kas Ir\u0101n\u0101 protest\u0113, kas bija vi\u0146a milit\u0101ro draudu centr\u0101 v\u0113l pirms div\u0101m ned\u0113\u013c\u0101m. Atcerieties teikto \u2013 pal\u012bdz\u012bba ir ce\u013c\u0101..? Bet viens jaut\u0101jums b\u016btu \u2013 vai ir main\u012bjies vi\u0146a r\u012bc\u012bbas priek\u0161noteikums? Tramps raksta fr\u0101zi \u2013 &#8220;bez kodoliero\u010diem&#8221;, t\u0101tad runa ir par Ir\u0101nas kodolprogrammas ierobe\u017eo\u0161anu.\u00a0<\/p>\n<blockquote>\n<p>Vai tas nor\u0101da uz fokusa mai\u0146u? Jo c\u012b\u0146a ar Ir\u0101nas kodoliero\u010du amb\u012bcij\u0101m b\u016btu cit\u0101da milit\u0101ra oper\u0101cija nek\u0101 t\u0101, kuras m\u0113r\u0137is b\u016btu pal\u012bdz\u0113t protest\u0113t\u0101jiem ar to, ko vi\u0146i v\u0113las, proti, re\u017e\u012bma mai\u0146u.&#8221;\u00a0<\/p>\n<\/blockquote>\n<p>Telekan\u0101ls CNN, atsaucoties uz saviem avotiem, v\u0113sta, ka iesp\u0113jas, ko Tramps pa\u0161laik apsver, ietver ASV milit\u0101ros gaisa triecienus\u00a0v\u0113rst\u00a0pret Ir\u0101nas vad\u012bt\u0101jiem un dro\u0161\u012bbas amatperson\u0101m, kuras tiek uzskat\u012btas par atbild\u012bg\u0101m par protest\u0113t\u0101ju slepkav\u012bb\u0101m.\u00a0T\u0101pat past\u0101v opcija veikt triecienus pa Ir\u0101nas kodolobjektiem un vald\u012bbas iest\u0101d\u0113m.\u00a0<\/p>\n<p>Tramps v\u0113l neesot pie\u0146\u0113mis gal\u012bgo l\u0113mumu par to, k\u0101 r\u012bkoties t\u0101l\u0101k, ta\u010du vi\u0146\u0161 uzskata, ka tagad, kad re\u0123ion\u0101 atrodas pla\u0161\u0101ki ASV sp\u0113ki, vi\u0146a milit\u0101r\u0101s iesp\u0113jas ir papla\u0161in\u0101ju\u0161\u0101s.\u00a0<\/p>\n<p>ASV Valsts sekret\u0101rs Marko Rubio Sen\u0101t\u0101 run\u0101ja par to, ka Ir\u0101nas re\u017e\u012bms ir p\u0113d\u0113j\u0101s desmitgad\u0113s v\u0101j\u0101kais re\u017e\u012bms un piemin\u0113ja ASV sp\u0113ku potenci\u0101lu veikt prevent\u012bvus triecienus pret Ir\u0101nu.\u00a0<\/p>\n<p>Tikm\u0113r Trampa &#8220;Make America Great Again&#8221; jeb MAGA politikas atbalst\u012bt\u0101ji,\u00a0kas paz\u012bstami\u00a0ar savu nepatiku pret ASV iesaist\u012b\u0161anos \u0101rvalstu karos, ir atbalst\u012bju\u0161i\u00a0administr\u0101cijas agres\u012bvo milit\u0101r\u0101 sp\u0113ka izmanto\u0161anu \u0101rvalst\u012bs un stingri atbalst\u012btu v\u0113l pla\u0161\u0101ku sp\u0113ka izmanto\u0161anu, zi\u0146o &#8220;Politico&#8221;.\u00a0<\/p>\n<blockquote>\n<p>Izdevuma\u00a0veiktaj\u0101\u00a0aptauj\u0101 aptuveni 50 % Trampa v\u0113l\u0113t\u0101ju atbalst\u012bja milit\u0101ru iejauk\u0161anos Ir\u0101n\u0101.\u00a0<\/p>\n<\/blockquote>\n<p>Demokr\u0101tu pus\u0113 skats gan nav atbalsto\u0161s, jo saska\u0146\u0101 ar vienu no aptauj\u0101m tikai 18 % v\u0113l\u0113t\u0101ju, kas p\u0113d\u0113j\u0101s prezidenta v\u0113l\u0113\u0161an\u0101s atbalst\u012bja biju\u0161o viceprezidenti Kamalu Harisu, atbalsta ASV milit\u0101ro r\u012bc\u012bbu pret Ir\u0101nu.<\/p>\n<p>                    Valodas k\u013c\u016bda rakst\u0101?<\/p>\n<p class=\"d-none d-md-block\">Iez\u012bm\u0113jiet tekstu un spiediet Ctrl+Enter, lai nos\u016bt\u012btu labojamo teksta fragmentu redaktoram! Par faktu k\u013c\u016bd\u0101m l\u016bdzam zi\u0146ot e-past\u0101 <a href=\"https:\/\/www.lsm.lv\/cdn-cgi\/l\/email-protection\" class=\"__cf_email__\" data-cfemail=\"30425554515b53595a51705c435d1e5c46\" rel=\"nofollow noopener\" target=\"_blank\">[email\u00a0protected]<\/a>.<\/p>\n<p class=\"d-md-none\">Iez\u012bm\u0113jiet tekstu un spiediet uz Zi\u0146ot par k\u013c\u016bdu pogas, lai nos\u016bt\u012btu labojamo teksta fragmentu redaktoram!<\/p>\n<p>\n                    Zi\u0146ot par k\u013c\u016bdu\n                <\/p>\n","protected":false},"excerpt":{"rendered":"ASV\u00a0prezidents Donalds Tramps\u00a0atkal atgriezies pie dom\u0101m par iesp\u0113jamu milit\u0101ru v\u0113r\u0161anos pret Ir\u0101nu. Par to v\u0113sta telekan\u0101ls CNN, kas&hellip;\n","protected":false},"author":2,"featured_media":116576,"comment_status":"","ping_status":"","sticky":false,"template":"","format":"standard","meta":{"footnotes":""},"categories":[14],"tags":[23,57,28,29,32,33,22,30,31,35,39,38,36,37,34,40,20,26,27,24,25,54,55,56,21,58],"class_list":{"0":"post-116575","1":"post","2":"type-post","3":"status-publish","4":"format-standard","5":"has-post-thumbnail","7":"category-zinas-no-arvalstim","8":"tag-aktualitates","9":"tag-arvalstim","10":"tag-breaking-news","11":"tag-breakingnews","12":"tag-featured-news","13":"tag-featurednews","14":"tag-headlines","15":"tag-latest-news","16":"tag-latestnews","17":"tag-latvia","18":"tag-latvian","19":"tag-latviesu","20":"tag-latviesu-valoda","21":"tag-latviesuvaloda","22":"tag-latvija","23":"tag-lv","24":"tag-news","25":"tag-popularakas-zinas","26":"tag-popularakaszinas","27":"tag-top-stories","28":"tag-topstories","29":"tag-world","30":"tag-world-news","31":"tag-worldnews","32":"tag-zinas","33":"tag-zinas-no-arvalstim"},"share_on_mastodon":{"url":"https:\/\/pubeurope.com\/@lv\/115978029263811255","error":""},"_links":{"self":[{"href":"https:\/\/www.europesays.com\/lv\/wp-json\/wp\/v2\/posts\/116575","targetHints":{"allow":["GET"]}}],"collection":[{"href":"https:\/\/www.europesays.com\/lv\/wp-json\/wp\/v2\/posts"}],"about":[{"href":"https:\/\/www.europesays.com\/lv\/wp-json\/wp\/v2\/types\/post"}],"author":[{"embeddable":true,"href":"https:\/\/www.europesays.com\/lv\/wp-json\/wp\/v2\/users\/2"}],"replies":[{"embeddable":true,"href":"https:\/\/www.europesays.com\/lv\/wp-json\/wp\/v2\/comments?post=116575"}],"version-history":[{"count":0,"href":"https:\/\/www.europesays.com\/lv\/wp-json\/wp\/v2\/posts\/116575\/revisions"}],"wp:featuredmedia":[{"embeddable":true,"href":"https:\/\/www.europesays.com\/lv\/wp-json\/wp\/v2\/media\/116576"}],"wp:attachment":[{"href":"https:\/\/www.europesays.com\/lv\/wp-json\/wp\/v2\/media?parent=116575"}],"wp:term":[{"taxonomy":"category","embeddable":true,"href":"https:\/\/www.europesays.com\/lv\/wp-json\/wp\/v2\/categories?post=116575"},{"taxonomy":"post_tag","embeddable":true,"href":"https:\/\/www.europesays.com\/lv\/wp-json\/wp\/v2\/tags?post=116575"}],"curies":[{"name":"wp","href":"https:\/\/api.w.org\/{rel}","templated":true}]}}