{"id":116577,"date":"2026-01-29T10:57:12","date_gmt":"2026-01-29T10:57:12","guid":{"rendered":"https:\/\/www.europesays.com\/lv\/116577\/"},"modified":"2026-01-29T10:57:12","modified_gmt":"2026-01-29T10:57:12","slug":"centraltirgus-parvertisies-par-ko-ekskluzivu-vai-izzudis-nomnieki-stresa-par-savu-nakotni","status":"publish","type":"post","link":"https:\/\/www.europesays.com\/lv\/116577\/","title":{"rendered":"Centr\u0101ltirgus p\u0101rv\u0113rt\u012bsies par ko ekskluz\u012bvu vai izzud\u012bs? Nomnieki stres\u0101 par savu n\u0101kotni"},"content":{"rendered":"<p>    <img decoding=\"async\" src=\"https:\/\/www.europesays.com\/lv\/wp-content\/uploads\/2026\/01\/LET_24868803-1024x728.jpg\" alt=\"&#10;SIA \u201cR\u012bgas nami\u201d p\u0101rst\u0101ve Dita V\u012bndedze (priek\u0161pl\u0101n\u0101) R\u012bgas Centr\u0101ltirg\u016b (RC), kura laik\u0101 \u0101rvalstu eksperti \u2013 pils\u0113tpl\u0101not\u0101ji un arhitekti apmekl\u0113 tirgu, lai izstr\u0101d\u0101tu att\u012bst\u012bbas priek\u0161likumus R\u012bgas v\u0113sturiskajam centram, \u012bpa\u0161u uzman\u012bbu piev\u0113r\u0161ot RC un t\u0101 piegu\u013co\u0161aj\u0101m teritorij\u0101m.&#10;\"\/><\/p>\n<p>SIA \u201cR\u012bgas nami\u201d p\u0101rst\u0101ve Dita V\u012bndedze (priek\u0161pl\u0101n\u0101) R\u012bgas Centr\u0101ltirg\u016b (RC), kura laik\u0101 \u0101rvalstu eksperti \u2013 pils\u0113tpl\u0101not\u0101ji un arhitekti apmekl\u0113 tirgu, lai izstr\u0101d\u0101tu att\u012bst\u012bbas priek\u0161likumus R\u012bgas v\u0113sturiskajam centram, \u012bpa\u0161u uzman\u012bbu piev\u0113r\u0161ot RC un t\u0101 piegu\u013co\u0161aj\u0101m teritorij\u0101m.<\/p>\n<p>Foto. LETA\/Paula \u010curkste\n<\/p>\n<p> Virkne tirgot\u0101ju ir neapmierin\u0101ti ar b\u016btisku nomas maksu k\u0101pumu R\u012bgas Centr\u0101ltirg\u016b, v\u0113sta \u201cLatvijas Av\u012bze\u201d. Nomas maksas k\u0101pums atsevi\u0161\u0137\u0101s tirgus viet\u0101s, piem\u0113ram, Gastronomijas paviljon\u0101, sasniedz pat 79%, v\u0113sta laikraksts. Citos paviljonos nomas cenas pieaugums ir zem\u0101ks. <\/p>\n<p>        Las\u012bt\u0101kie<br \/>\n        <a data-imagesrc=\"{&quot;300&quot;:&quot;https:\\\/\\\/lastatic.ams3.cdn.digitaloceanspaces.com\\\/2019\\\/06\\\/attractive-beautiful-cheerful-15366191-300x200.jpg&quot;,&quot;768&quot;:&quot;https:\\\/\\\/lastatic.ams3.cdn.digitaloceanspaces.com\\\/2019\\\/06\\\/attractive-beautiful-cheerful-15366191-768x512.jpg&quot;,&quot;200&quot;:&quot;https:\\\/\\\/lastatic.ams3.cdn.digitaloceanspaces.com\\\/2019\\\/06\\\/attractive-beautiful-cheerful-15366191-200x133.jpg&quot;,&quot;400&quot;:&quot;https:\\\/\\\/lastatic.ams3.cdn.digitaloceanspaces.com\\\/2019\\\/06\\\/attractive-beautiful-cheerful-15366191-400x267.jpg&quot;,&quot;500&quot;:&quot;https:\\\/\\\/lastatic.ams3.cdn.digitaloceanspaces.com\\\/2019\\\/06\\\/attractive-beautiful-cheerful-15366191-500x333.jpg&quot;,&quot;800&quot;:&quot;https:\\\/\\\/lastatic.ams3.cdn.digitaloceanspaces.com\\\/2019\\\/06\\\/attractive-beautiful-cheerful-15366191-800x533.jpg&quot;,&quot;900&quot;:&quot;https:\\\/\\\/lastatic.ams3.cdn.digitaloceanspaces.com\\\/2019\\\/06\\\/attractive-beautiful-cheerful-15366191.jpg&quot;}\" data-focuspoint=\"&quot;&quot;\" data-p=\"2501980\" href=\"https:\/\/www.la.lv\/janvari-dzimusos-vislabak-raksturo-vards-speks-bet-marta-lidzjutiba-luk-ko-par-jums-atklaj-jusu-dzimsanas-menesis\" class=\"content-item lazy-load\" wp_automatic_readability=\"27.5\" rel=\"nofollow noopener\" target=\"_blank\"><\/p>\n<p>                                <img decoding=\"async\" src=\"\" alt=\"\" style=\"\" data-imageid=\"\"\/><\/p>\n<p>                                Kokteilis<\/p>\n<p>\n                                                Janv\u0101r\u012b dzimu\u0161os vislab\u0101k raksturo v\u0101rds \u201csp\u0113ks\u201d, bet mart\u0101 \u2013 \u201cl\u012bdzj\u016bt\u012bba\u201d. L\u016bk, ko par jums atkl\u0101j j\u016bsu dzim\u0161anas m\u0113nesis\n                            <\/p>\n<p><\/a><a data-imagesrc=\"{&quot;300&quot;:&quot;https:\\\/\\\/lastatic.ams3.cdn.digitaloceanspaces.com\\\/2013\\\/10\\\/g1\\\/ledaji1-300x191.jpg&quot;,&quot;1024&quot;:&quot;https:\\\/\\\/lastatic.ams3.cdn.digitaloceanspaces.com\\\/2013\\\/10\\\/g1\\\/ledaji1-1024x652.jpg&quot;,&quot;80&quot;:&quot;https:\\\/\\\/lastatic.ams3.cdn.digitaloceanspaces.com\\\/2013\\\/10\\\/g1\\\/ledaji1-80x48.jpg&quot;,&quot;112&quot;:&quot;https:\\\/\\\/lastatic.ams3.cdn.digitaloceanspaces.com\\\/2013\\\/10\\\/g1\\\/ledaji1-112x64.jpg&quot;,&quot;664&quot;:&quot;https:\\\/\\\/lastatic.ams3.cdn.digitaloceanspaces.com\\\/2013\\\/10\\\/g1\\\/ledaji1-664x422.jpg&quot;,&quot;251&quot;:&quot;https:\\\/\\\/lastatic.ams3.cdn.digitaloceanspaces.com\\\/2013\\\/10\\\/g1\\\/ledaji1-251x160.jpg&quot;,&quot;263&quot;:&quot;https:\\\/\\\/lastatic.ams3.cdn.digitaloceanspaces.com\\\/2013\\\/10\\\/g1\\\/ledaji1-263x167.jpg&quot;,&quot;530&quot;:&quot;https:\\\/\\\/lastatic.ams3.cdn.digitaloceanspaces.com\\\/2013\\\/10\\\/g1\\\/ledaji1-530x338.jpg&quot;,&quot;118&quot;:&quot;https:\\\/\\\/lastatic.ams3.cdn.digitaloceanspaces.com\\\/2013\\\/10\\\/g1\\\/ledaji1-118x70.jpg&quot;,&quot;348&quot;:&quot;https:\\\/\\\/lastatic.ams3.cdn.digitaloceanspaces.com\\\/2013\\\/10\\\/g1\\\/ledaji1-348x225.jpg&quot;,&quot;90&quot;:&quot;https:\\\/\\\/lastatic.ams3.cdn.digitaloceanspaces.com\\\/2013\\\/10\\\/g1\\\/ledaji1-90x58.jpg&quot;,&quot;2700&quot;:&quot;https:\\\/\\\/lastatic.ams3.cdn.digitaloceanspaces.com\\\/2013\\\/10\\\/g1\\\/ledaji1.jpg&quot;}\" data-focuspoint=\"&quot;&quot;\" data-p=\"2498527\" href=\"https:\/\/www.la.lv\/ledaji-kust-un-izplatas-kas-neparedzets-zinatniekiem-ir-loti-slikta-zina-cilveku-veselibai\" class=\"content-item lazy-load\" wp_automatic_readability=\"27\" rel=\"nofollow noopener\" target=\"_blank\"><\/p>\n<p>                                <img decoding=\"async\" src=\"\" alt=\"\" style=\"\" data-imageid=\"\"\/><\/p>\n<p>\n                                                Led\u0101ji k\u016bst, un izplat\u0101s kas neparedz\u0113ts. Zin\u0101tniekiem ir \u013coti slikta zi\u0146a cilv\u0113ku vesel\u012bbai\n                            <\/p>\n<p><\/a><a data-imagesrc=\"{&quot;300&quot;:&quot;https:\\\/\\\/lastatic.ams3.cdn.digitaloceanspaces.com\\\/2025\\\/12\\\/afp_88np7kh-300x216.jpg&quot;,&quot;1024&quot;:&quot;https:\\\/\\\/lastatic.ams3.cdn.digitaloceanspaces.com\\\/2025\\\/12\\\/afp_88np7kh-1024x738.jpg&quot;,&quot;1536&quot;:&quot;https:\\\/\\\/lastatic.ams3.cdn.digitaloceanspaces.com\\\/2025\\\/12\\\/afp_88np7kh-1536x1107.jpg&quot;,&quot;500&quot;:&quot;https:\\\/\\\/lastatic.ams3.cdn.digitaloceanspaces.com\\\/2025\\\/12\\\/afp_88np7kh-500x360.jpg&quot;,&quot;800&quot;:&quot;https:\\\/\\\/lastatic.ams3.cdn.digitaloceanspaces.com\\\/2025\\\/12\\\/afp_88np7kh-800x577.jpg&quot;,&quot;2560&quot;:&quot;https:\\\/\\\/lastatic.ams3.cdn.digitaloceanspaces.com\\\/2025\\\/12\\\/afp_88np7kh-scaled.jpg&quot;}\" data-focuspoint=\"&quot;&quot;\" data-p=\"2501733\" href=\"https:\/\/www.la.lv\/krievija-briest-parmainas-eksperts-atklaj-visticamako-putina-beigu-scenariju-un-ta-nav-gasana-no-amata\" class=\"content-item lazy-load\" wp_automatic_readability=\"27\" rel=\"nofollow noopener\" target=\"_blank\"><\/p>\n<p>                                <img decoding=\"async\" src=\"\" alt=\"\" style=\"\" data-imageid=\"\"\/><\/p>\n<p>\n                                                Krievij\u0101 briest p\u0101rmai\u0146as: eksperts atkl\u0101j visticam\u0101ko Putina beigu scen\u0101riju, un t\u0101 nav g\u0101\u0161ana no amata\n                            <\/p>\n<p><\/a><br \/>\n        <a class=\"read-more\" href=\"https:\/\/www.la.lv\/top\" rel=\"nofollow noopener\" target=\"_blank\">Las\u012bt citas zi\u0146as<\/a><\/p>\n<p>Savuk\u0101rt \u0101bolu audz\u0113t\u0101js no Bauskas puses Vladimirs Fi\u0161ers st\u0101st\u012bjis, ka zemnieki uzr\u0113\u0137inu nav sa\u0146\u0113mu\u0161i, un vi\u0146\u0161 dzird\u0113jis, ka \u201clauksaimnieki tik\u0161ot saudz\u0113ti\u201d.<\/p>\n<p>Vair\u0101ki nomnieki apvienoju\u0161ies kop\u012bg\u0101 protest\u0101, sagatavojot kolekt\u012bvu v\u0113stuli R\u012bgas domei un Centr\u0101ltirgus vad\u012bbai, cerot uz situ\u0101cijas p\u0101rskat\u012b\u0161anu un dialogu. <\/p>\n<p>    CITI \u0160OBR\u012aD LASA<\/p>\n<blockquote><p>L\u012bdz \u0161im gan nek\u0101da atbilde vai reakcija no atbild\u012bgaj\u0101m amatperson\u0101m neesot sa\u0146emta.<\/p><\/blockquote>\n<p>Tirgus p\u0101rvaldnieks SIA \u201cR\u012bgas nami\u201d jauno cenr\u0101di skaidro ar visp\u0101r\u0113jo infl\u0101ciju, k\u0101 ar\u012b invest\u012bcij\u0101m tirgus att\u012bst\u012bb\u0101. \u201cNomas maksa R\u012bgas Centr\u0101ltirg\u016b nav main\u012bjusies vair\u0101kus gadus, tikm\u0113r infl\u0101cija un, l\u012bdz ar to ar\u012b uztur\u0113\u0161anas izdevumi, pieaug ik gadu,\u201d cenu izmai\u0146as skaidrojis \u201cR\u012bgas namu\u201d p\u0101rst\u0101vis J\u0101nis Bunte. P\u0113c vi\u0146a v\u0101rdiem, liel\u0101kajai da\u013cai jeb aptuveni 80% Centr\u0101ltirgus nomnieku nomas maksas pieaugums esot m\u0113rens \u2013 l\u012bdz 10% sal\u012bdzin\u0101jum\u0101 ar iepriek\u0161\u0113jiem gadiem, bet da\u013cai nomnieku maksas apm\u0113rs neesot main\u012bjies.<\/p>\n<blockquote><p>B\u016btisk\u0101k\u0101s izmai\u0146as sk\u0101ru\u0161as atsevi\u0161\u0137u paviljonu noliktavu telpu nomas maksu apm\u0113ru,<\/p><\/blockquote>\n<p> kas saist\u012bts ar vienotas cenu politikas ievie\u0161anu visos paviljonos, kas da\u017eviet ir rad\u012bjis lielu k\u0101pumu. Piem\u0113ram, Ga\u013cas paviljona noliktavu telpu nomas maksa tiek celta no 9,40 eiro\/m\u00b2 uz 11,85 eiro\/m\u00b2 (+26,1%), Gastronomijas paviljona noliktavas telpas \u2013 no 9,40 eiro\/m\u00b2 uz 14,07 eiro\/m\u00b2 (+49,7%).<\/p>\n<p>Kop\u0161 2022. gada novembra \u010detras R\u012bgas pa\u0161vald\u012bbas kapit\u0101lsabiedr\u012bbas \u201cR\u012bgas nami\u201d, \u201cR\u012bgas pils\u0113tb\u016bvnieks\u201d, \u201cR\u012bgas Centr\u0101ltirgus\u201d un \u201cR\u012bgas serviss\u201d ir apvienotas zem nosaukuma \u201cR\u012bgas nami\u201d. 2024. gad\u0101 \u201cR\u012bgas nami\u201d str\u0101d\u0101ja ar 27,5 miljonu eiro apgroz\u012bjumu un 178 650 eiro zaud\u0113jumiem.<\/p>\n<p>T\u0113mas<\/p>\n<p>    SAIST\u012aTIE RAKSTI<\/p>\n","protected":false},"excerpt":{"rendered":"SIA \u201cR\u012bgas nami\u201d p\u0101rst\u0101ve Dita V\u012bndedze (priek\u0161pl\u0101n\u0101) R\u012bgas Centr\u0101ltirg\u016b (RC), kura laik\u0101 \u0101rvalstu eksperti \u2013 pils\u0113tpl\u0101not\u0101ji un arhitekti&hellip;\n","protected":false},"author":2,"featured_media":116578,"comment_status":"","ping_status":"","sticky":false,"template":"","format":"standard","meta":{"footnotes":""},"categories":[12],"tags":[23,28,29,32,33,22,30,31,35,39,38,36,37,34,40,20,26,27,24,25,21],"class_list":{"0":"post-116577","1":"post","2":"type-post","3":"status-publish","4":"format-standard","5":"has-post-thumbnail","7":"category-latvija","8":"tag-aktualitates","9":"tag-breaking-news","10":"tag-breakingnews","11":"tag-featured-news","12":"tag-featurednews","13":"tag-headlines","14":"tag-latest-news","15":"tag-latestnews","16":"tag-latvia","17":"tag-latvian","18":"tag-latviesu","19":"tag-latviesu-valoda","20":"tag-latviesuvaloda","21":"tag-latvija","22":"tag-lv","23":"tag-news","24":"tag-popularakas-zinas","25":"tag-popularakaszinas","26":"tag-top-stories","27":"tag-topstories","28":"tag-zinas"},"share_on_mastodon":{"url":"https:\/\/pubeurope.com\/@lv\/115978033227986259","error":""},"_links":{"self":[{"href":"https:\/\/www.europesays.com\/lv\/wp-json\/wp\/v2\/posts\/116577","targetHints":{"allow":["GET"]}}],"collection":[{"href":"https:\/\/www.europesays.com\/lv\/wp-json\/wp\/v2\/posts"}],"about":[{"href":"https:\/\/www.europesays.com\/lv\/wp-json\/wp\/v2\/types\/post"}],"author":[{"embeddable":true,"href":"https:\/\/www.europesays.com\/lv\/wp-json\/wp\/v2\/users\/2"}],"replies":[{"embeddable":true,"href":"https:\/\/www.europesays.com\/lv\/wp-json\/wp\/v2\/comments?post=116577"}],"version-history":[{"count":0,"href":"https:\/\/www.europesays.com\/lv\/wp-json\/wp\/v2\/posts\/116577\/revisions"}],"wp:featuredmedia":[{"embeddable":true,"href":"https:\/\/www.europesays.com\/lv\/wp-json\/wp\/v2\/media\/116578"}],"wp:attachment":[{"href":"https:\/\/www.europesays.com\/lv\/wp-json\/wp\/v2\/media?parent=116577"}],"wp:term":[{"taxonomy":"category","embeddable":true,"href":"https:\/\/www.europesays.com\/lv\/wp-json\/wp\/v2\/categories?post=116577"},{"taxonomy":"post_tag","embeddable":true,"href":"https:\/\/www.europesays.com\/lv\/wp-json\/wp\/v2\/tags?post=116577"}],"curies":[{"name":"wp","href":"https:\/\/api.w.org\/{rel}","templated":true}]}}