{"id":116579,"date":"2026-01-29T10:58:17","date_gmt":"2026-01-29T10:58:17","guid":{"rendered":"https:\/\/www.europesays.com\/lv\/116579\/"},"modified":"2026-01-29T10:58:17","modified_gmt":"2026-01-29T10:58:17","slug":"rail-baltica-projektam-trukst-finansejuma","status":"publish","type":"post","link":"https:\/\/www.europesays.com\/lv\/116579\/","title":{"rendered":"Rail Baltica projektam tr\u016bkst finans\u0113juma"},"content":{"rendered":"<p class=\"descr\">Zi\u0146a, ka dzelzce\u013ca projekta &#8220;Rail Baltica&#8221; pirm\u0101s k\u0101rtas jeb pamattrases pabeig\u0161anai pietr\u016bkst tr\u012bs l\u012bdz \u010detri miljardi eiro un, iesp\u0113jams, projekta realiz\u0101cija ievilksies l\u012bdz pat 2050.gadam, rad\u012bja rezonansi sabiedr\u012bb\u0101.<\/p>\n<p>Tautsaimniec\u012bbas, agr\u0101r\u0101s, vides un re\u0123ion\u0101l\u0101s politikas komisijas vad\u012bt\u0101js <a href=\"https:\/\/nra.lv\/birka\/kaspars-briskens\/\" target=\"_blank\" rel=\"noopener nofollow\">Kaspars Bri\u0161kens<\/a> (P) uzsv\u0113ra, ka, nesa\u0146emot \u0161\u0101du finans\u0113jumu, <a href=\"https:\/\/nra.lv\/latvija\/512471-rail-baltica-pabeigsanai-pietrukst-finansejuma.htm?fbclid=IwY2xjawPmplJleHRuA2FlbQIxMQBicmlkETBjSmVzQldKZXU0Y2FiZmdHc3J0YwZhcHBfaWQQMjIyMDM5MTc4ODIwMDg5MgABHqDKRGd0fepMkq5RkDeaON2ENNIkEeO6VGdOu1dHCt6HI6bYOPYGFm1ahOVC_aem_nLDZb2R7ttNFR4BUnmeGLg\" data-item-link=\"true\" data-item-id=\"512471\" rel=\"nofollow noopener\" target=\"_blank\">&#8220;Rail Baltica&#8221; pirmo k\u0101rtu neizdosies pabeigt l\u012bdz 2030. gadam, un t\u0101s pabeig\u0161ana var ievilkties l\u012bdz 2050. gadam<\/a>. Ar\u012b vair\u0101ki citi komisijas deput\u0101ti pauda p\u0101rliec\u012bbu, ka projekta pirmo k\u0101rtu nek\u0101d\u0101 veid\u0101 nav iesp\u0113jams pabeigt l\u012bdz 2030. gadam.<\/p>\n<p>Bri\u0161kens p\u0113c komisijas s\u0113des a\u0123ent\u016brai LETA skaidroja, ka 2050. gads dom\u0101ts vair\u0101k ironisk\u0101 noz\u012bm\u0113, vienlaikus akcent\u0113jot, ka \u0161obr\u012bd s\u0101ktaj\u0101s Eiropas Savien\u012bbas (ES) daudzgadu bud\u017eeta sarun\u0101s Latvijas Ministru prezidentei sadarb\u012bb\u0101 ar p\u0101r\u0113jiem Baltijas valstu kol\u0113\u0123iem ir j\u0101izc\u012bna \u0161ie tr\u012bs l\u012bdz \u010detri miljardi, pret\u0113j\u0101 gad\u012bjum\u0101 &#8220;Rail Baltica&#8221; projekta pabeig\u0161ana patie\u0161\u0101m var ievilkties ilg\u0101 n\u0101kotn\u0113 uz vair\u0101kiem ES daudzgadu bud\u017eeta periodiem.<\/p>\n<p>Ko par to dom\u0101 sabiedr\u012bba?<\/p>\n<ul>\n<li>Harijs: \u010cal\u012btim v\u0113l p\u0101ris miljonus vajag, ko izp\u013ceper\u0113t?<\/li>\n<li>Dmitrijs: Kaut k\u0101ds absol\u016bts, visaptvero\u0161s kret\u012bnisms ir p\u0101r\u0146\u0113mis m\u016bsu valsti! Par \u0161o naudu visus LV ce\u013cus var\u0113ja izremont\u0113t, \u0161osejas uztais\u012bt un v\u0113l paliktu\u2026<\/li>\n<li>Irisa: Latvijas stil\u0101- vispirms s\u0101kt b\u016bv\u0113t to, kas nav j\u0101b\u016bv\u0113 un tad br\u012bn\u012bties, kur \u0146emt naudu vajadz\u012bgajam un galvenais k\u0101rtot atbild\u012bbas apdro\u0161in\u0101\u0161anu ar atpaka\u013cejo\u0161u datumu. Izsaimnieko\u0161anas vai sabot\u0101\u017eas meistari!<\/li>\n<li>Ain\u0101rs: Visp\u0101r t\u0101 s\u0101kotn\u0113ji tika dom\u0101ta k\u0101 pastaigu taka&#8230;<\/li>\n<li>Ivars: Tie, kas ies\u0101ka, jau b\u016bs miru\u0161i.<\/li>\n<li>M\u0101ris: Galvenais jau bija p\u0101li iedz\u012bt Daugav\u0101!<\/li>\n<li>Antons: Vai deput\u0101ti saprot kaut ko no tehnisk\u0101m liet\u0101m? Vajadz\u0113tu zin\u0101t kas atbalst\u012bja, stacijas p\u0101rb\u016bvi, p\u0101\u013ca b\u016bvi, lidostas konstrukciju b\u016bvi pirms dzelzce\u013ca slie\u017eu b\u016bvniec\u012bbas. <\/li>\n<li>Didzis: Tas Bri\u0161kens v\u0113l vada kaut k\u0101du komisiju par \u0161o visu??? Zeme, atveries&#8230;.<\/li>\n<li>Ing\u016bna: Simtgades projekts! Galvenais, lai katru gadu valde un Co sa\u0146em!  <\/li>\n<\/ul>\n","protected":false},"excerpt":{"rendered":"Zi\u0146a, ka dzelzce\u013ca projekta &#8220;Rail Baltica&#8221; pirm\u0101s k\u0101rtas jeb pamattrases pabeig\u0161anai pietr\u016bkst tr\u012bs l\u012bdz \u010detri miljardi eiro un,&hellip;\n","protected":false},"author":2,"featured_media":116580,"comment_status":"","ping_status":"","sticky":false,"template":"","format":"standard","meta":{"footnotes":""},"categories":[5],"tags":[23,28,29,32,33,22,30,31,35,39,38,36,37,34,40,20,26,27,24,25,21],"class_list":{"0":"post-116579","1":"post","2":"type-post","3":"status-publish","4":"format-standard","5":"has-post-thumbnail","7":"category-aktualitates","8":"tag-aktualitates","9":"tag-breaking-news","10":"tag-breakingnews","11":"tag-featured-news","12":"tag-featurednews","13":"tag-headlines","14":"tag-latest-news","15":"tag-latestnews","16":"tag-latvia","17":"tag-latvian","18":"tag-latviesu","19":"tag-latviesu-valoda","20":"tag-latviesuvaloda","21":"tag-latvija","22":"tag-lv","23":"tag-news","24":"tag-popularakas-zinas","25":"tag-popularakaszinas","26":"tag-top-stories","27":"tag-topstories","28":"tag-zinas"},"share_on_mastodon":{"url":"https:\/\/pubeurope.com\/@lv\/115978037002156484","error":""},"_links":{"self":[{"href":"https:\/\/www.europesays.com\/lv\/wp-json\/wp\/v2\/posts\/116579","targetHints":{"allow":["GET"]}}],"collection":[{"href":"https:\/\/www.europesays.com\/lv\/wp-json\/wp\/v2\/posts"}],"about":[{"href":"https:\/\/www.europesays.com\/lv\/wp-json\/wp\/v2\/types\/post"}],"author":[{"embeddable":true,"href":"https:\/\/www.europesays.com\/lv\/wp-json\/wp\/v2\/users\/2"}],"replies":[{"embeddable":true,"href":"https:\/\/www.europesays.com\/lv\/wp-json\/wp\/v2\/comments?post=116579"}],"version-history":[{"count":0,"href":"https:\/\/www.europesays.com\/lv\/wp-json\/wp\/v2\/posts\/116579\/revisions"}],"wp:featuredmedia":[{"embeddable":true,"href":"https:\/\/www.europesays.com\/lv\/wp-json\/wp\/v2\/media\/116580"}],"wp:attachment":[{"href":"https:\/\/www.europesays.com\/lv\/wp-json\/wp\/v2\/media?parent=116579"}],"wp:term":[{"taxonomy":"category","embeddable":true,"href":"https:\/\/www.europesays.com\/lv\/wp-json\/wp\/v2\/categories?post=116579"},{"taxonomy":"post_tag","embeddable":true,"href":"https:\/\/www.europesays.com\/lv\/wp-json\/wp\/v2\/tags?post=116579"}],"curies":[{"name":"wp","href":"https:\/\/api.w.org\/{rel}","templated":true}]}}