{"id":116583,"date":"2026-01-29T11:02:29","date_gmt":"2026-01-29T11:02:29","guid":{"rendered":"https:\/\/www.europesays.com\/lv\/116583\/"},"modified":"2026-01-29T11:02:29","modified_gmt":"2026-01-29T11:02:29","slug":"krievijas-teritorialas-ambicijas-ukraina-sniedzas-krietni-arpus-donbasa","status":"publish","type":"post","link":"https:\/\/www.europesays.com\/lv\/116583\/","title":{"rendered":"Krievijas teritori\u0101l\u0101s amb\u012bcijas Ukrain\u0101 sniedzas krietni \u0101rpus Donbasa"},"content":{"rendered":"<p>Saska\u0146\u0101 ar anal\u012bti\u0137u nov\u0113rojumiem Krievijas amatpersonas, jo \u012bpa\u0161i Krievijas galvenais sarunved\u0113js Kirils Dmitrijevs, apgalvo, ka Ukrainas karasp\u0113ka izve\u0161ana no Donbasa var\u0113tu b\u016bt &#8220;ce\u013c\u0161 uz mieru&#8221;. Taj\u0101 pa\u0161\u0101 laik\u0101 citas amatpersonas, piem\u0113ram, \u0123ener\u0101lis Val\u0113rijs Gerasimovs, piemin buferzonas Harkivas, Sumu un D\u0146ipropetrovskas apgabalos, kas liecina par daudz pla\u0161\u0101k\u0101m teritori\u0101laj\u0101m amb\u012bcij\u0101m.<\/p>\n<blockquote class=\"quote ck-widget\" contenteditable=\"false\">\n<p>Saska\u0146\u0101 ar ISW datiem <a href=\"https:\/\/www.apollo.lv\/term\/555452\/krievija\" class=\"topicLink\" target=\"_blank\" rel=\"nofollow noopener\">Krievija<\/a> izvirza ar\u012b politiskus un strat\u0113\u0123iskus m\u0113r\u0137us, tostarp pras\u012bbas NATO un Rietumvalst\u012bm.<\/p>\n<\/blockquote>\n<p>Krievijas \u0100r\u0113j\u0101s izl\u016bko\u0161anas dienesta direktors Sergejs Nari\u0161kins izteicies, ka mierm\u012bl\u012bgam noregul\u0113jumam b\u016btu j\u0101risina kara pamatc\u0113lo\u0146i, bet Krievijas Valsts domes Aizsardz\u012bbas komitejas priek\u0161s\u0113d\u0113t\u0101ja vietnieks Aleksejs \u017durav\u013cevs uzsv\u0113ris, ka Donbass nav galvenais jaut\u0101jums, pieminot NATO un &#8220;Ukrainas neonacisma&#8221; t\u0113mas.<\/p>\n<p>ISW nor\u0101da, ka \u0161\u012bs pras\u012bbas atk\u0101rto Krievijas 2021. un 2022. gad\u0101 pausto nost\u0101ju, kas paredz ierobe\u017eot NATO papla\u0161in\u0101\u0161anos, atgrie\u017eot to 1997. gada robe\u017e\u0101s, un aizst\u0101t Ukrainas demokr\u0101tisko vald\u012bbu ar Maskavas ielikte\u0146iem.<\/p>\n<p>Instit\u016bta anal\u012bti\u0137i v\u0113r\u0161 uzman\u012bbu uz Krievijas mediju un ultranacion\u0101listu izdevumu publik\u0101cij\u0101m, kur\u0101s nor\u0101d\u012bts, ka pat Ukrainas karasp\u0113ka izve\u0161ana no Donbasa b\u016btu tikai pagaidu solis pirms citu Krievijas pras\u012bbu, tostarp denacifik\u0101cijas un demilitariz\u0101cijas, \u012bsteno\u0161anas.<\/p>\n<p>Krievijas amatpersonu pazi\u0146ojumi viet\u0113jai auditorijai apstiprina, ka Krievija neapmierin\u0101sies ar ierobe\u017eotu miera risin\u0101jumu un v\u0113las piln\u012bgu Ukrainas kapitul\u0101ciju, br\u012bdina ISW.<\/p>\n","protected":false},"excerpt":{"rendered":"Saska\u0146\u0101 ar anal\u012bti\u0137u nov\u0113rojumiem Krievijas amatpersonas, jo \u012bpa\u0161i Krievijas galvenais sarunved\u0113js Kirils Dmitrijevs, apgalvo, ka Ukrainas karasp\u0113ka izve\u0161ana&hellip;\n","protected":false},"author":2,"featured_media":116584,"comment_status":"","ping_status":"","sticky":false,"template":"","format":"standard","meta":{"footnotes":""},"categories":[14],"tags":[23,57,28,29,32,33,22,234,74,30,31,35,39,38,36,37,34,40,20,26,27,24,25,276,54,55,56,21,58],"class_list":{"0":"post-116583","1":"post","2":"type-post","3":"status-publish","4":"format-standard","5":"has-post-thumbnail","7":"category-zinas-no-arvalstim","8":"tag-aktualitates","9":"tag-arvalstim","10":"tag-breaking-news","11":"tag-breakingnews","12":"tag-featured-news","13":"tag-featurednews","14":"tag-headlines","15":"tag-krievija","16":"tag-krievijas-iebrukums-ukraina","17":"tag-latest-news","18":"tag-latestnews","19":"tag-latvia","20":"tag-latvian","21":"tag-latviesu","22":"tag-latviesu-valoda","23":"tag-latviesuvaloda","24":"tag-latvija","25":"tag-lv","26":"tag-news","27":"tag-popularakas-zinas","28":"tag-popularakaszinas","29":"tag-top-stories","30":"tag-topstories","31":"tag-ukraina","32":"tag-world","33":"tag-world-news","34":"tag-worldnews","35":"tag-zinas","36":"tag-zinas-no-arvalstim"},"share_on_mastodon":{"url":"https:\/\/pubeurope.com\/@lv\/115978052805207630","error":""},"_links":{"self":[{"href":"https:\/\/www.europesays.com\/lv\/wp-json\/wp\/v2\/posts\/116583","targetHints":{"allow":["GET"]}}],"collection":[{"href":"https:\/\/www.europesays.com\/lv\/wp-json\/wp\/v2\/posts"}],"about":[{"href":"https:\/\/www.europesays.com\/lv\/wp-json\/wp\/v2\/types\/post"}],"author":[{"embeddable":true,"href":"https:\/\/www.europesays.com\/lv\/wp-json\/wp\/v2\/users\/2"}],"replies":[{"embeddable":true,"href":"https:\/\/www.europesays.com\/lv\/wp-json\/wp\/v2\/comments?post=116583"}],"version-history":[{"count":0,"href":"https:\/\/www.europesays.com\/lv\/wp-json\/wp\/v2\/posts\/116583\/revisions"}],"wp:featuredmedia":[{"embeddable":true,"href":"https:\/\/www.europesays.com\/lv\/wp-json\/wp\/v2\/media\/116584"}],"wp:attachment":[{"href":"https:\/\/www.europesays.com\/lv\/wp-json\/wp\/v2\/media?parent=116583"}],"wp:term":[{"taxonomy":"category","embeddable":true,"href":"https:\/\/www.europesays.com\/lv\/wp-json\/wp\/v2\/categories?post=116583"},{"taxonomy":"post_tag","embeddable":true,"href":"https:\/\/www.europesays.com\/lv\/wp-json\/wp\/v2\/tags?post=116583"}],"curies":[{"name":"wp","href":"https:\/\/api.w.org\/{rel}","templated":true}]}}