{"id":116587,"date":"2026-01-29T11:04:07","date_gmt":"2026-01-29T11:04:07","guid":{"rendered":"https:\/\/www.europesays.com\/lv\/116587\/"},"modified":"2026-01-29T11:04:07","modified_gmt":"2026-01-29T11:04:07","slug":"sinoptiki-bridina-latvijai-tuvojas-stiprs-sals","status":"publish","type":"post","link":"https:\/\/www.europesays.com\/lv\/116587\/","title":{"rendered":"Sinopti\u0137i br\u012bdina \u2013 Latvijai tuvojas stiprs sals"},"content":{"rendered":"<p class=\"lead mb-md-2 mb-1 js-tv3-orphus\">Saska\u0146\u0101 ar Latvijas Vides, \u0123eolo\u0123ijas un meteorolo\u0123ijas centra (LV\u0122MC) inform\u0101ciju ceturtdien, 29. janv\u0101r\u012b, un piektdien, 30. janv\u0101r\u012b, gaid\u0101ms stiprs sals liel\u0101kaj\u0101 da\u013c\u0101 teritorijas \u2013 centr\u0101lajos un austrumu rajonos. Sp\u0113k\u0101 dzelten\u0101s pak\u0101pes br\u012bdin\u0101jums.\n<\/p>\n<p>LV\u0122MC dzelten\u0101s pak\u0101pes br\u012bdin\u0101jumu izplat\u012bjis laikposm\u0101 no 29. janv\u0101ra pulksten 20 l\u012bdz\u00a0 30. janv\u0101ra pulksten 10.<\/p>\n<p>Gaid\u0101maj\u0101 nakt\u012b un no r\u012bta centr\u0101lajos un austrumu rajonos gaid\u0101ms sals l\u012bdz -20\u2026-24\u00b0.<\/p>\n<blockquote class=\"twitter-tweet\" data-width=\"550\" data-dnt=\"true\">\n<p lang=\"lv\" dir=\"ltr\">N\u0101kamaj\u0101 nakt\u012b un no r\u012bta centr\u0101lajos un A rajonos gaid\u0101ms sals -20\u2026-24\u00b0.<br \/>Ned\u0113\u013cas nogal\u0113 un n\u0101kam\u0101s ned\u0113\u013cas s\u0101kum\u0101 nakt\u012bs sals sasniegs -25\u00b0, augsta iesp\u0113jam\u012bba, ka viet\u0101m pat -30\u00b0.<br \/>P\u0113d\u0113jo reizi t. zem\u0101ka par -30\u00b0 nov\u0113rota 2021. gad\u0101, bet -35\u00b0 biju\u0161i 2003. gad\u0101. <a href=\"https:\/\/t.co\/bVDdVdPlG7\" rel=\"nofollow\">pic.twitter.com\/bVDdVdPlG7<\/a><\/p>\n<p>\u2014 Meteo.lv (@LVGMC_Meteo) <a href=\"https:\/\/twitter.com\/LVGMC_Meteo\/status\/2016799560568287595?ref_src=twsrc%5Etfw\" rel=\"nofollow noopener\" target=\"_blank\">January 29, 2026<\/a><\/p>\n<\/blockquote>\n<p>Ned\u0113\u013cas nogal\u0113 un n\u0101kam\u0101s ned\u0113\u013cas s\u0101kum\u0101 nakt\u012bs sals sasniegs -25\u00b0. T\u0101pat ir augsta iesp\u0113jam\u012bba, ka viet\u0101m termometra stabi\u0146\u0161 nosl\u012bd\u0113s l\u012bdz pat -30\u00b0.<\/p>\n<p>P\u0113d\u0113jo reizi Latvij\u0101 temperat\u016bra, kas bija zem\u0101ka par -30\u00b0, nov\u0113rota 2021. gad\u0101, savuk\u0101rt -35\u00b0 \u2013 biju\u0161i 2003. gad\u0101.<\/p>\n<p class=\"tv3-fw-500\">Zi\u0146o par k\u013c\u016bdu rakst\u0101<\/p>\n<p class=\"d-md-block d-none\">Iez\u012bm\u0113 k\u013c\u016bdaino tekstu un spied Ctrl+Enter.<\/p>\n<p class=\"d-md-none d-block\">Iez\u012bm\u0113 k\u013c\u016bdaino tekstu un zi\u0146o par to!<\/p>\n<p>                <script async src=\"https:\/\/platform.twitter.com\/widgets.js\" charset=\"utf-8\"><\/script><\/p>\n","protected":false},"excerpt":{"rendered":"Saska\u0146\u0101 ar Latvijas Vides, \u0123eolo\u0123ijas un meteorolo\u0123ijas centra (LV\u0122MC) inform\u0101ciju ceturtdien, 29. janv\u0101r\u012b, un piektdien, 30. janv\u0101r\u012b, gaid\u0101ms&hellip;\n","protected":false},"author":2,"featured_media":116588,"comment_status":"","ping_status":"","sticky":false,"template":"","format":"standard","meta":{"footnotes":""},"categories":[5],"tags":[23,28,29,32,33,22,26936,30,31,35,39,38,36,37,34,40,20,26,27,24,25,21],"class_list":{"0":"post-116587","1":"post","2":"type-post","3":"status-publish","4":"format-standard","5":"has-post-thumbnail","7":"category-aktualitates","8":"tag-aktualitates","9":"tag-breaking-news","10":"tag-breakingnews","11":"tag-featured-news","12":"tag-featurednews","13":"tag-headlines","14":"tag-laika-prognozelaikapstaklilatvijas-vides-geologijas-un-meteorologijas-centrslvgmclvgmc-bridinajumi","15":"tag-latest-news","16":"tag-latestnews","17":"tag-latvia","18":"tag-latvian","19":"tag-latviesu","20":"tag-latviesu-valoda","21":"tag-latviesuvaloda","22":"tag-latvija","23":"tag-lv","24":"tag-news","25":"tag-popularakas-zinas","26":"tag-popularakaszinas","27":"tag-top-stories","28":"tag-topstories","29":"tag-zinas"},"share_on_mastodon":{"url":"https:\/\/pubeurope.com\/@lv\/115978060840353958","error":""},"_links":{"self":[{"href":"https:\/\/www.europesays.com\/lv\/wp-json\/wp\/v2\/posts\/116587","targetHints":{"allow":["GET"]}}],"collection":[{"href":"https:\/\/www.europesays.com\/lv\/wp-json\/wp\/v2\/posts"}],"about":[{"href":"https:\/\/www.europesays.com\/lv\/wp-json\/wp\/v2\/types\/post"}],"author":[{"embeddable":true,"href":"https:\/\/www.europesays.com\/lv\/wp-json\/wp\/v2\/users\/2"}],"replies":[{"embeddable":true,"href":"https:\/\/www.europesays.com\/lv\/wp-json\/wp\/v2\/comments?post=116587"}],"version-history":[{"count":0,"href":"https:\/\/www.europesays.com\/lv\/wp-json\/wp\/v2\/posts\/116587\/revisions"}],"wp:featuredmedia":[{"embeddable":true,"href":"https:\/\/www.europesays.com\/lv\/wp-json\/wp\/v2\/media\/116588"}],"wp:attachment":[{"href":"https:\/\/www.europesays.com\/lv\/wp-json\/wp\/v2\/media?parent=116587"}],"wp:term":[{"taxonomy":"category","embeddable":true,"href":"https:\/\/www.europesays.com\/lv\/wp-json\/wp\/v2\/categories?post=116587"},{"taxonomy":"post_tag","embeddable":true,"href":"https:\/\/www.europesays.com\/lv\/wp-json\/wp\/v2\/tags?post=116587"}],"curies":[{"name":"wp","href":"https:\/\/api.w.org\/{rel}","templated":true}]}}