{"id":116589,"date":"2026-01-29T11:05:10","date_gmt":"2026-01-29T11:05:10","guid":{"rendered":"https:\/\/www.europesays.com\/lv\/116589\/"},"modified":"2026-01-29T11:05:10","modified_gmt":"2026-01-29T11:05:10","slug":"packman-atgriezas-ar-singlu-un-videoklipu-maradona","status":"publish","type":"post","link":"https:\/\/www.europesays.com\/lv\/116589\/","title":{"rendered":"Packman atgrie\u017eas ar singlu un videoklipu \u201cMaradona\u201d"},"content":{"rendered":"<p>P\u0113c vair\u0101k nek\u0101 gada klusuma uz Latvijas hiphopa skatuves atgrie\u017eas reperis Packman (PCK) ar jaunu singlu un videoklipu \u201cMaradona\u201d. \u0160\u012b ir pirm\u0101 dziesma no gaid\u0101m\u0101 albuma \u201cPie k\u0101 m\u0113s palik\u0101m\u201d.<\/p>\n<p>K\u0101 nor\u0101da Packman, \u0161\u012b nav tikai jauna dziesma, tas ir comeback, kas iez\u012bm\u0113 v\u0113l sp\u0113c\u012bg\u0101ku posmu rado\u0161aj\u0101 ce\u013c\u0101, ar kuru vi\u0146\u0161 atgrie\u017eas p\u0101rliecin\u0101t\u0101ks un muzik\u0101li jaud\u012bg\u0101ks nek\u0101 jebkad iepriek\u0161. <\/p>\n<blockquote class=\"wp-block-quote is-layout-flow wp-block-quote-is-layout-flow\">\n<p>\u201cDziesma \u201cMaradona\u201d ir st\u0101sts par ielas biznesme\u0146u dz\u012bves stilu, par kuru daudzi tikai run\u0101, bet paties\u012bb\u0101 zina \u013coti maz. Tas ir skat\u012bjums no iek\u0161puses \u2014 par amb\u012bcij\u0101m, risku, naudu, reput\u0101ciju un cenu, ko prasa \u0161\u0101ds dz\u012bvesveids. Dziesma balans\u0113 starp realit\u0101ti un m\u012btu, tie\u0161i t\u0101pat k\u0101 t\u0101s nosaukums\u201d, st\u0101sta Packman.<\/p>\n<\/blockquote>\n<p>Dziesm\u0101 ir atsauce uz Argent\u012bnas futbolistu Djego Maradona, kur\u0161 tika uzskat\u012bts par vienu no visu laiku lab\u0101kajiem pasaules futbolistiem. Audio ierakstu un p\u0113capstr\u0101di veicis Kaizers. <\/p>\n<p><img loading=\"lazy\" decoding=\"async\" width=\"1000\" height=\"1000\" src=\"https:\/\/www.europesays.com\/lv\/wp-content\/uploads\/2026\/01\/PCK-Maradona-cover.png\" alt=\"\" class=\"wp-image-13027 lazyload\"  data- style=\"--smush-placeholder-width: 1000px; --smush-placeholder-aspect-ratio: 1000\/1000;\"\/><\/p>\n<p>Dziesmai \u201cMaradona\u201d tapis ar\u012b videoklips, kas veidots sadarb\u012bb\u0101 ar videom\u0101kslinieku un fotogr\u0101fu Ralfu B\u0101rtnieku, kur\u0161 veica gan klipa film\u0113\u0161anu, gan mont\u0101\u017eu un video p\u0113capstr\u0101di.<\/p>\n<p>\u201cAr Ralfu \u013coti daudz strad\u0101j\u0101m kop\u0101. Vi\u0146\u0161 vareja uzlikt manas idejas uz pap\u012bra un p\u0101rvest par video materi\u0101lu. Bri\u017eos ir gr\u016bti mani saprast, bet Ralfam tas \u013coti veiksm\u012bgi izdodas,\u201d videoklipa tap\u0161anu atminas Packman.<\/p>\n<blockquote class=\"wp-block-quote is-layout-flow wp-block-quote-is-layout-flow\">\n<p>Liel\u0101k\u0101 da\u013ca videoklipa film\u0113ts Liep\u0101j\u0101, jo grib\u0113j\u0101s par\u0101d\u012bt m\u016bsu skaisto pils\u0113tu no citiem le\u0146\u0137iem un rakursiem.\u00a0Pl\u0101ns bija atspogu\u013cot m\u016bsu ikdienas takas sav\u0101d\u0101k\u0101 kontekst\u0101. Nevis tikai kust\u0113ties pa t\u0101m nevienam nemanot, k\u0101 esam pieradu\u0161i, bet ie\u010dekoties caur video, \u201cYoo wsupp visiem, m\u0113s tepat vien esam\u201d.\u00a0Video film\u0113j\u0101m aptuveni pus gadu. S\u0101kum\u0101 var redz\u0113t, ka esmu maici\u0146\u0101, p\u0113c tam v\u0113jjaka\u0304 un tad jau ziemas jak\u0101 ar cimdiem. Att\u0113loj\u0101m visus gadalaikus. \u0160\u0101dus repa video daudz neredzam pie mums, bet esam pieradu\u0161i tos redz\u0113t US vai UK drilleriem. Lielos baros pie lok\u0101liem veikaliem, polikl\u012bnik\u0101m, servisiem, t\u0101p\u0113c ar\u012b to iek\u013c\u0101v\u0101m Maradonas video.<\/p>\n<\/blockquote>\n<p>Packman jeb PCK 97 ir reperis no Liep\u0101jas, kas Latvijas hiphop\u0101 akt\u012bvi redzams kop\u0161 2019. gada, kad pie klaus\u012bt\u0101jiem non\u0101ca t\u0101das dziesmas k\u0101 \u201cSip&amp;K\u016bp\u201d (feat. JanDer)\u00a0un \u201cPurv\u0101js\u201d, kuras v\u0113laizvien ir \u012bpa\u0161i piepras\u012btas koncertos. 2020.gad\u0101 public\u0113ts PCK debijas albums \u201cSt\u016bra \u2013 Biznesme\u0146i\u201d, kur\u0101 par klaus\u012bt\u0101ju nov\u0113rt\u0113t\u0101kaj\u0101m dziesm\u0101m k\u013cuva \u201cMigl\u0101js\u201d, \u201cSt\u016bra-Biznesme\u0146i\u201d, \u201cMana Banda\u201d un \u201cLow-key\u201d. T\u0101l\u0101k sekoja EP albums \u201cHaip\u0101 \/ Tapetes\u201d\u00a0(2021.), \u00a0\u201cA-Z \u201d (feat. Artis) (2022.), \u201cHao$a Il\u016bzija\u201d (2023.) un \u201cBad Boys\u201d (2024.) P\u0113c vair\u0101k nek\u0101 gada klusuma Packman atgrie\u017eas uz Latvijas hiphopa skatuves, izdodot jaunu singlu un izzi\u0146ojot gaid\u0101mo albumu \u201cPie k\u0101 m\u0113s palik\u0101m\u201d.<\/p>\n<p>K\u0101 nor\u0101da Packman, laiks prom no publisk\u0101s uzman\u012bbas nav bijis tuk\u0161s \u2014 \u0161is periods pavad\u012bts intens\u012bv\u0101 darb\u0101 pie saviem projektiem, nosl\u012bp\u0113jot skan\u0113jumu un v\u0113st\u012bjumu.<\/p>\n<p class=\"has-text-align-center has-very-light-gray-background-color has-background\">Kam\u0113r klaus\u012bt\u0101ji jaut\u0101ja \u201cKur ir pazudis PCK?\u201d, atbilde tapa studij\u0101.<\/p>\n<p>Packman uzst\u0101\u0161an\u0101s festiv\u0101l\u0101 \u201cSummer Sound\u201d 2023.gad\u0101, Liep\u0101j\u0101. (Foto: Ralfs B\u0101rtnieks)<\/p>\n<p><img loading=\"lazy\" decoding=\"async\" width=\"819\" height=\"1024\" data-id=\"13023\" src=\"https:\/\/www.europesays.com\/lv\/wp-content\/uploads\/2026\/01\/PCK-SS23-Foto-RalfsBartnieks3-819x1024.jpg\" alt=\"\" class=\"wp-image-13023 lazyload\"  data- style=\"--smush-placeholder-width: 819px; --smush-placeholder-aspect-ratio: 819\/1024;\"\/><\/p>\n<p><img loading=\"lazy\" decoding=\"async\" width=\"819\" height=\"1024\" data-id=\"13024\" src=\"https:\/\/www.europesays.com\/lv\/wp-content\/uploads\/2026\/01\/PCK-SS23-Foto-RalfsBartnieks1-819x1024.jpg\" alt=\"\" class=\"wp-image-13024 lazyload\"  data- style=\"--smush-placeholder-width: 819px; --smush-placeholder-aspect-ratio: 819\/1024;\"\/><\/p>\n<p><img loading=\"lazy\" decoding=\"async\" width=\"819\" height=\"1024\" data-id=\"13019\" src=\"https:\/\/www.europesays.com\/lv\/wp-content\/uploads\/2026\/01\/PCK-SS23-Foto-RalfsBartnieks2-819x1024.jpg\" alt=\"\" class=\"wp-image-13019 lazyload\"  data- style=\"--smush-placeholder-width: 819px; --smush-placeholder-aspect-ratio: 819\/1024;\"\/><\/p>\n<p><img loading=\"lazy\" decoding=\"async\" width=\"819\" height=\"1024\" data-id=\"13021\" src=\"https:\/\/www.europesays.com\/lv\/wp-content\/uploads\/2026\/01\/PCK-SS23-Foto-RalfsBartnieks4-819x1024.jpg\" alt=\"\" class=\"wp-image-13021 lazyload\"  data- style=\"--smush-placeholder-width: 819px; --smush-placeholder-aspect-ratio: 819\/1024;\"\/><\/p>\n<p><img loading=\"lazy\" decoding=\"async\" width=\"819\" height=\"1024\" data-id=\"13022\" src=\"https:\/\/www.europesays.com\/lv\/wp-content\/uploads\/2026\/01\/PCK-SS23-Foto-RalfsBartnieks5-819x1024.jpg\" alt=\"\" class=\"wp-image-13022 lazyload\"  data- style=\"--smush-placeholder-width: 819px; --smush-placeholder-aspect-ratio: 819\/1024;\"\/><\/p>\n<p><img loading=\"lazy\" decoding=\"async\" width=\"819\" height=\"1024\" data-id=\"13020\" src=\"https:\/\/www.europesays.com\/lv\/wp-content\/uploads\/2026\/01\/PCK-SS23-Foto-RalfsBartnieks6-819x1024.jpg\" alt=\"\" class=\"wp-image-13020 lazyload\"  data- style=\"--smush-placeholder-width: 819px; --smush-placeholder-aspect-ratio: 819\/1024;\"\/><\/p>\n<p><img loading=\"lazy\" decoding=\"async\" width=\"819\" height=\"1024\" data-id=\"13018\" src=\"https:\/\/www.europesays.com\/lv\/wp-content\/uploads\/2026\/01\/PCK-SS23-Foto-RalfsBartnieks7-819x1024.jpg\" alt=\"\" class=\"wp-image-13018 lazyload\"  data- style=\"--smush-placeholder-width: 819px; --smush-placeholder-aspect-ratio: 819\/1024;\"\/><\/p>\n<p>Packman tuv\u0101kais koncerts paredz\u0113ts 4. febru\u0101r\u012b Jelgav\u0101, klub\u0101 \u201cTonuss\u201d<\/p>\n<p>Ieeja klub\u0101 no 22:00, 18+. Koncerta s\u0101kums tuv\u0101k pusnaktij. Iesild\u012bs DJ Subphobia. Gaid\u0101ms ar\u012b k\u0101ds \u012bpa\u0161s viesis.<\/p>\n<p> BI\u013bETES:<\/p>\n<ul class=\"wp-block-list\">\n<li>Latvijas Biozin\u0101t\u0146u un tehnolo\u0123iju universit\u0101te (LBTU) studentiem \u2014 6\u20ac (welcome drink l\u012bdz 23:00)<\/li>\n<li>Ar kluba \u201cTonuss\u201d VIP karti \u2014 5\u20ac visu vakaru<\/li>\n<li>Ne LBTU studentiem \u2014 8\u20ac<\/li>\n<\/ul>\n<p><img loading=\"lazy\" decoding=\"async\" width=\"819\" height=\"1024\" src=\"https:\/\/www.europesays.com\/lv\/wp-content\/uploads\/2026\/01\/packman-tonuss-4feb-819x1024.png\" alt=\"\" class=\"wp-image-13030 lazyload\"  data- style=\"--smush-placeholder-width: 819px; --smush-placeholder-aspect-ratio: 819\/1024;\"\/><\/p>\n","protected":false},"excerpt":{"rendered":"P\u0113c vair\u0101k nek\u0101 gada klusuma uz Latvijas hiphopa skatuves atgrie\u017eas reperis Packman (PCK) ar jaunu singlu un videoklipu&hellip;\n","protected":false},"author":2,"featured_media":116590,"comment_status":"","ping_status":"","sticky":false,"template":"","format":"standard","meta":{"footnotes":""},"categories":[19],"tags":[89,90,19582,35,39,38,36,37,34,444,40,26937,26938,26939],"class_list":{"0":"post-116589","1":"post","2":"type-post","3":"status-publish","4":"format-standard","5":"has-post-thumbnail","7":"category-izklaide","8":"tag-entertainment","9":"tag-izklaide","10":"tag-kaizers","11":"tag-latvia","12":"tag-latvian","13":"tag-latviesu","14":"tag-latviesu-valoda","15":"tag-latviesuvaloda","16":"tag-latvija","17":"tag-liepaja","18":"tag-lv","19":"tag-packman","20":"tag-pck","21":"tag-pck97"},"share_on_mastodon":{"url":"https:\/\/pubeurope.com\/@lv\/115978064699638257","error":""},"_links":{"self":[{"href":"https:\/\/www.europesays.com\/lv\/wp-json\/wp\/v2\/posts\/116589","targetHints":{"allow":["GET"]}}],"collection":[{"href":"https:\/\/www.europesays.com\/lv\/wp-json\/wp\/v2\/posts"}],"about":[{"href":"https:\/\/www.europesays.com\/lv\/wp-json\/wp\/v2\/types\/post"}],"author":[{"embeddable":true,"href":"https:\/\/www.europesays.com\/lv\/wp-json\/wp\/v2\/users\/2"}],"replies":[{"embeddable":true,"href":"https:\/\/www.europesays.com\/lv\/wp-json\/wp\/v2\/comments?post=116589"}],"version-history":[{"count":0,"href":"https:\/\/www.europesays.com\/lv\/wp-json\/wp\/v2\/posts\/116589\/revisions"}],"wp:featuredmedia":[{"embeddable":true,"href":"https:\/\/www.europesays.com\/lv\/wp-json\/wp\/v2\/media\/116590"}],"wp:attachment":[{"href":"https:\/\/www.europesays.com\/lv\/wp-json\/wp\/v2\/media?parent=116589"}],"wp:term":[{"taxonomy":"category","embeddable":true,"href":"https:\/\/www.europesays.com\/lv\/wp-json\/wp\/v2\/categories?post=116589"},{"taxonomy":"post_tag","embeddable":true,"href":"https:\/\/www.europesays.com\/lv\/wp-json\/wp\/v2\/tags?post=116589"}],"curies":[{"name":"wp","href":"https:\/\/api.w.org\/{rel}","templated":true}]}}