{"id":116591,"date":"2026-01-29T11:06:07","date_gmt":"2026-01-29T11:06:07","guid":{"rendered":"https:\/\/www.europesays.com\/lv\/116591\/"},"modified":"2026-01-29T11:06:07","modified_gmt":"2026-01-29T11:06:07","slug":"rsu-lspa-stiprina-sadarbibu-ar-latvijas-futbola-federaciju-treneru-izglitibas-joma","status":"publish","type":"post","link":"https:\/\/www.europesays.com\/lv\/116591\/","title":{"rendered":"RSU LSPA stiprina sadarb\u012bbu ar Latvijas Futbola feder\u0101ciju treneru izgl\u012bt\u012bbas jom\u0101"},"content":{"rendered":"<p class=\"text-align-right\">Foto: RSU LSPA<\/p>\n<p class=\"starting-text\">RSU Latvijas Sporta pedago\u0123ijas akad\u0113mija (LSPA) turpina m\u0113r\u0137tiec\u012bgi att\u012bst\u012bt sadarb\u012bbu ar Latvijas sporta feder\u0101cij\u0101m. 28. janv\u0101r\u012b notika RSU LSPA vad\u012bbas tik\u0161an\u0101s ar Latvijas Futbola feder\u0101cijas (LFF) Treneru izgl\u012bt\u012bbas noda\u013cu.<\/p>\n<p>Tik\u0161an\u0101s laik\u0101 RSU LSPA p\u0101rst\u0101v\u0113ja direktore Di\u0101na Laipniece, studiju virziena Sports\u00a0vad\u012bt\u0101ja Inese \u013bubinska un Individu\u0101lo un komandu sporta veidu katedras vad\u012bt\u0101js Ren\u0101rs L\u012bcis. Saruna ar LFF Treneru izgl\u012bt\u012bbas noda\u013cas vad\u012bt\u0101ju Art\u016bru Biezo un noda\u013cas darbiniekiem Deinu Pav\u0101ri un Ronaldu Smansu kalpoja k\u0101 profesion\u0101la un saturiska domu apmai\u0146a par treneru t\u0101l\u0101kizgl\u012bt\u012bbas iesp\u0113j\u0101m da\u017e\u0101dos izgl\u012bt\u012bbas l\u012bme\u0146os, k\u0101 ar\u012b par sporta nozares aktu\u0101laj\u0101m att\u012bst\u012bbas tendenc\u0113m.<\/p>\n<p class=\"img-full-width\"><img loading=\"lazy\" decoding=\"async\" alt=\"rsu_lspa_stiprina_sadarbibu_ar_lff-09.jpg\" data-entity-uuid=\"67aaa9d5-20e5-4a6c-8d4d-42af9d0d8aa2\" height=\"1024\" src=\"https:\/\/www.europesays.com\/lv\/wp-content\/uploads\/2026\/01\/rsu_lspa_stiprina_sadarbibu_ar_lff-09.jpg\" width=\"1464\"\/><\/p>\n<p class=\"img-full-width\"><img loading=\"lazy\" decoding=\"async\" alt=\"rsu_lspa_stiprina_sadarbibu_ar_lff-10.jpg\" data-entity-uuid=\"7f8f5808-c816-4c93-828b-5f5852de4ff5\" height=\"1024\" src=\"https:\/\/www.europesays.com\/lv\/wp-content\/uploads\/2026\/01\/rsu_lspa_stiprina_sadarbibu_ar_lff-10.jpg\" width=\"1464\"\/><\/p>\n<p>Sarun\u0101 iez\u012bm\u0113j\u0101s jaunas sadarb\u012bbas idejas RSU LSPA stud\u0113jo\u0161o prakses organiz\u0113\u0161anai ne tikai futbola specializ\u0101cij\u0101 stud\u0113jo\u0161ajiem, bet ar\u012b topo\u0161ajiem fitnesa specializ\u0101cijas studentiem, t\u0101d\u0113j\u0101di papla\u0161inot stud\u0113jo\u0161o iesp\u0113jas g\u016bt praks\u0113 balst\u012btu pieredzi.<\/p>\n<blockquote>\n<p>\u201cTie\u0161a sadarb\u012bba ar sporta veidu feder\u0101cij\u0101m \u013cauj mums savlaic\u012bgi rea\u0123\u0113t uz nozares att\u012bst\u012bbas tendenc\u0113m un nodro\u0161in\u0101t, ka studiju saturs ir praks\u0113 balst\u012bts, aktu\u0101ls un atbilsto\u0161s darba tirgus vajadz\u012bb\u0101m,\u201d<\/p>\n<\/blockquote>\n<p>uzsver RSU studiju virziena Sports\u00a0vad\u012bt\u0101ja Inese \u013bubinska.<\/p>\n<p>RSU LSPA uzskata, ka savlaic\u012bga un m\u0113r\u0137tiec\u012bga sadarb\u012bba ar nozares profesion\u0101\u013ciem ir b\u016btisks priek\u0161nosac\u012bjums studiju procesa kvalit\u0101tes nodro\u0161in\u0101\u0161anai un ilgtsp\u0113j\u012bgai sporta nozares att\u012bst\u012bbai Latvij\u0101.<\/p>\n","protected":false},"excerpt":{"rendered":"Foto: RSU LSPA RSU Latvijas Sporta pedago\u0123ijas akad\u0113mija (LSPA) turpina m\u0113r\u0137tiec\u012bgi att\u012bst\u012bt sadarb\u012bbu ar Latvijas sporta feder\u0101cij\u0101m. 28.&hellip;\n","protected":false},"author":2,"featured_media":116592,"comment_status":"","ping_status":"","sticky":false,"template":"","format":"standard","meta":{"footnotes":""},"categories":[17],"tags":[35,39,38,36,37,34,40,67],"class_list":{"0":"post-116591","1":"post","2":"type-post","3":"status-publish","4":"format-standard","5":"has-post-thumbnail","7":"category-sports","8":"tag-latvia","9":"tag-latvian","10":"tag-latviesu","11":"tag-latviesu-valoda","12":"tag-latviesuvaloda","13":"tag-latvija","14":"tag-lv","15":"tag-sports"},"share_on_mastodon":{"url":"https:\/\/pubeurope.com\/@lv\/115978068582926342","error":""},"_links":{"self":[{"href":"https:\/\/www.europesays.com\/lv\/wp-json\/wp\/v2\/posts\/116591","targetHints":{"allow":["GET"]}}],"collection":[{"href":"https:\/\/www.europesays.com\/lv\/wp-json\/wp\/v2\/posts"}],"about":[{"href":"https:\/\/www.europesays.com\/lv\/wp-json\/wp\/v2\/types\/post"}],"author":[{"embeddable":true,"href":"https:\/\/www.europesays.com\/lv\/wp-json\/wp\/v2\/users\/2"}],"replies":[{"embeddable":true,"href":"https:\/\/www.europesays.com\/lv\/wp-json\/wp\/v2\/comments?post=116591"}],"version-history":[{"count":0,"href":"https:\/\/www.europesays.com\/lv\/wp-json\/wp\/v2\/posts\/116591\/revisions"}],"wp:featuredmedia":[{"embeddable":true,"href":"https:\/\/www.europesays.com\/lv\/wp-json\/wp\/v2\/media\/116592"}],"wp:attachment":[{"href":"https:\/\/www.europesays.com\/lv\/wp-json\/wp\/v2\/media?parent=116591"}],"wp:term":[{"taxonomy":"category","embeddable":true,"href":"https:\/\/www.europesays.com\/lv\/wp-json\/wp\/v2\/categories?post=116591"},{"taxonomy":"post_tag","embeddable":true,"href":"https:\/\/www.europesays.com\/lv\/wp-json\/wp\/v2\/tags?post=116591"}],"curies":[{"name":"wp","href":"https:\/\/api.w.org\/{rel}","templated":true}]}}