{"id":116593,"date":"2026-01-29T11:07:12","date_gmt":"2026-01-29T11:07:12","guid":{"rendered":"https:\/\/www.europesays.com\/lv\/116593\/"},"modified":"2026-01-29T11:07:12","modified_gmt":"2026-01-29T11:07:12","slug":"pasapkalposanas-kases-palielinajusas-sensitivu-precu-pardosanu","status":"publish","type":"post","link":"https:\/\/www.europesays.com\/lv\/116593\/","title":{"rendered":"Pa\u0161apkalpo\u0161an\u0101s kases palielin\u0101ju\u0161as sensit\u012bvu pre\u010du p\u0101rdo\u0161anu"},"content":{"rendered":"<p>Tehnolo\u0123iju uz\u0146\u0113muma \u201cStrongPoint\u201d re\u0123ion\u0101lais vad\u012bt\u0101js Latvij\u0101 un Igaunij\u0101 U\u0123is Za\u010ds uzsver, ka tie\u0161i \u0161\u0101das emocion\u0101l\u0101s barjeras ir viens no iemesliem, k\u0101p\u0113c pa\u0161apkalpo\u0161an\u0101s risin\u0101jumi k\u013c\u016bst arvien popul\u0101r\u0101ki: \u201cPirc\u0113ji joproj\u0101m izj\u016bt nevajadz\u012bgu spriedzi, kad runa ir par int\u012bmiem pirkumiem, un tas nav p\u0101rsteigums \u2013 m\u0113s redzam, ka cilv\u0113ki vienk\u0101r\u0161i v\u0113las saglab\u0101t priv\u0101tumu. Tie\u0161i \u0161\u0101dos br\u012b\u017eos tehnolo\u0123ijas var b\u016bt lielisks pal\u012bgs. T\u0101s \u013cauj r\u012bkoties patst\u0101v\u012bgi, neman\u0101mi un mier\u012bgi. Ir pat re\u0101li gad\u012bjumi, kad cilv\u0113ki lab\u0101k atsak\u0101s no nepiecie\u0161am\u0101s preces, nek\u0101 to ieg\u0101d\u0101jas pie p\u0101rdev\u0113ja. Pa\u0161apkalpo\u0161an\u0101s risin\u0101jumi \u0161\u012bm situ\u0101cij\u0101m pied\u0101v\u0101 diskr\u0113tu, \u0113rtu un emocion\u0101li dro\u0161u alternat\u012bvu.\u201d<\/p>\n","protected":false},"excerpt":{"rendered":"Tehnolo\u0123iju uz\u0146\u0113muma \u201cStrongPoint\u201d re\u0123ion\u0101lais vad\u012bt\u0101js Latvij\u0101 un Igaunij\u0101 U\u0123is Za\u010ds uzsver, ka tie\u0161i \u0161\u0101das emocion\u0101l\u0101s barjeras ir viens&hellip;\n","protected":false},"author":2,"featured_media":116594,"comment_status":"","ping_status":"","sticky":false,"template":"","format":"standard","meta":{"footnotes":""},"categories":[16],"tags":[77,76,35,39,38,36,37,34,40],"class_list":{"0":"post-116593","1":"post","2":"type-post","3":"status-publish","4":"format-standard","5":"has-post-thumbnail","7":"category-bizness","8":"tag-bizness","9":"tag-business","10":"tag-latvia","11":"tag-latvian","12":"tag-latviesu","13":"tag-latviesu-valoda","14":"tag-latviesuvaloda","15":"tag-latvija","16":"tag-lv"},"share_on_mastodon":{"url":"https:\/\/pubeurope.com\/@lv\/115978072526070408","error":""},"_links":{"self":[{"href":"https:\/\/www.europesays.com\/lv\/wp-json\/wp\/v2\/posts\/116593","targetHints":{"allow":["GET"]}}],"collection":[{"href":"https:\/\/www.europesays.com\/lv\/wp-json\/wp\/v2\/posts"}],"about":[{"href":"https:\/\/www.europesays.com\/lv\/wp-json\/wp\/v2\/types\/post"}],"author":[{"embeddable":true,"href":"https:\/\/www.europesays.com\/lv\/wp-json\/wp\/v2\/users\/2"}],"replies":[{"embeddable":true,"href":"https:\/\/www.europesays.com\/lv\/wp-json\/wp\/v2\/comments?post=116593"}],"version-history":[{"count":0,"href":"https:\/\/www.europesays.com\/lv\/wp-json\/wp\/v2\/posts\/116593\/revisions"}],"wp:featuredmedia":[{"embeddable":true,"href":"https:\/\/www.europesays.com\/lv\/wp-json\/wp\/v2\/media\/116594"}],"wp:attachment":[{"href":"https:\/\/www.europesays.com\/lv\/wp-json\/wp\/v2\/media?parent=116593"}],"wp:term":[{"taxonomy":"category","embeddable":true,"href":"https:\/\/www.europesays.com\/lv\/wp-json\/wp\/v2\/categories?post=116593"},{"taxonomy":"post_tag","embeddable":true,"href":"https:\/\/www.europesays.com\/lv\/wp-json\/wp\/v2\/tags?post=116593"}],"curies":[{"name":"wp","href":"https:\/\/api.w.org\/{rel}","templated":true}]}}