{"id":116595,"date":"2026-01-29T11:08:05","date_gmt":"2026-01-29T11:08:05","guid":{"rendered":"https:\/\/www.europesays.com\/lv\/116595\/"},"modified":"2026-01-29T11:08:05","modified_gmt":"2026-01-29T11:08:05","slug":"aizsardzibas-ministrs-ar-baltijas-kolegiem-tallina-vienosies-par-si-gada-regionalas-drosibas-prioritatem-un-atbalstu-ukrainai","status":"publish","type":"post","link":"https:\/\/www.europesays.com\/lv\/116595\/","title":{"rendered":"Aizsardz\u012bbas ministrs ar Baltijas kol\u0113\u0123iem Tallin\u0101 vienosies par \u0161\u012b gada re\u0123ion\u0101l\u0101s dro\u0161\u012bbas priorit\u0101t\u0113m un atbalstu Ukrainai"},"content":{"rendered":"<p>Ceturtdien, 29. janv\u0101r\u012b, aizsardz\u012bbas ministrs Andris Spr\u016bds dosies divu dienu darba viz\u012bt\u0113 uz Tallinu, Igaunij\u0101, lai piedal\u012btos Baltijas valstu aizsardz\u012bbas ministru komitejas san\u0101ksm\u0113. Tik\u0161an\u0101s m\u0113r\u0137is ir saska\u0146ot kop\u012bgu r\u012bc\u012bbu re\u0123ion\u0101l\u0101s dro\u0161\u012bbas stiprin\u0101\u0161an\u0101 un padzi\u013cin\u0101t Baltijas valstu milit\u0101ro sadarb\u012bbu.<\/p>\n<p>\u201c\u0160odienas \u0123eopolitiskajos apst\u0101k\u013cos Baltijas valstu aizsardz\u012bba vairs nav skat\u0101ma atsevi\u0161\u0137i \u2013 m\u0113s esam vienota operacion\u0101l\u0101 telpa. Sinhroniz\u0113jot Baltijas valstu aizsardz\u012bbas pl\u0101nus un audz\u0113jot m\u016bsu industri\u0101lo jaudu, m\u0113s s\u016bt\u0101m nep\u0101rprotamu sign\u0101lu par Baltijas valstu vienot\u012bbu un notur\u012bbu,\u201d uzsver aizsardz\u012bbas ministrs A. Spr\u016bds.<\/p>\n<p>Darba sesiju laik\u0101 ministri p\u0101rrun\u0101s aktu\u0101los re\u0123ion\u0101l\u0101s dro\u0161\u012bbas jaut\u0101jumus un vienosies par turpm\u0101kiem so\u013ciem valstu kaujas sp\u0113ju m\u0113r\u0137tiec\u012bg\u0101 att\u012bst\u012bb\u0101. \u012apa\u0161a uzman\u012bba tiks velt\u012bta t\u0101l\u0101kajam strat\u0113\u0123iskajam dialogam ar ASV un Baltijas valstu sadarb\u012bbas form\u0101tam. T\u0101pat darba k\u0101rt\u012bb\u0101 ir iek\u013cauti jaut\u0101jumi par milit\u0101r\u0101s industrijas kapacit\u0101tes audz\u0113\u0161anu un kop\u012bgiem iepirkumiem, k\u0101 ar\u012b nep\u0101rtraukta un koordin\u0113ta atbalsta snieg\u0161anu Ukrainai.<\/p>\n<p>Baltijas valstis uztur regul\u0101ru aizsardz\u012bbas ministru un bru\u0146oto sp\u0113ku komandieru, k\u0101 ar\u012b ekspertu l\u012bme\u0146a dialogu par aizsardz\u012bbas politiku un sp\u0113ju att\u012bst\u012bbu. Nosl\u0113dzoties Baltijas valstu aizsardz\u012bbas ministru komitejas san\u0101ksmei, vado\u0161\u0101s valsts lomu tr\u012bspus\u0113j\u0101 sadarb\u012bbas form\u0101t\u0101 no Igaunijas p\u0101r\u0146em Latvija.<\/p>\n<p>          <img decoding=\"async\" src=\"https:\/\/www.europesays.com\/lv\/wp-content\/uploads\/2026\/01\/1768556888_896_logo-lv.png\" alt=\"\"\/><\/p>\n<p>                  \u0160\u012b inform\u0101cija ir publisks pazi\u0146ojums un neatspogu\u013co LV port\u0101la viedokli. Par t\u0101s saturu atbild ies\u016bt\u012bt\u0101js. <a data-popup=\"rules\">Public\u0113\u0161anas noteikumi<\/a><\/p>\n","protected":false},"excerpt":{"rendered":"Ceturtdien, 29. janv\u0101r\u012b, aizsardz\u012bbas ministrs Andris Spr\u016bds dosies divu dienu darba viz\u012bt\u0113 uz Tallinu, Igaunij\u0101, lai piedal\u012btos Baltijas&hellip;\n","protected":false},"author":2,"featured_media":106317,"comment_status":"","ping_status":"","sticky":false,"template":"","format":"standard","meta":{"footnotes":""},"categories":[14],"tags":[23,57,28,29,32,33,22,30,31,35,39,38,36,37,34,40,20,26,27,24,25,54,55,56,21,58],"class_list":{"0":"post-116595","1":"post","2":"type-post","3":"status-publish","4":"format-standard","5":"has-post-thumbnail","7":"category-zinas-no-arvalstim","8":"tag-aktualitates","9":"tag-arvalstim","10":"tag-breaking-news","11":"tag-breakingnews","12":"tag-featured-news","13":"tag-featurednews","14":"tag-headlines","15":"tag-latest-news","16":"tag-latestnews","17":"tag-latvia","18":"tag-latvian","19":"tag-latviesu","20":"tag-latviesu-valoda","21":"tag-latviesuvaloda","22":"tag-latvija","23":"tag-lv","24":"tag-news","25":"tag-popularakas-zinas","26":"tag-popularakaszinas","27":"tag-top-stories","28":"tag-topstories","29":"tag-world","30":"tag-world-news","31":"tag-worldnews","32":"tag-zinas","33":"tag-zinas-no-arvalstim"},"share_on_mastodon":{"url":"https:\/\/pubeurope.com\/@lv\/115978076359732432","error":""},"_links":{"self":[{"href":"https:\/\/www.europesays.com\/lv\/wp-json\/wp\/v2\/posts\/116595","targetHints":{"allow":["GET"]}}],"collection":[{"href":"https:\/\/www.europesays.com\/lv\/wp-json\/wp\/v2\/posts"}],"about":[{"href":"https:\/\/www.europesays.com\/lv\/wp-json\/wp\/v2\/types\/post"}],"author":[{"embeddable":true,"href":"https:\/\/www.europesays.com\/lv\/wp-json\/wp\/v2\/users\/2"}],"replies":[{"embeddable":true,"href":"https:\/\/www.europesays.com\/lv\/wp-json\/wp\/v2\/comments?post=116595"}],"version-history":[{"count":0,"href":"https:\/\/www.europesays.com\/lv\/wp-json\/wp\/v2\/posts\/116595\/revisions"}],"wp:featuredmedia":[{"embeddable":true,"href":"https:\/\/www.europesays.com\/lv\/wp-json\/wp\/v2\/media\/106317"}],"wp:attachment":[{"href":"https:\/\/www.europesays.com\/lv\/wp-json\/wp\/v2\/media?parent=116595"}],"wp:term":[{"taxonomy":"category","embeddable":true,"href":"https:\/\/www.europesays.com\/lv\/wp-json\/wp\/v2\/categories?post=116595"},{"taxonomy":"post_tag","embeddable":true,"href":"https:\/\/www.europesays.com\/lv\/wp-json\/wp\/v2\/tags?post=116595"}],"curies":[{"name":"wp","href":"https:\/\/api.w.org\/{rel}","templated":true}]}}