{"id":116598,"date":"2026-01-29T11:17:08","date_gmt":"2026-01-29T11:17:08","guid":{"rendered":"https:\/\/www.europesays.com\/lv\/116598\/"},"modified":"2026-01-29T11:17:08","modified_gmt":"2026-01-29T11:17:08","slug":"lielaka-revansa-cina-latvijas-vesture-zinams-zusa-pretinieks-vina-pedeja-dueli","status":"publish","type":"post","link":"https:\/\/www.europesays.com\/lv\/116598\/","title":{"rendered":"\u201cLiel\u0101k\u0101 revan\u0161a c\u012b\u0146a Latvijas v\u0113stur\u0113\u201d &#8211; zin\u0101ms Zu\u0161a pretinieks vi\u0146a p\u0113d\u0113j\u0101 duel\u012b"},"content":{"rendered":"<p>                                <img decoding=\"async\" src=\"https:\/\/www.europesays.com\/lv\/wp-content\/uploads\/2025\/10\/screenshot-2998-750x450.png\"   alt=\"Kristaps Zutis\" class=\"post-featured-image\"\/><\/p>\n<p>Kristaps Zutis | Foto: Ekr\u0101n\u0161\u0101vi\u0146\u0161<\/p>\n<p>Latvijas boksera <a href=\"https:\/\/sportazinas.com\/atsl%C4%93gv%C4%81rdi\/kristaps-zutis\" rel=\"nofollow noopener\" target=\"_blank\">Kristapa Zu\u0161a<\/a> pretinieks vi\u0146a p\u0113d\u0113j\u0101 c\u012b\u0146\u0101 <a href=\"https:\/\/www.instagram.com\/p\/DUFx5ESDU2t\/?img_index=5&amp;igsh=MzRmejJjYXpzMnEx\" target=\"_blank\" rel=\"noreferrer noopener nofollow\">b\u016bs<\/a> <a href=\"https:\/\/www.sportazinas.com\/atsl%C4%93gv%C4%81rdi\/juris-zundovskis\" rel=\"nofollow noopener\" target=\"_blank\">Juris Zundovskis<\/a>.<\/p>\n<p>C\u012b\u0146a norisin\u0101sies \u201cKOK Fights\u201d pas\u0101kuma ietvaros 21. febru\u0101r\u012b \u201cXiaomi\u201d ar\u0113n\u0101. K\u0101 raksta pas\u0101kuma r\u012bkotaj\u012b, t\u0101 b\u016bs liel\u0101k\u0101 revan\u0161a c\u012b\u0146a Latvijas v\u0113stur\u0113.<\/p>\n<blockquote class=\"instagram-media\" data-instgrm-captioned=\"\" data-instgrm-permalink=\"https:\/\/www.instagram.com\/p\/DUFx5ESDU2t\/?utm_source=ig_embed&amp;utm_campaign=loading\" data-instgrm-version=\"14\" style=\" background:#FFF; border:0; border-radius:3px; box-shadow:0 0 1px 0 rgba(0,0,0,0.5),0 1px 10px 0 rgba(0,0,0,0.15); margin: 1px; max-width:540px; min-width:326px; padding:0; width:99.375%; width:-webkit-calc(100% - 2px); width:calc(100% - 2px);\"\/>\n<p>\u0160om\u0113nes Zutis pazi\u0146oja, ka vi\u0146\u0161 p\u0113c 21. febru\u0101ra c\u012b\u0146as nosl\u0113gs savu karjeru. Tas notika p\u0113c tam, kad \u201cBazara 0 Fight Club III\u201d c\u012b\u0146u \u0161ova vakara galvenaj\u0101 duel\u012b Francis Rozent\u0101ls ar nokautu otraj\u0101 raund\u0101 pieveica Zuti.<\/p>\n<p>K\u0101 v\u0113sta r\u012bkot\u0101ji, c\u012b\u0146a notiks ar mazajiem boksa cimdiem.<\/p>\n<p>Zutis ar Zundovski c\u012bn\u012bj\u0101s p\u0113c gada, Zutim svinot uzvaru p\u0113c punktiem \u010detru raundu c\u012b\u0146\u0101.<\/p>\n<p>                    <script async src=\"\/\/www.instagram.com\/embed.js\"><\/script><\/p>\n","protected":false},"excerpt":{"rendered":"Kristaps Zutis | Foto: Ekr\u0101n\u0161\u0101vi\u0146\u0161 Latvijas boksera Kristapa Zu\u0161a pretinieks vi\u0146a p\u0113d\u0113j\u0101 c\u012b\u0146\u0101 b\u016bs Juris Zundovskis. C\u012b\u0146a norisin\u0101sies&hellip;\n","protected":false},"author":2,"featured_media":30652,"comment_status":"","ping_status":"","sticky":false,"template":"","format":"standard","meta":{"footnotes":""},"categories":[17],"tags":[35,39,38,36,37,34,40,67],"class_list":{"0":"post-116598","1":"post","2":"type-post","3":"status-publish","4":"format-standard","5":"has-post-thumbnail","7":"category-sports","8":"tag-latvia","9":"tag-latvian","10":"tag-latviesu","11":"tag-latviesu-valoda","12":"tag-latviesuvaloda","13":"tag-latvija","14":"tag-lv","15":"tag-sports"},"share_on_mastodon":{"url":"https:\/\/pubeurope.com\/@lv\/115978111724620397","error":""},"_links":{"self":[{"href":"https:\/\/www.europesays.com\/lv\/wp-json\/wp\/v2\/posts\/116598","targetHints":{"allow":["GET"]}}],"collection":[{"href":"https:\/\/www.europesays.com\/lv\/wp-json\/wp\/v2\/posts"}],"about":[{"href":"https:\/\/www.europesays.com\/lv\/wp-json\/wp\/v2\/types\/post"}],"author":[{"embeddable":true,"href":"https:\/\/www.europesays.com\/lv\/wp-json\/wp\/v2\/users\/2"}],"replies":[{"embeddable":true,"href":"https:\/\/www.europesays.com\/lv\/wp-json\/wp\/v2\/comments?post=116598"}],"version-history":[{"count":0,"href":"https:\/\/www.europesays.com\/lv\/wp-json\/wp\/v2\/posts\/116598\/revisions"}],"wp:featuredmedia":[{"embeddable":true,"href":"https:\/\/www.europesays.com\/lv\/wp-json\/wp\/v2\/media\/30652"}],"wp:attachment":[{"href":"https:\/\/www.europesays.com\/lv\/wp-json\/wp\/v2\/media?parent=116598"}],"wp:term":[{"taxonomy":"category","embeddable":true,"href":"https:\/\/www.europesays.com\/lv\/wp-json\/wp\/v2\/categories?post=116598"},{"taxonomy":"post_tag","embeddable":true,"href":"https:\/\/www.europesays.com\/lv\/wp-json\/wp\/v2\/tags?post=116598"}],"curies":[{"name":"wp","href":"https:\/\/api.w.org\/{rel}","templated":true}]}}