{"id":116599,"date":"2026-01-29T11:19:14","date_gmt":"2026-01-29T11:19:14","guid":{"rendered":"https:\/\/www.europesays.com\/lv\/116599\/"},"modified":"2026-01-29T11:19:14","modified_gmt":"2026-01-29T11:19:14","slug":"krievijas-sankcijam-paklauts-tankkugis-grinch-arestets-francija","status":"publish","type":"post","link":"https:\/\/www.europesays.com\/lv\/116599\/","title":{"rendered":"Krievijas sankcij\u0101m pak\u013cauts tankku\u0123is &#8220;Grinch&#8221; arest\u0113ts Francij\u0101"},"content":{"rendered":"<p class=\"descr\">Francijas varas iest\u0101des tre\u0161dien piem\u0113roju\u0161as administrat\u012bvo arestu naftas tankku\u0123im &#8220;Grinch&#8221;, kas tika aiztur\u0113ts aizdom\u0101s par pieder\u012bbu Krievijas &#8220;\u0113nu flotei&#8221;, pav\u0113st\u012bja Marse\u013cas prokurat\u016bra.<\/p>\n<p>Tankku\u0123a kapteinis, 58 gadus vecais Indijas pilsonis, ko Francijas iest\u0101des iepriek\u0161 bija aiztur\u0113ju\u0161as, ir atbr\u012bvots un atgriezies uz ku\u0123a.<\/p>\n<p>K\u0101 zi\u0146o Francijas telev\u012bzijas kan\u0101ls BFMTV, tankku\u0123is brauca no Murmanskas zem Komoru Salu viltus karoga.<\/p>\n<p>P\u0113c aiztur\u0113\u0161anas ku\u0123is tika nos\u016bt\u012bts uz Marse\u013cas-Fosas ostu.<\/p>\n<p>BFMTV ar\u012b nor\u0101da, ka &#8220;Grinch&#8221; ir Lielbrit\u0101nijas sankciju sarakst\u0101 un uz to attiecas ar\u012b Eiropas Savien\u012bbas (ES) un ASV sankcijas, bet to &#8220;melnajos sarakstos&#8221; tas par\u0101d\u0101s ar citiem nosaukumiem.<\/p>\n<p>Ku\u0123is nodarbojies ar naftas produktu eksportu galvenok\u0101rt uz \u0136\u012bnu un Indiju.<\/p>\n<p>P\u0113c tankku\u0123a aiztur\u0113\u0161anas 22. janv\u0101r\u012b Vidusj\u016br\u0101 Francijas prezidents Emanuels Makrons pazi\u0146oja, ka Franciju \u0161aj\u0101 oper\u0101cij\u0101 atbalst\u012bja vair\u0101ki sabiedrotie, taj\u0101 skait\u0101 Lielbrit\u0101nija.<\/p>\n<p>Ku\u0123im ir noteiktas starptautiskas sankcijas, un tas brauca zem viltus karoga, nor\u0101d\u012bja Makrons.<\/p>\n<p><a href=\"https:\/\/nra.lv\/pasaule\/510874-asv-armija-ignore-krievijas-karogu-un-aiztur-naftas-tankkugi.htm\" data-item-link=\"true\" data-item-id=\"510874\" rel=\"nofollow noopener\" target=\"_blank\">Krievijas &#8220;\u0113nu flote&#8221;<\/a> galvenok\u0101rt sast\u0101v no veciem ku\u0123iem, kas tiek izmantoti \u0101rpus Rietumu apdro\u0161in\u0101\u0161anas un re\u0123istr\u0101cijas sist\u0113m\u0101m.<\/p>\n<p>Tos izmanto, lai apietu ES sankcijas, kas tika noteiktas p\u0113c Krievijas atk\u0101rtot\u0101 iebrukuma Ukrain\u0101.<\/p>\n<p>Ie\u0146\u0113mumi no naftas p\u0101rdo\u0161anas, ar\u012b par pazemin\u0101t\u0101m cen\u0101m t\u0101d\u0101m valst\u012bm k\u0101 Indija un \u0136\u012bna, tiek izmantoti kara finans\u0113\u0161anai.<\/p>\n<p>\t\t\t\t\t\tinfo<\/p>\n<p>Uzzini pirmais<br \/>kas interesants noticis Latvij\u0101 un pasaul\u0113,<br \/>pievienojoties mums <a href=\"https:\/\/t.me\/neatkariga\" rel=\"nofollow\">Telegram<\/a> vai <a href=\"https:\/\/whatsapp.com\/channel\/0029VaMLFUH5K3zLU5s4wm3y\" rel=\"nofollow noopener\" target=\"_blank\">Whatsapp<\/a> kan\u0101l\u0101<\/p>\n","protected":false},"excerpt":{"rendered":"Francijas varas iest\u0101des tre\u0161dien piem\u0113roju\u0161as administrat\u012bvo arestu naftas tankku\u0123im &#8220;Grinch&#8221;, kas tika aiztur\u0113ts aizdom\u0101s par pieder\u012bbu Krievijas &#8220;\u0113nu&hellip;\n","protected":false},"author":2,"featured_media":116600,"comment_status":"","ping_status":"","sticky":false,"template":"","format":"standard","meta":{"footnotes":""},"categories":[14],"tags":[23,57,28,29,32,33,22,30,31,35,39,38,36,37,34,40,20,26,27,24,25,54,55,56,21,58],"class_list":{"0":"post-116599","1":"post","2":"type-post","3":"status-publish","4":"format-standard","5":"has-post-thumbnail","7":"category-zinas-no-arvalstim","8":"tag-aktualitates","9":"tag-arvalstim","10":"tag-breaking-news","11":"tag-breakingnews","12":"tag-featured-news","13":"tag-featurednews","14":"tag-headlines","15":"tag-latest-news","16":"tag-latestnews","17":"tag-latvia","18":"tag-latvian","19":"tag-latviesu","20":"tag-latviesu-valoda","21":"tag-latviesuvaloda","22":"tag-latvija","23":"tag-lv","24":"tag-news","25":"tag-popularakas-zinas","26":"tag-popularakaszinas","27":"tag-top-stories","28":"tag-topstories","29":"tag-world","30":"tag-world-news","31":"tag-worldnews","32":"tag-zinas","33":"tag-zinas-no-arvalstim"},"share_on_mastodon":{"url":"https:\/\/pubeurope.com\/@lv\/115978119631338601","error":""},"_links":{"self":[{"href":"https:\/\/www.europesays.com\/lv\/wp-json\/wp\/v2\/posts\/116599","targetHints":{"allow":["GET"]}}],"collection":[{"href":"https:\/\/www.europesays.com\/lv\/wp-json\/wp\/v2\/posts"}],"about":[{"href":"https:\/\/www.europesays.com\/lv\/wp-json\/wp\/v2\/types\/post"}],"author":[{"embeddable":true,"href":"https:\/\/www.europesays.com\/lv\/wp-json\/wp\/v2\/users\/2"}],"replies":[{"embeddable":true,"href":"https:\/\/www.europesays.com\/lv\/wp-json\/wp\/v2\/comments?post=116599"}],"version-history":[{"count":0,"href":"https:\/\/www.europesays.com\/lv\/wp-json\/wp\/v2\/posts\/116599\/revisions"}],"wp:featuredmedia":[{"embeddable":true,"href":"https:\/\/www.europesays.com\/lv\/wp-json\/wp\/v2\/media\/116600"}],"wp:attachment":[{"href":"https:\/\/www.europesays.com\/lv\/wp-json\/wp\/v2\/media?parent=116599"}],"wp:term":[{"taxonomy":"category","embeddable":true,"href":"https:\/\/www.europesays.com\/lv\/wp-json\/wp\/v2\/categories?post=116599"},{"taxonomy":"post_tag","embeddable":true,"href":"https:\/\/www.europesays.com\/lv\/wp-json\/wp\/v2\/tags?post=116599"}],"curies":[{"name":"wp","href":"https:\/\/api.w.org\/{rel}","templated":true}]}}