{"id":116614,"date":"2026-01-29T11:44:08","date_gmt":"2026-01-29T11:44:08","guid":{"rendered":"https:\/\/www.europesays.com\/lv\/116614\/"},"modified":"2026-01-29T11:44:08","modified_gmt":"2026-01-29T11:44:08","slug":"lorena-sancesa-un-dzefs-bezoss-mirdz-parizes-modes-nedela","status":"publish","type":"post","link":"https:\/\/www.europesays.com\/lv\/116614\/","title":{"rendered":"Lor\u0113na San\u010desa un D\u017eefs Bezoss mirdz Par\u012bzes modes ned\u0113\u013c\u0101"},"content":{"rendered":"<p>Iedzi\u013cinoties \u0160iaparelli pasaules sirre\u0101lism\u0101, San\u010desa Bezosa n\u0113s\u0101ja vienu no z\u012bmola ikoniskaj\u0101m sejas som\u0101m \u2014 mikro dizainu no baltas krokodila \u0101das ar zelta akcentiem. Lai to saska\u0146otu, vi\u0146as ausis rot\u0101ja skulptur\u0101li zelta auskari.<\/p>\n<p>Lai pie\u0161\u0137irtu p\u0113d\u0113jo mirdzuma un glaunuma piesk\u0101rienu, vi\u0146a aizsedza acis ar lieliem zelta aviatorsaulesbrill\u0113m ar rouge ombre l\u0113c\u0101m.<\/p>\n<p>Tikm\u0113r \u201cAmazon\u201d dibin\u0101t\u0101js modes skat\u0113 papildin\u0101ja savu sievu\u00a0elegant\u0101 meln\u0101 uzvalk\u0101 ar vieglu met\u0101lisku sp\u012bdumu, ko akcent\u0113ja ar zelta apdari rot\u0101tas pogas. Vi\u0146\u0161 to apvienoja ar melnu kreklu ar pog\u0101m un melniem z\u0101bakiem, lai ieg\u016btu vienkr\u0101sainu izskatu, l\u012bdz\u012bgu savai sievai.<\/p>\n<p>Run\u0101jot par aksesu\u0101riem, tum\u0161as saulesbrilles, virkne p\u0113rl\u012b\u0161u apro\u010du un zelta laul\u012bbas gredzens nodro\u0161in\u0101ja piln\u012bgu izska\u0146u.<\/p>\n<p>Ta\u010du v\u0113l iespaid\u012bg\u0101ka bija vi\u0146a jaun\u0101, sudrabain\u0101 b\u0101rda, ko vi\u0146\u0161 \u0161oziem ir audz\u0113jis.<\/p>\n<p>            <img loading=\"lazy\" decoding=\"async\" class=\"size-thumbnail wp-image-3735371 skaties-content-image\" title=\"PARIS: Schiaparelli - Outside Arrivals - Paris Fashion Week - Haute Couture Week Spring\/Summer 2026\" src=\"https:\/\/www.europesays.com\/lv\/wp-content\/uploads\/2026\/01\/31dc-697b337384776-672x1007.jpg\" alt=\"PARIS: Schiaparelli - Outside Arrivals - Paris Fashion Week - Haute Couture Week Spring\/Summer 2026\" width=\"672\" height=\"1007\"  \/><\/p>\n<p>                Lor\u0113na San\u010desa un D\u017eefs Bezoss piesaista uzman\u012bbu Par\u012bzes Augst\u0101s modes ned\u0113\u013c\u0101 FOTO: Laurent VU\/SIPA<\/p>\n<p>Schiaparelli nav modes nams, kas klusi sapl\u016bst ar fonu. Z\u012bmols, kas paz\u012bstams ar sirre\u0101listisko modi, skulptur\u0101liem aksesu\u0101riem un m\u0101kslas vad\u012btu augsto dizainu, savu moderno identit\u0101ti ir veidojis uz drosm\u012bga dizaina pamata. Sejas soma ir viens no t\u0101 atpaz\u012bstam\u0101kajiem darin\u0101jumiem, un tam ir labs iemesls.<\/p>\n<p>Somai ir zelta to\u0146a skulptur\u0113tas acis, deguns un l\u016bpas, kas novietotas tie\u0161i uz \u0101rpuses, p\u0101rv\u0113r\u0161ot funkcion\u0101lu aksesu\u0101ru par valk\u0101jamu m\u0101kslas objektu. T\u0101 nevis sl\u0113pjas aiz logotipiem vai paredzamiem siluetiem, bet gan tie\u0161i konfront\u0113 skat\u012bt\u0101ju. T\u0101 \u0161\u0137iet rota\u013c\u012bga, provokat\u012bva un bez atvaino\u0161an\u0101s at\u0161\u0137ir\u012bga.<\/p>\n<p>\u0160\u012b sirre\u0101l\u0101 est\u0113tika ir dzi\u013ci iesak\u0146ojusies nama v\u0113stur\u0113. Elsa \u0160iaparelli sadarboj\u0101s ar t\u0101diem m\u0101ksliniekiem k\u0101 Salvadors Dal\u012b un \u017dans Kokto, sapludinot robe\u017eu starp modi un t\u0113lot\u0101jm\u0101kslu gadu desmitiem pirms t\u0101 k\u013cuva par tendenci. \u201cFace Bag\u201d turpina \u0161o mantojumu, atjaunin\u0101tu ar modernu meistar\u012bbu, grezniem materi\u0101liem un augsta sp\u012bduma furnit\u016bru, kas \u0161\u0137iet dr\u012bz\u0101k augstas klases, nevis jaunums.<\/p>\n<p>\u201cSchiaparelli Face Bag\u201d stingri ierindojas augstas luksusa dizaineru rokassomu kategorij\u0101. Z\u012bmola ofici\u0101laj\u0101 vietn\u0113 \u201cMicro Face Bag\u201d mazumtirdzniec\u012bbas cena ir aptuveni 3800 eiro jeb aptuveni 4000 ASV dol\u0101ru, un noteiktas mini un speci\u0101l\u0101s \u0101das versijas var pieaugt atkar\u012bb\u0101 no materi\u0101liem un deta\u013c\u0101m, raksta \u201cHola!\u201d.<\/p>\n<p>Lai gan \u0161\u012b cena nekonkur\u0113 ar \u012bpa\u0161i retaj\u0101m \u201cHerm\u00e8s Birkin\u201d som\u0101m, kuru cena var sasniegt se\u0161ciparu summu, t\u0101 ie\u0146em strat\u0113\u0123isku vietu luksusa mod\u0113. T\u0101 signaliz\u0113 par gaumi, p\u0101rliec\u012bbu un kolekcion\u0101ra dom\u0101\u0161anas veidu, nevis klusu bag\u0101t\u012bbu.<\/p>\n","protected":false},"excerpt":{"rendered":"Iedzi\u013cinoties \u0160iaparelli pasaules sirre\u0101lism\u0101, San\u010desa Bezosa n\u0113s\u0101ja vienu no z\u012bmola ikoniskaj\u0101m sejas som\u0101m \u2014 mikro dizainu no baltas&hellip;\n","protected":false},"author":2,"featured_media":116615,"comment_status":"","ping_status":"","sticky":false,"template":"","format":"standard","meta":{"footnotes":""},"categories":[19],"tags":[26940,89,90,35,39,38,36,37,34,40],"class_list":{"0":"post-116614","1":"post","2":"type-post","3":"status-publish","4":"format-standard","5":"has-post-thumbnail","7":"category-izklaide","8":"tag-dzefs-bezosslaurena-sancesalorena-sancesaparizes-modes-skate","9":"tag-entertainment","10":"tag-izklaide","11":"tag-latvia","12":"tag-latvian","13":"tag-latviesu","14":"tag-latviesu-valoda","15":"tag-latviesuvaloda","16":"tag-latvija","17":"tag-lv"},"share_on_mastodon":{"url":"https:\/\/pubeurope.com\/@lv\/115978217897524394","error":""},"_links":{"self":[{"href":"https:\/\/www.europesays.com\/lv\/wp-json\/wp\/v2\/posts\/116614","targetHints":{"allow":["GET"]}}],"collection":[{"href":"https:\/\/www.europesays.com\/lv\/wp-json\/wp\/v2\/posts"}],"about":[{"href":"https:\/\/www.europesays.com\/lv\/wp-json\/wp\/v2\/types\/post"}],"author":[{"embeddable":true,"href":"https:\/\/www.europesays.com\/lv\/wp-json\/wp\/v2\/users\/2"}],"replies":[{"embeddable":true,"href":"https:\/\/www.europesays.com\/lv\/wp-json\/wp\/v2\/comments?post=116614"}],"version-history":[{"count":0,"href":"https:\/\/www.europesays.com\/lv\/wp-json\/wp\/v2\/posts\/116614\/revisions"}],"wp:featuredmedia":[{"embeddable":true,"href":"https:\/\/www.europesays.com\/lv\/wp-json\/wp\/v2\/media\/116615"}],"wp:attachment":[{"href":"https:\/\/www.europesays.com\/lv\/wp-json\/wp\/v2\/media?parent=116614"}],"wp:term":[{"taxonomy":"category","embeddable":true,"href":"https:\/\/www.europesays.com\/lv\/wp-json\/wp\/v2\/categories?post=116614"},{"taxonomy":"post_tag","embeddable":true,"href":"https:\/\/www.europesays.com\/lv\/wp-json\/wp\/v2\/tags?post=116614"}],"curies":[{"name":"wp","href":"https:\/\/api.w.org\/{rel}","templated":true}]}}