{"id":116616,"date":"2026-01-29T11:48:05","date_gmt":"2026-01-29T11:48:05","guid":{"rendered":"https:\/\/www.europesays.com\/lv\/116616\/"},"modified":"2026-01-29T11:48:05","modified_gmt":"2026-01-29T11:48:05","slug":"ogres-mers-atsak-vadit-domi-ministrs-prasa-skaidrojumu-par-amata-pildisanu-bez-valsts-noslepuma-pielaides-lsm","status":"publish","type":"post","link":"https:\/\/www.europesays.com\/lv\/116616\/","title":{"rendered":"Ogres m\u0113rs ats\u0101k vad\u012bt domi; ministrs prasa skaidrojumu par amata pild\u012b\u0161anu bez valsts nosl\u0113puma pielaides &#8211; LSM"},"content":{"rendered":"<ol>\n<li><a href=\"https:\/\/news.google.com\/rss\/articles\/CBMi-AFBVV95cUxNMnFrSlBFNzk4LXJvZXpjT3hfYW1MeGFKejlLLXA0akM0VVZPSzBud1V0Sm5NbWZTc3UyeTNBX0tUa2o3NHBRRzJaTU4zelVfb2lRX0JxY2VMSlJrSHNKUjlCVDcyNHU3M3E1MGRzOEI5WmxtMUVIa3FBdmtaTGx4TlpIZ2lES01PTnUzNGR1bnNacnpyRmFVNjRIRDBNdnlKUl9qMm5McmZXUnJUMzFsSFhQSkRFcXdQaVA3WjBYNGFLcVhaWHJYR3NkY08tME1jZ2I3S2dEb1dQWG1KOFo1a0hGUEFUX0lGOG9CZWJCSW9ScWNJRzMyVg?oc=5\" target=\"_blank\" rel=\"nofollow noopener\">Ogres m\u0113rs ats\u0101k vad\u012bt domi; ministrs prasa skaidrojumu par amata pild\u012b\u0161anu bez valsts nosl\u0113puma pielaides<\/a>&nbsp;&nbsp;LSM<\/li>\n<li><a href=\"https:\/\/news.google.com\/rss\/articles\/CBMi-gFBVV95cUxOUEMxd1pfN1pGMVVPRkJlbDkwdExYcEF4TnEyZzRDRE1sSkwwSVFUVUViRG1xMDZJMVFpXzFVVjZGLUZNTEl1cmJFeXZWM3ZIRkYzYTZHdVREaV83bk5yRVRJa0NQS1gxOWJLdHFlMlVUbmtkNHdLVG9SVEV4aFlIT0tGWTlobHVZMzl0ekxURkNUZlBLQnpweTg4S2FGTy1SSm1GWWc5MERaWVdGVFIwUEhFdkJBckJPNF9uYWdrWWZ1ZE5HUk5qRk1vQjJkeHBBRlVieEhkb0RXRFdURUxwY0FYRHh4Y19rQlBpNy1IdnByaVVlTTZvdnF3?oc=5\" target=\"_blank\" rel=\"nofollow noopener\">Ogres m\u0113rs ats\u0101k vad\u012bt domi; ministrs prasa skaidrojumu par amata pild\u012b\u0161anu bez pielaides valsts nosl\u0113pumam<\/a>&nbsp;&nbsp;LSM<\/li>\n<li><a href=\"https:\/\/news.google.com\/rss\/articles\/CBMizAFBVV95cUxPamlnUWZLd0VDdmpNMDB5UERqeWpNdGM5MW5sSkRoVEpVUWtudEk2SlliX1h3S0t5SmlrX05yQXQtVVczQVFab2tES19hQURxYUxyNGtvTDB1Y05KR2lJRmlyZlM2SlBaZXQteUhYNmFvT2JZMHdjZXJER1o5RUhUN29ZRU52NXEwT0pSLW1BYVdCRnVmdGc2QzVuN3ZwU0I1UFRiZlFtaU1OdEsyX3BPWHNJMERpZWVGaGJxc1lreTl1VVhzNVZNTmZZT3M?oc=5\" target=\"_blank\" rel=\"nofollow noopener\">TIE\u0160RAIDE. Egils Helmanis atgriezies darb\u0101 Ogres dom\u0113: paceltas balsis, izsl\u0113gti mikrofoni un skarbi v\u0101rdi opoz\u012bcijai<\/a>&nbsp;&nbsp;LA.LV<\/li>\n<li><a href=\"https:\/\/news.google.com\/rss\/articles\/CBMiqwFBVV95cUxPQU5PUWVnYjg2Z0VUUEE1RFBmTXpUZmtqM0xSdnJrWV9abXlxenB0VFFvOG1mbG92bThUVlgyVEY2Zl9fdVhGVHVmUWFZMnN2OWl5clc2MXpheDNQamxQRjNIc1dkQlRZa1VpZEhNY1M4RXBTWlhaTnBXdXNsR3VINXRjWDA5cTFEa2JvdVRQRU1sZTh5N1BzX0xZd1p2VnFhZWJwT2MyMkdMRnc?oc=5\" target=\"_blank\" rel=\"nofollow noopener\">VARAM ministrs prasa Ogres m\u0113ram Helmanim skaidrojumu par nesa\u0146emto pielaidi<\/a>&nbsp;&nbsp;tv3.lv<\/li>\n<li><a href=\"https:\/\/news.google.com\/rss\/articles\/CBMi9wFBVV95cUxNUzNFN3JSRjduQy1PQjV3SHhMV1pBbnk5REpJU0p2dmFfRmUwRjhuTTJKSlZETkhFUkhraldWd21xaHJ0RFctVWh2ZldnTUw1eEZBckJzZTRtQWIzXy1JS1dNOHNTMGRJWW9WaEZ4ejJSU2oyLWwzNld1OWZ3aVJoRTA3R2pXTXFEaWhMV0lLckRJS19SX0VoeXpBWF9XeVNKWlBjY1ZrXzBCWXB0NVhYZUJETVExejRkS1RjQnc5N3hTd29DQ2xNVmlsRDFyNmd5SDdyVGljOG1fOEhCY2lrX0YzemFPMXZ2YWtJcDhvQ2ZuQVhlQTRj?oc=5\" target=\"_blank\" rel=\"nofollow noopener\">VARAM ministrs R. \u010cudars pieprasa paskaidrojumu E. Helmanim par amata pien\u0101kumu pild\u012b\u0161anu bez pieejas valsts nosl\u0113pumam<\/a>&nbsp;&nbsp;LV port\u0101ls<\/li>\n<\/ol>\n","protected":false},"excerpt":{"rendered":"Ogres m\u0113rs ats\u0101k vad\u012bt domi; ministrs prasa skaidrojumu par amata pild\u012b\u0161anu bez valsts nosl\u0113puma pielaides&nbsp;&nbsp;LSM Ogres m\u0113rs ats\u0101k&hellip;\n","protected":false},"author":2,"featured_media":114652,"comment_status":"","ping_status":"","sticky":false,"template":"","format":"standard","meta":{"footnotes":""},"categories":[12],"tags":[23,28,29,32,33,22,30,31,35,39,38,36,37,34,40,20,26,27,24,25,21],"class_list":{"0":"post-116616","1":"post","2":"type-post","3":"status-publish","4":"format-standard","5":"has-post-thumbnail","7":"category-latvija","8":"tag-aktualitates","9":"tag-breaking-news","10":"tag-breakingnews","11":"tag-featured-news","12":"tag-featurednews","13":"tag-headlines","14":"tag-latest-news","15":"tag-latestnews","16":"tag-latvia","17":"tag-latvian","18":"tag-latviesu","19":"tag-latviesu-valoda","20":"tag-latviesuvaloda","21":"tag-latvija","22":"tag-lv","23":"tag-news","24":"tag-popularakas-zinas","25":"tag-popularakaszinas","26":"tag-top-stories","27":"tag-topstories","28":"tag-zinas"},"share_on_mastodon":{"url":"https:\/\/pubeurope.com\/@lv\/115978233668948855","error":""},"_links":{"self":[{"href":"https:\/\/www.europesays.com\/lv\/wp-json\/wp\/v2\/posts\/116616","targetHints":{"allow":["GET"]}}],"collection":[{"href":"https:\/\/www.europesays.com\/lv\/wp-json\/wp\/v2\/posts"}],"about":[{"href":"https:\/\/www.europesays.com\/lv\/wp-json\/wp\/v2\/types\/post"}],"author":[{"embeddable":true,"href":"https:\/\/www.europesays.com\/lv\/wp-json\/wp\/v2\/users\/2"}],"replies":[{"embeddable":true,"href":"https:\/\/www.europesays.com\/lv\/wp-json\/wp\/v2\/comments?post=116616"}],"version-history":[{"count":0,"href":"https:\/\/www.europesays.com\/lv\/wp-json\/wp\/v2\/posts\/116616\/revisions"}],"wp:featuredmedia":[{"embeddable":true,"href":"https:\/\/www.europesays.com\/lv\/wp-json\/wp\/v2\/media\/114652"}],"wp:attachment":[{"href":"https:\/\/www.europesays.com\/lv\/wp-json\/wp\/v2\/media?parent=116616"}],"wp:term":[{"taxonomy":"category","embeddable":true,"href":"https:\/\/www.europesays.com\/lv\/wp-json\/wp\/v2\/categories?post=116616"},{"taxonomy":"post_tag","embeddable":true,"href":"https:\/\/www.europesays.com\/lv\/wp-json\/wp\/v2\/tags?post=116616"}],"curies":[{"name":"wp","href":"https:\/\/api.w.org\/{rel}","templated":true}]}}