{"id":116617,"date":"2026-01-29T11:50:12","date_gmt":"2026-01-29T11:50:12","guid":{"rendered":"https:\/\/www.europesays.com\/lv\/116617\/"},"modified":"2026-01-29T11:50:12","modified_gmt":"2026-01-29T11:50:12","slug":"beidzot-zinams-kur-pazudis-reperis-kristaps-strubergs-negaiditi-santa","status":"publish","type":"post","link":"https:\/\/www.europesays.com\/lv\/116617\/","title":{"rendered":"Beidzot zin\u0101ms, kur pazudis reperis Kristaps Str\u016bbergs. Negaid\u012bti\u2026 \u2014 Santa"},"content":{"rendered":"<p>Izr\u0101d\u0101s visu \u0161o laiku\u00a0Singap\u016bras sat\u012bna\u00a0biju\u0161ais dal\u012bbnieks\u00a0bijis Dagest\u0101n\u0101 \u2013 vien\u0101 no Krievijas Feder\u0101cijas republik\u0101m Zieme\u013ckauk\u0101z\u0101.<\/p>\n<p>\u00abJesus is King. I am happy,\u00bb\u00a0fotogr\u0101fiju, kur\u0101 redzams uz Kauk\u0101za kalnu fona, sav\u0101 Instagram koment\u0113 Str\u016bbergs. P\u0113c visa sprie\u017eot, \u0161\u012b vieta reperim k\u013cuvusi\u00a0noz\u012bm\u012bga iek\u0161\u0113j\u0101s pasaules sak\u0101rto\u0161anai. \u00abPaldies, ka izmain\u012bji visu un atgriezi mani pie sevis un Dieva,\u00bb pateic\u012bbas\u00a0v\u0101rdus Dagest\u0101nai raksta vi\u0146\u0161.\u00a0<\/p>\n<p>        <a href=\"https:\/\/www.europesays.com\/lv\/wp-content\/uploads\/2026\/01\/01d24eba79ae.jpg\"><img decoding=\"async\" alt=\"\" class=\"no-convert\" src=\"https:\/\/www.europesays.com\/lv\/wp-content\/uploads\/2026\/01\/01d24eba79ae.jpg\"\/><\/a><\/p>\n<p> Foto: Ekr\u0101nuz\u0146\u0113mums<\/p>\n<p>\u00a0<\/p>\n<p>P\u0113c da\u017e\u0101diem p\u0101rdz\u012bvojumiem priv\u0101taj\u0101 dz\u012bv\u0113\u00a0Str\u016bbergs ilgsto\u0161i c\u012bn\u012bj\u0101s ar depresiju.<\/p>\n<p>2021. gada maij\u0101 pla\u0161u rezonansi izrais\u012bja Str\u016bberga tobr\u012bd v\u0113l eso\u0161\u0101s sievas un divu b\u0113rnu mammas Mairitas Rosickas ieraksts vietn\u0113 Twitter, kur\u0101 vi\u0146a pazi\u0146oja, ka aiziet no vardarb\u012bg\u0101m attiec\u012bb\u0101m un l\u016bdza sabiedr\u012bbas finansi\u0101lu atbalstu. P\u0113c \u0161\u012b ieraksta no Kristapa nov\u0113rs\u0101s daudzi, tostarp ar\u012b vi\u0146a biedri no grupas Singap\u016bra sat\u012bns, l\u016bdzot vi\u0146u pamest apvien\u012bbu. Tas ied\u016bra sird\u012b\u00a0pa\u0161am reperim.<\/p>\n<p>        <a href=\"https:\/\/www.europesays.com\/lv\/wp-content\/uploads\/2026\/01\/6e05a624196b.jpg\"><img decoding=\"async\" alt=\"Kristaps v\u0113l kop\u0101 ar savu b\u0113rnu m\u0101ti Mairitu.\" class=\"no-convert\" src=\"https:\/\/www.europesays.com\/lv\/wp-content\/uploads\/2026\/01\/6e05a624196b.jpg\"\/><\/a><\/p>\n<p> Foto: No izdevniec\u012bbas \u00ab\u017durn\u0101ls Santa\u00bb arh\u012bva<\/p>\n<p>Kristaps v\u0113l kop\u0101 ar savu b\u0113rnu m\u0101ti Mairitu.<\/p>\n<p>\u00a0<\/p>\n<p>\u00abTas mani s\u0101pin\u0101ja. Ka m\u0113s it k\u0101 esam, b*e, t\u0101da \u0123imene, m\u0113s t\u0101 viens par otru esam, bet taj\u0101 br\u012bd\u012b, kad re\u0101li vajag un ka vi\u0146i zina, ka man vajag str\u0101d\u0101t un peln\u012bt, man pasaka n\u0113,\u00bb\u00a0\u012bsi p\u0113c tam raid\u012bjum\u0101 D\u017e. Spot st\u0101st\u012bja reperis.<\/p>\n<p>\u00abMan\u00a0\u013coti \u017e\u0113l, ka \u0161\u012bs situ\u0101cijas d\u0113\u013c ir iziru\u0161as daudz attiec\u012bbas, draudz\u012bbas un radu\u0161\u0101s finansi\u0101l\u0101s probl\u0113mas. Tas bija drausm\u012bgi s\u0101p\u012bgi,\u00bb\u00a0v\u0113l\u0101k sac\u012bja\u00a0Kristaps. Visas pret vi\u0146u v\u0113rst\u0101s aps\u016bdz\u012bbas Str\u016bbergs noliedza un noraida joproj\u0101m. P\u0113c piespiedu aizie\u0161anas no grupas vi\u0146\u0161 uzs\u0101ka solo karjeru ar skatuves v\u0101rdu str\u00fcbergs.<\/p>\n<p>Dr\u012bz vien m\u0101kslinieka\u00a0dz\u012bv\u0113 n\u0101ca\u00a0n\u0101kamais trieciens \u2013 m\u016b\u017e\u012bb\u0101 dev\u0101s vi\u0146a m\u012b\u013c\u0101 Vi\u013c\u0101nu vecm\u0101mi\u0146a, kuru vi\u0146\u0161 d\u0113v\u0113ja par Babu un vi\u0146ai velt\u012bjis pat dziesmu. Tobr\u012bd reperi mor\u0101li\u00a0atbalst\u012bja vi\u0146a skolas laiku pirm\u0101 m\u012blest\u012bba, ar kuru Kristaps bija atjaunojis attiec\u012bbas, Laima Kozule.<\/p>\n<p>Str\u016bbergs nesl\u0113pa, ka beidzot ir laim\u012bgs. \u00abJa neb\u016btu Laimas, es visu \u0161ito lielo kr\u012bzi, goda v\u0101rds, neb\u016btu izdz\u012bvojis. Vi\u0146a ir k\u0101 mans st\u016brakmens un zina par mani absol\u016bti visu \u2013 katru kasjaku,\u00bb\u00a0draudzeni slav\u0113ja m\u016bzi\u0137is.<\/p>\n<p>\u00abVi\u0146a par maniem b\u0113rniem da\u017ereiz c\u012bn\u012bj\u0101s vair\u0101k nek\u0101 es, jo vi\u0146a ir \u012bsta sieviete, dod dievs katram t\u0101du! Vi\u0146a piek\u0101psies visam, ko teiks bijus\u012b sieva, lai tikai ierastos b\u0113rni, un vi\u0146a to dara joproj\u0101m. Tas ir t\u0101ds kaifs, kad ej m\u0101j\u0101s, atver dz\u012bvok\u013ca durvis un tevi sagaida ar smaidu un apsk\u0101vienu,\u00bb\u00a0atkl\u0101ja reperis.<\/p>\n<p>Diem\u017e\u0113l ar\u012b \u0161\u012bs <a data-id=\"190\" href=\"https:\/\/www.santa.lv\/tema\/190\/attiecibas?utm_source=internal&amp;utm_medium=article&amp;utm_campaign=theme_link\" target=\"_blank\" rel=\"nofollow noopener\">attiec\u012bbas<\/a> kaut k\u0101du iemeslu d\u0113\u013c neizdev\u0101s. Apzi\u0146a, ka ir zaud\u0113jis Laimu, Kristapam bija liels trieciens, t\u0101p\u0113c\u00a0vi\u0146\u0161 nol\u0113ma pazust.<\/p>\n<p>Atvadu v\u0113st\u012bjumu Kristaps public\u0113ja internet\u0101. Tas ies\u0101k\u0101s ar v\u0101rdiem: \u00abPriec\u0101jaties, es neiztur\u0113ju. Es zaud\u0113ju sev un sevi. Es zaud\u0113ju tevi, vism\u012b\u013c\u0101ko. Man vairs nav sp\u0113ka, kad cer\u012bbas nav. Es nesp\u0113ju elpot.\u00bb\u00a0\u00a0Zi\u0146u Kristaps nosl\u0113dza ar atvaino\u0161anos visiem uz \u013coti pesimistiskas nots.\u00a0<\/p>\n<p>Toreiz Laima Kozule nekav\u0113joties sac\u0113la trauksmi un iesaist\u012bja policiju Str\u016bberga mekl\u0113\u0161an\u0101. Dr\u012bz vien m\u016bzi\u0137a atra\u0161an\u0101s vieta tika noskaidrota. \u00abKristaps ir atradies! Kristaps ir dro\u0161\u0101s rok\u0101s. Vi\u0146\u0161 tiks nog\u0101d\u0101ts speci\u0101listu rok\u0101s, kas par\u016bp\u0113sies par vi\u0146u,\u00bb\u00a0soci\u0101lajos t\u012bklos rakst\u012bja sieviete.<\/p>\n","protected":false},"excerpt":{"rendered":"Izr\u0101d\u0101s visu \u0161o laiku\u00a0Singap\u016bras sat\u012bna\u00a0biju\u0161ais dal\u012bbnieks\u00a0bijis Dagest\u0101n\u0101 \u2013 vien\u0101 no Krievijas Feder\u0101cijas republik\u0101m Zieme\u013ckauk\u0101z\u0101. \u00abJesus is King. I&hellip;\n","protected":false},"author":2,"featured_media":116618,"comment_status":"","ping_status":"","sticky":false,"template":"","format":"standard","meta":{"footnotes":""},"categories":[19],"tags":[89,90,35,39,38,36,37,34,40],"class_list":{"0":"post-116617","1":"post","2":"type-post","3":"status-publish","4":"format-standard","5":"has-post-thumbnail","7":"category-izklaide","8":"tag-entertainment","9":"tag-izklaide","10":"tag-latvia","11":"tag-latvian","12":"tag-latviesu","13":"tag-latviesu-valoda","14":"tag-latviesuvaloda","15":"tag-latvija","16":"tag-lv"},"share_on_mastodon":{"url":"https:\/\/pubeurope.com\/@lv\/115978241536898236","error":""},"_links":{"self":[{"href":"https:\/\/www.europesays.com\/lv\/wp-json\/wp\/v2\/posts\/116617","targetHints":{"allow":["GET"]}}],"collection":[{"href":"https:\/\/www.europesays.com\/lv\/wp-json\/wp\/v2\/posts"}],"about":[{"href":"https:\/\/www.europesays.com\/lv\/wp-json\/wp\/v2\/types\/post"}],"author":[{"embeddable":true,"href":"https:\/\/www.europesays.com\/lv\/wp-json\/wp\/v2\/users\/2"}],"replies":[{"embeddable":true,"href":"https:\/\/www.europesays.com\/lv\/wp-json\/wp\/v2\/comments?post=116617"}],"version-history":[{"count":0,"href":"https:\/\/www.europesays.com\/lv\/wp-json\/wp\/v2\/posts\/116617\/revisions"}],"wp:featuredmedia":[{"embeddable":true,"href":"https:\/\/www.europesays.com\/lv\/wp-json\/wp\/v2\/media\/116618"}],"wp:attachment":[{"href":"https:\/\/www.europesays.com\/lv\/wp-json\/wp\/v2\/media?parent=116617"}],"wp:term":[{"taxonomy":"category","embeddable":true,"href":"https:\/\/www.europesays.com\/lv\/wp-json\/wp\/v2\/categories?post=116617"},{"taxonomy":"post_tag","embeddable":true,"href":"https:\/\/www.europesays.com\/lv\/wp-json\/wp\/v2\/tags?post=116617"}],"curies":[{"name":"wp","href":"https:\/\/api.w.org\/{rel}","templated":true}]}}