{"id":116619,"date":"2026-01-29T11:51:06","date_gmt":"2026-01-29T11:51:06","guid":{"rendered":"https:\/\/www.europesays.com\/lv\/116619\/"},"modified":"2026-01-29T11:51:06","modified_gmt":"2026-01-29T11:51:06","slug":"estere-volfa-izcina-zelta-godalgu-eiropas-junioru-cempionata-biatlona-ar-kopeju-startu-lente-lv","status":"publish","type":"post","link":"https:\/\/www.europesays.com\/lv\/116619\/","title":{"rendered":"Estere Volfa izc\u012bna zelta godalgu Eiropas junioru \u010dempion\u0101t\u0101 biatlon\u0101 ar kop\u0113ju startu\u00a0\u2014\u00a0Lente.lv"},"content":{"rendered":"<p>Volfa sasniedz karjeras virsotni Eiropas junioru \u010dempion\u0101t\u0101<\/p>\n<p>Latvijas biatloniste Estere Volfa sv\u0113tdien, 25. janv\u0101r\u012b, Somij\u0101 izc\u012bn\u012bja zelta meda\u013cu Eiropas junioru \u010dempion\u0101ta devi\u0146u kilometru distanc\u0113 ar kop\u0113ju startu. K\u0101 zi\u0146o telekan\u0101ls TV3, \u0161\u012b ir pirm\u0101 reize, kad Latvijas biatlonists izc\u012bn\u012bjis zelta meda\u013cu Eiropas junioru \u010dempion\u0101t\u0101. Volfai \u0161\u012bs meistarsac\u012bkstes kopum\u0101 k\u013cuvu\u0161as \u012bpa\u0161i veiksm\u012bgas, jo vi\u0146a papildus zeltam izc\u012bn\u012bjusi ar\u012b divas bronzas meda\u013cas \u2013 sprint\u0101 un p\u0101ru stafet\u0113. <\/p>\n<p>Spraiga c\u012b\u0146a un uzvara p\u0113d\u0113j\u0101 apl\u012b<\/p>\n<p>Sacens\u012bbu izska\u0146a bija \u012bpa\u0161i aizraujo\u0161a. P\u0113c p\u0113d\u0113j\u0101s \u0161au\u0161anas Volfa atrad\u0101s otraj\u0101 viet\u0101, no l\u012bderes, ukrainietes Tetjanas Tarasjukas, atpaliekot 10,8 sekundes. Lai gan Tarasjuka \u0161\u0101va bez k\u013c\u016bd\u0101m, Volfas \u0101trums sl\u0113pojum\u0101 izr\u0101d\u012bj\u0101s iz\u0161\u0137iro\u0161ais. Vi\u0146a sp\u0113ja ne tikai pan\u0101kt ukrainieti, bet ar\u012b apsteigt vi\u0146u par 3,1 sekundi, fini\u0161\u0113jot laik\u0101 27 min\u016btes un 0,6 sekundes. Volfa pie\u013c\u0101va vienu k\u013c\u016bdu \u0161au\u0161an\u0101, kam\u0113r Tarasjuka bija prec\u012bza. Tre\u0161o vietu ie\u0146\u0113ma zviedriete Gr\u0113ta Seld\u0101la, kura k\u013c\u016bd\u012bj\u0101s divreiz un uzvar\u0113t\u0101jai zaud\u0113ja vair\u0101k nek\u0101 min\u016bti. <\/p>\n<p>Citu Latvijas sportistu sniegums<\/p>\n<p>P\u0101r\u0113j\u0101m Latvijas p\u0101rst\u0101v\u0113m \u0161aj\u0101s sacens\u012bb\u0101s augst\u0101k\u0101s vietas neizdev\u0101s sasniegt. Elza Bleidele ar piec\u0101m k\u013c\u016bd\u0101m \u0161au\u0161an\u0101 ierindoj\u0101s 21. viet\u0101, atpaliekot nepilnas divas min\u016btes no uzvar\u0113t\u0101jas. Mart\u012bne Djatkovi\u010da, pie\u013caujot tikpat k\u013c\u016bdas, ie\u0146\u0113ma 42. vietu 60 dal\u012bbnie\u010du konkurenc\u0113. <\/p>\n<p>Junioru konkurence v\u012brie\u0161iem un Latvijas sportistu rezult\u0101ti<\/p>\n<p>Junioru konkurenc\u0113 v\u012brie\u0161iem zelta meda\u013cu izc\u012bn\u012bja \u010dehu sportists Mihaels Maleks. Latvijas sportists Rihards Lozbers, neraugoties uz to, ka bija \u0101tr\u0101kais sl\u0113pot\u0101js distanc\u0113, piecas k\u013c\u016bdas \u0161au\u0161an\u0101 liedza c\u012bn\u012bties par meda\u013cu, un vi\u0146\u0161 fini\u0161\u0113ja astotaj\u0101 poz\u012bcij\u0101. Adri\u0101ns \u0160\u0146ori\u0146\u0161 ar asto\u0146\u0101m k\u013c\u016bd\u0101m \u0161au\u0161an\u0101 ie\u0146\u0113ma 52. vietu, bet Daniels Koda\u013cevs ar septi\u0146\u0101m k\u013c\u016bd\u0101m \u2013 54. vietu 59 dal\u012bbnieku konkurenc\u0113. Iepriek\u0161 p\u0101ru stafet\u0113 Volfa kop\u0101 ar Rihardu Lozberu izc\u012bn\u012bja bronzas meda\u013cu. <\/p>\n<p>Pla\u0161a meda\u013cu ra\u017ea un olimpisk\u0101s cer\u012bbas<\/p>\n<p>Estere Volfa, kura ir Latvijas Universit\u0101tes studente, demonstr\u0113jusi lielisku sniegumu Eiropas junioru \u010dempion\u0101t\u0101, izc\u012bnot tr\u012bs meda\u013cas. Vi\u0146as pan\u0101kumi stiprina cer\u012bbas uz veiksm\u012bgiem startiem gaid\u0101maj\u0101s olimpiskaj\u0101s sp\u0113l\u0113s. Neskatoties uz pan\u0101kumiem tras\u0113, nesen Volfa kop\u0101 ar Baibu Bendiku pauda neapmierin\u0101t\u012bbu par trenera Ilm\u0101ra Bri\u010da neiek\u013cau\u0161anu Latvijas olimpisk\u0101s komandas treneru korpus\u0101. Sportistes uzsver trenera pieredzes un zin\u0101\u0161anu noz\u012bmi veiksm\u012bgai sagatavo\u0161anai galvenajiem sezonas startiem, tostarp sl\u0113pju izv\u0113l\u0113 un servisa jaut\u0101jumos. <\/p>\n","protected":false},"excerpt":{"rendered":"Volfa sasniedz karjeras virsotni Eiropas junioru \u010dempion\u0101t\u0101 Latvijas biatloniste Estere Volfa sv\u0113tdien, 25. janv\u0101r\u012b, Somij\u0101 izc\u012bn\u012bja zelta meda\u013cu&hellip;\n","protected":false},"author":2,"featured_media":116620,"comment_status":"","ping_status":"","sticky":false,"template":"","format":"standard","meta":{"footnotes":""},"categories":[17],"tags":[1499,4797,16012,35,39,38,36,37,34,40,67,620],"class_list":{"0":"post-116619","1":"post","2":"type-post","3":"status-publish","4":"format-standard","5":"has-post-thumbnail","7":"category-sports","8":"tag-biatlons","9":"tag-eiropas-junioru-cempionats","10":"tag-estere-volfa","11":"tag-latvia","12":"tag-latvian","13":"tag-latviesu","14":"tag-latviesu-valoda","15":"tag-latviesuvaloda","16":"tag-latvija","17":"tag-lv","18":"tag-sports","19":"tag-ziemas-sports"},"share_on_mastodon":{"url":"https:\/\/pubeurope.com\/@lv\/115978245430635865","error":""},"_links":{"self":[{"href":"https:\/\/www.europesays.com\/lv\/wp-json\/wp\/v2\/posts\/116619","targetHints":{"allow":["GET"]}}],"collection":[{"href":"https:\/\/www.europesays.com\/lv\/wp-json\/wp\/v2\/posts"}],"about":[{"href":"https:\/\/www.europesays.com\/lv\/wp-json\/wp\/v2\/types\/post"}],"author":[{"embeddable":true,"href":"https:\/\/www.europesays.com\/lv\/wp-json\/wp\/v2\/users\/2"}],"replies":[{"embeddable":true,"href":"https:\/\/www.europesays.com\/lv\/wp-json\/wp\/v2\/comments?post=116619"}],"version-history":[{"count":0,"href":"https:\/\/www.europesays.com\/lv\/wp-json\/wp\/v2\/posts\/116619\/revisions"}],"wp:featuredmedia":[{"embeddable":true,"href":"https:\/\/www.europesays.com\/lv\/wp-json\/wp\/v2\/media\/116620"}],"wp:attachment":[{"href":"https:\/\/www.europesays.com\/lv\/wp-json\/wp\/v2\/media?parent=116619"}],"wp:term":[{"taxonomy":"category","embeddable":true,"href":"https:\/\/www.europesays.com\/lv\/wp-json\/wp\/v2\/categories?post=116619"},{"taxonomy":"post_tag","embeddable":true,"href":"https:\/\/www.europesays.com\/lv\/wp-json\/wp\/v2\/tags?post=116619"}],"curies":[{"name":"wp","href":"https:\/\/api.w.org\/{rel}","templated":true}]}}