{"id":116621,"date":"2026-01-29T11:54:07","date_gmt":"2026-01-29T11:54:07","guid":{"rendered":"https:\/\/www.europesays.com\/lv\/116621\/"},"modified":"2026-01-29T11:54:07","modified_gmt":"2026-01-29T11:54:07","slug":"varam-ministrs-prasa-ogres-meram-helmanim-skaidrojumu-par-nesanemto-pielaidi","status":"publish","type":"post","link":"https:\/\/www.europesays.com\/lv\/116621\/","title":{"rendered":"VARAM ministrs prasa Ogres m\u0113ram Helmanim skaidrojumu par nesa\u0146emto pielaidi"},"content":{"rendered":"<p>Pa\u0161vald\u012bbu likums prasa, lai pa\u0161vald\u012bbas nos\u016bt\u012btu piepras\u012bjumus kompetentajai valsts dro\u0161\u012bbas iest\u0101dei par speci\u0101l\u0101s at\u013caujas pieejai valsts nosl\u0113pumam pie\u0161\u0137ir\u0161anu domes priek\u0161s\u0113d\u0113t\u0101jam un priek\u0161s\u0113d\u0113t\u0101ja vietniekam ne v\u0113l\u0101k k\u0101 viena m\u0113ne\u0161a laik\u0101 p\u0113c vi\u0146u iev\u0113l\u0113\u0161anas amat\u0101.<\/p>\n<p>Vied\u0101s administr\u0101cijas un re\u0123ion\u0101l\u0101s att\u012bst\u012bbas ministrija \u0161odien konstat\u0113jusi, ka Ogres novada pa\u0161vald\u012bbas domes priek\u0161s\u0113d\u0113t\u0101js Helmanis pilda amata pien\u0101kumus, bet speci\u0101l\u0101s at\u013caujas pieejai valsts nosl\u0113pumam vi\u0146am nav.<\/p>\n<p>\u0160odien notiek Ogres novada domes s\u0113de, kuru p\u0113c ilg\u0101ka laika vada Helmanis. S\u0101kot domes s\u0113di, Ogres m\u0113rs pazi\u0146oja, ka ir atgriezies un ats\u0101cis pild\u012bt darba pien\u0101kumus.<\/p>\n<p>Helmani p\u0113c p\u0113rn vasar\u0101 notiku\u0161aj\u0101m v\u0113l\u0113\u0161an\u0101m par Ogres m\u0113ru iev\u0113l\u0113ja 2025. gada 27. j\u016bnij\u0101. Nepilnu m\u0113nesi v\u0113l\u0101k \u2013 16. j\u016blij\u0101, domes sabiedrisko attiec\u012bbu p\u0101rst\u0101vji pazi\u0146oja, ka dienu iepriek\u0161 Helmanis ap\u0161audes laik\u0101 Ukrain\u0101 esot ticis ievainots, nesniedzot s\u012bk\u0101ku inform\u0101ciju par negad\u012bjuma apst\u0101k\u013ciem un kait\u0113jumu politi\u0137a vesel\u012bbai.<\/p>\n<p>P\u0113c \u0161\u012b gad\u012bjuma Helmanis non\u0101ca \u201cuz slim\u012bbas lapas\u201d un ilgu laiku bija vien\u012bgais Latvijas pa\u0161vald\u012bbas vad\u012bt\u0101js, kur\u0161 nav piepras\u012bjis pielaidi valsts nosl\u0113pumam, vienlaikus solot aizpild\u012bt pielaides valsts nosl\u0113pumam sa\u0146em\u0161anai nepiecie\u0161amo anketu, \u201ctikl\u012bdz b\u016bs atguvis vesel\u012bbu\u201d.<\/p>\n<p class=\"ad-desc ad-desc-main\">Saturs turpin\u0101s p\u0113c rekl\u0101mas<\/p>\n<p class=\"ad-desc ad-desc-sec\">Rekl\u0101ma<\/p>\n<p>Ogres domes opoz\u012bcijas p\u0101rst\u0101vji gan ap\u0161aub\u012bja slim\u012bbas lapas pamatot\u012bbu, jo politi\u0137is ar\u012b ofici\u0101l\u0101s darbnesp\u0113jas laik\u0101 redz\u0113ts dom\u0113 un telev\u012bzij\u0101. Opoz\u012bcija ar\u012b nesekm\u012bgi m\u0113\u0123in\u0101ja pan\u0101kt Helma\u0146a nomai\u0146u, kas tika pamatota ar vi\u0146a ilgsto\u0161o promb\u016btni.<\/p>\n<p>Opoz\u012bcijas deput\u0101ti 2025. gada decembr\u012b bija neapmierin\u0101ti, ka kop\u0161 iev\u0113l\u0113\u0161anas domes priek\u0161s\u0113d\u0113t\u0101ja amat\u0101 Helmanis amata pien\u0101kumus pild\u012bjis maz\u0101k nek\u0101 vienu m\u0113nesi. P\u0113c \u0161\u012b gada 18. j\u016blija vi\u0146\u0161 atradies promb\u016btn\u0113 \u2013 vispirms izmantojot kompens\u0113jo\u0161o atp\u016btu p\u0113c komand\u0113juma, p\u0113c tam atva\u013cin\u0101jum\u0101, bet kop\u0161 25. augusta \u2013 darbnesp\u0113j\u0101. Vienlaikus piepras\u012bjuma autori apgalvoja, ka Helmanim atalgojum\u0101 par novembri ir izmaks\u0101ti vair\u0101k nek\u0101 4000 eiro un vi\u0146iem neesot saprotams, par k\u0101du amata pien\u0101kumu pild\u012b\u0161anu \u0161\u012b pr\u0113mija ir izmaks\u0101ta, ja m\u0113rs faktiski nepildot pien\u0101kumus.<\/p>\n<p>2026. gada janv\u0101r\u012b tapa zin\u0101ms, ka Vesel\u012bbas inspekcija p\u0113c k\u0101da iesnieguma sa\u0146em\u0161anas ir s\u0101kusi p\u0101rbaudi par Ogres novada domes priek\u0161s\u0113d\u0113t\u0101ja Helma\u0146a darbnesp\u0113jas lapas pamatot\u012bbu.<\/p>\n<p class=\"tv3-fw-500\">Zi\u0146o par k\u013c\u016bdu rakst\u0101<\/p>\n<p class=\"d-md-block d-none\">Iez\u012bm\u0113 k\u013c\u016bdaino tekstu un spied Ctrl+Enter.<\/p>\n<p class=\"d-md-none d-block\">Iez\u012bm\u0113 k\u013c\u016bdaino tekstu un zi\u0146o par to!<\/p>\n","protected":false},"excerpt":{"rendered":"Pa\u0161vald\u012bbu likums prasa, lai pa\u0161vald\u012bbas nos\u016bt\u012btu piepras\u012bjumus kompetentajai valsts dro\u0161\u012bbas iest\u0101dei par speci\u0101l\u0101s at\u013caujas pieejai valsts nosl\u0113pumam pie\u0161\u0137ir\u0161anu&hellip;\n","protected":false},"author":2,"featured_media":116622,"comment_status":"","ping_status":"","sticky":false,"template":"","format":"standard","meta":{"footnotes":""},"categories":[12],"tags":[23,28,29,26941,32,33,22,30,31,35,39,38,36,37,34,40,20,26,27,24,25,21],"class_list":{"0":"post-116621","1":"post","2":"type-post","3":"status-publish","4":"format-standard","5":"has-post-thumbnail","7":"category-latvija","8":"tag-aktualitates","9":"tag-breaking-news","10":"tag-breakingnews","11":"tag-egils-helmanishelmanisnacionala-apvienibaogres-novadspasvaldibu-likumsraimonds-cudarsvaramviedas-administracijas-un-regionalas-attistibas-ministrija","12":"tag-featured-news","13":"tag-featurednews","14":"tag-headlines","15":"tag-latest-news","16":"tag-latestnews","17":"tag-latvia","18":"tag-latvian","19":"tag-latviesu","20":"tag-latviesu-valoda","21":"tag-latviesuvaloda","22":"tag-latvija","23":"tag-lv","24":"tag-news","25":"tag-popularakas-zinas","26":"tag-popularakaszinas","27":"tag-top-stories","28":"tag-topstories","29":"tag-zinas"},"share_on_mastodon":{"url":"https:\/\/pubeurope.com\/@lv\/115978257244774162","error":""},"_links":{"self":[{"href":"https:\/\/www.europesays.com\/lv\/wp-json\/wp\/v2\/posts\/116621","targetHints":{"allow":["GET"]}}],"collection":[{"href":"https:\/\/www.europesays.com\/lv\/wp-json\/wp\/v2\/posts"}],"about":[{"href":"https:\/\/www.europesays.com\/lv\/wp-json\/wp\/v2\/types\/post"}],"author":[{"embeddable":true,"href":"https:\/\/www.europesays.com\/lv\/wp-json\/wp\/v2\/users\/2"}],"replies":[{"embeddable":true,"href":"https:\/\/www.europesays.com\/lv\/wp-json\/wp\/v2\/comments?post=116621"}],"version-history":[{"count":0,"href":"https:\/\/www.europesays.com\/lv\/wp-json\/wp\/v2\/posts\/116621\/revisions"}],"wp:featuredmedia":[{"embeddable":true,"href":"https:\/\/www.europesays.com\/lv\/wp-json\/wp\/v2\/media\/116622"}],"wp:attachment":[{"href":"https:\/\/www.europesays.com\/lv\/wp-json\/wp\/v2\/media?parent=116621"}],"wp:term":[{"taxonomy":"category","embeddable":true,"href":"https:\/\/www.europesays.com\/lv\/wp-json\/wp\/v2\/categories?post=116621"},{"taxonomy":"post_tag","embeddable":true,"href":"https:\/\/www.europesays.com\/lv\/wp-json\/wp\/v2\/tags?post=116621"}],"curies":[{"name":"wp","href":"https:\/\/api.w.org\/{rel}","templated":true}]}}