{"id":116624,"date":"2026-01-29T11:57:07","date_gmt":"2026-01-29T11:57:07","guid":{"rendered":"https:\/\/www.europesays.com\/lv\/116624\/"},"modified":"2026-01-29T11:57:07","modified_gmt":"2026-01-29T11:57:07","slug":"latvijas-izlases-gatavosanas-os-sakas-ar-trim-hokejistiem-uz-ledus-olimpiskas-speles-2026-sportacentrs-com","status":"publish","type":"post","link":"https:\/\/www.europesays.com\/lv\/116624\/","title":{"rendered":"Latvijas izlases gatavo\u0161an\u0101s OS s\u0101kas ar trim hokejistiem uz ledus \u2013 Olimpisk\u0101s sp\u0113les 2026 \u2013 Sportacentrs.com"},"content":{"rendered":"<p>Latvijas izlase uz pirmo treni\u0146u pirms olimpiskaj\u0101m sp\u0113l\u0113m kop\u0101 san\u0101ks 2. febru\u0101r\u012b, turkl\u0101t j\u0101patur pr\u0101t\u0101, ka vair\u0101ki sp\u0113l\u0113t\u0101ji no Zieme\u013camerikas izlasei pievienosies tikai It\u0101lij\u0101.<\/p>\n<p>\u0160odienas neofici\u0101laj\u0101 treni\u0146\u0101 laukum\u0101 dev\u0101s tr\u012bs sp\u0113l\u0113t\u0101ji, kuri jau \u0161obr\u012bd ir br\u012bvi no saviem klubiem starptautiskaj\u0101 izla\u0161u pauz\u0113 un ieradu\u0161ies R\u012bg\u0101.<\/p>\n<p>Kaspars Daugavi\u0146\u0161, kur\u0161 vakar ofici\u0101l\u0101 ceremonij\u0101 tika nosaukts par Latvijas olimpisk\u0101s deleg\u0101cijas karognes\u0113ju atkl\u0101\u0161anas ceremonij\u0101, Kristers Gud\u013cevskis, kur\u0161 tikai nesen atguvies no traumas, un Ralfs Freibergs.<\/p>\n<p>Latvijas Hokeja feder\u0101cija inform\u0113, ka \u0161oreiz pirms do\u0161an\u0101s uz olimpiskaj\u0101m sp\u0113l\u0113m atsevi\u0161\u0137a preses konference ar izlases vad\u012bbu netiek pl\u0101nota, ta\u010du mediji tiek aicin\u0101ti ar galveno treneri un izlases sp\u0113l\u0113t\u0101jiem satikties p\u0113c pirm\u0101 ledus treni\u0146a pirmdien.<\/p>\n","protected":false},"excerpt":{"rendered":"Latvijas izlase uz pirmo treni\u0146u pirms olimpiskaj\u0101m sp\u0113l\u0113m kop\u0101 san\u0101ks 2. febru\u0101r\u012b, turkl\u0101t j\u0101patur pr\u0101t\u0101, ka vair\u0101ki sp\u0113l\u0113t\u0101ji&hellip;\n","protected":false},"author":2,"featured_media":116625,"comment_status":"","ping_status":"","sticky":false,"template":"","format":"standard","meta":{"footnotes":""},"categories":[17],"tags":[35,39,38,36,37,34,40,67],"class_list":{"0":"post-116624","1":"post","2":"type-post","3":"status-publish","4":"format-standard","5":"has-post-thumbnail","7":"category-sports","8":"tag-latvia","9":"tag-latvian","10":"tag-latviesu","11":"tag-latviesu-valoda","12":"tag-latviesuvaloda","13":"tag-latvija","14":"tag-lv","15":"tag-sports"},"share_on_mastodon":{"url":"https:\/\/pubeurope.com\/@lv\/115978269020854919","error":""},"_links":{"self":[{"href":"https:\/\/www.europesays.com\/lv\/wp-json\/wp\/v2\/posts\/116624","targetHints":{"allow":["GET"]}}],"collection":[{"href":"https:\/\/www.europesays.com\/lv\/wp-json\/wp\/v2\/posts"}],"about":[{"href":"https:\/\/www.europesays.com\/lv\/wp-json\/wp\/v2\/types\/post"}],"author":[{"embeddable":true,"href":"https:\/\/www.europesays.com\/lv\/wp-json\/wp\/v2\/users\/2"}],"replies":[{"embeddable":true,"href":"https:\/\/www.europesays.com\/lv\/wp-json\/wp\/v2\/comments?post=116624"}],"version-history":[{"count":0,"href":"https:\/\/www.europesays.com\/lv\/wp-json\/wp\/v2\/posts\/116624\/revisions"}],"wp:featuredmedia":[{"embeddable":true,"href":"https:\/\/www.europesays.com\/lv\/wp-json\/wp\/v2\/media\/116625"}],"wp:attachment":[{"href":"https:\/\/www.europesays.com\/lv\/wp-json\/wp\/v2\/media?parent=116624"}],"wp:term":[{"taxonomy":"category","embeddable":true,"href":"https:\/\/www.europesays.com\/lv\/wp-json\/wp\/v2\/categories?post=116624"},{"taxonomy":"post_tag","embeddable":true,"href":"https:\/\/www.europesays.com\/lv\/wp-json\/wp\/v2\/tags?post=116624"}],"curies":[{"name":"wp","href":"https:\/\/api.w.org\/{rel}","templated":true}]}}