{"id":116626,"date":"2026-01-29T12:00:12","date_gmt":"2026-01-29T12:00:12","guid":{"rendered":"https:\/\/www.europesays.com\/lv\/116626\/"},"modified":"2026-01-29T12:00:12","modified_gmt":"2026-01-29T12:00:12","slug":"slimnicu-tikla-sakartosana-nav-izvele-bet-gan-nepieciesamiba-uzsver-abu-meri","status":"publish","type":"post","link":"https:\/\/www.europesays.com\/lv\/116626\/","title":{"rendered":"Slimn\u012bcu t\u012bkla sak\u0101rto\u0161ana nav izv\u0113le, bet gan nepiecie\u0161am\u012bba, uzsver Abu Meri"},"content":{"rendered":"<p>&#8220;Papildu finans\u0113jums neatliekamaj\u0101m noda\u013c\u0101m jau skaidri par\u0101d\u012bjis, ka ar naudu vien nepietiek,&#8221; nor\u0101da ministrs. T\u0101p\u0113c, vi\u0146apr\u0101t, slimn\u012bcu pakalpojumi ir j\u0101organiz\u0113 &#8220;gudri un atbild\u012bgi, koncentr\u0113jot person\u0101lu un kompetences&#8221;. Latvij\u0101, \u012bpa\u0161i re\u0123ionos un pierobe\u017e\u0101, cilv\u0113kresursi ir ierobe\u017eoti, un tie j\u0101koncentr\u0113, lai nodro\u0161in\u0101tu kvalitat\u012bvu un dro\u0161u \u0101rst\u0113\u0161anu, tie\u0161i t\u0101p\u0113c p\u0101reja uz tr\u012bs l\u012bme\u0146u slimn\u012bcu modeli ir neizb\u0113gama, uzskata Abu Meri.<\/p>\n","protected":false},"excerpt":{"rendered":"&#8220;Papildu finans\u0113jums neatliekamaj\u0101m noda\u013c\u0101m jau skaidri par\u0101d\u012bjis, ka ar naudu vien nepietiek,&#8221; nor\u0101da ministrs. T\u0101p\u0113c, vi\u0146apr\u0101t, slimn\u012bcu pakalpojumi&hellip;\n","protected":false},"author":2,"featured_media":116627,"comment_status":"","ping_status":"","sticky":false,"template":"","format":"standard","meta":{"footnotes":""},"categories":[12],"tags":[23,28,29,32,33,22,30,31,35,39,38,36,37,34,40,20,26,27,24,25,21],"class_list":{"0":"post-116626","1":"post","2":"type-post","3":"status-publish","4":"format-standard","5":"has-post-thumbnail","7":"category-latvija","8":"tag-aktualitates","9":"tag-breaking-news","10":"tag-breakingnews","11":"tag-featured-news","12":"tag-featurednews","13":"tag-headlines","14":"tag-latest-news","15":"tag-latestnews","16":"tag-latvia","17":"tag-latvian","18":"tag-latviesu","19":"tag-latviesu-valoda","20":"tag-latviesuvaloda","21":"tag-latvija","22":"tag-lv","23":"tag-news","24":"tag-popularakas-zinas","25":"tag-popularakaszinas","26":"tag-top-stories","27":"tag-topstories","28":"tag-zinas"},"share_on_mastodon":{"url":"https:\/\/pubeurope.com\/@lv\/115978280779177211","error":""},"_links":{"self":[{"href":"https:\/\/www.europesays.com\/lv\/wp-json\/wp\/v2\/posts\/116626","targetHints":{"allow":["GET"]}}],"collection":[{"href":"https:\/\/www.europesays.com\/lv\/wp-json\/wp\/v2\/posts"}],"about":[{"href":"https:\/\/www.europesays.com\/lv\/wp-json\/wp\/v2\/types\/post"}],"author":[{"embeddable":true,"href":"https:\/\/www.europesays.com\/lv\/wp-json\/wp\/v2\/users\/2"}],"replies":[{"embeddable":true,"href":"https:\/\/www.europesays.com\/lv\/wp-json\/wp\/v2\/comments?post=116626"}],"version-history":[{"count":0,"href":"https:\/\/www.europesays.com\/lv\/wp-json\/wp\/v2\/posts\/116626\/revisions"}],"wp:featuredmedia":[{"embeddable":true,"href":"https:\/\/www.europesays.com\/lv\/wp-json\/wp\/v2\/media\/116627"}],"wp:attachment":[{"href":"https:\/\/www.europesays.com\/lv\/wp-json\/wp\/v2\/media?parent=116626"}],"wp:term":[{"taxonomy":"category","embeddable":true,"href":"https:\/\/www.europesays.com\/lv\/wp-json\/wp\/v2\/categories?post=116626"},{"taxonomy":"post_tag","embeddable":true,"href":"https:\/\/www.europesays.com\/lv\/wp-json\/wp\/v2\/tags?post=116626"}],"curies":[{"name":"wp","href":"https:\/\/api.w.org\/{rel}","templated":true}]}}