{"id":116628,"date":"2026-01-29T12:03:05","date_gmt":"2026-01-29T12:03:05","guid":{"rendered":"https:\/\/www.europesays.com\/lv\/116628\/"},"modified":"2026-01-29T12:03:05","modified_gmt":"2026-01-29T12:03:05","slug":"luk-cik-eleganti-milana-terpsies-musu-olimpiesi-santa","status":"publish","type":"post","link":"https:\/\/www.europesays.com\/lv\/116628\/","title":{"rendered":"L\u016bk, cik eleganti Mil\u0101n\u0101 t\u0113rpsies m\u016bsu olimpie\u0161i! \u2014 Santa"},"content":{"rendered":"<p>Kost\u012bmus darin\u0101jis it\u0101\u013cu z\u012bmols DAN JOHN, un tajos t\u0113rpsies gan sportisti pa\u0161i, gan pavado\u0161\u0101 deleg\u0101cija.\u00a0Paredz\u0113ts, ka \u0161os t\u0113rpus deleg\u0101cijas p\u0101rst\u0101vji izmantos ofici\u0101laj\u0101s pie\u0146em\u0161an\u0101s un pas\u0101kumos, gan pirms sp\u0113l\u0113m, gan sp\u0113\u013cu laik\u0101, k\u0101 ar\u012b p\u0113c sp\u0113l\u0113m.<\/p>\n<p>T\u0113rpi rad\u012bti, balstoties uz elegances trad\u012bcij\u0101m &#8211;\u00a0t\u012briem siluetiem, modern\u0101m form\u0101m un p\u0101rdom\u0101tu kopt\u0113lu, saglab\u0101jot latvisku est\u0113tiku un it\u0101\u013cu aktu\u0101l\u0101s dizaina tendences. Kolekcijas pamats ir p\u0101rdom\u0101ta kr\u0101su gamma un klasisks, vienlaikus aktu\u0101ls dizains. T\u0113rpi veidoti t\u0101, lai atbilstu ofici\u0101laj\u0101m pras\u012bb\u0101m, vienlaikus nodro\u0161inot komfortu, vieglumu un paman\u0101mu t\u0113lu, kas \u013cauj m\u016bsu deleg\u0101cijai veidot harmonisku kopt\u0113lu un izcelties starptautiskaj\u0101 vid\u0113.<\/p>\n<p>                    <a data-role=\"gallery.trigger\" href=\"https:\/\/www.santa.lv\/raksts\/personibas\/foto-luk-cik-eleganti-milana-terpsies-musu-olimpiesi-80491\/javascript:;\" style=\"background-image:url(&#039;https:\/\/cdn.santa.lv\/media\/2026\/01\/2\/xlarge\/5ba7cb7533af.jpg&#039;)\" aria-label=\"Atv\u0113rt galeriju\" rel=\"nofollow noopener\" target=\"_blank\"><\/p>\n<p>                                            <a data-role=\"gallery.trigger\" href=\"https:\/\/www.santa.lv\/raksts\/personibas\/foto-luk-cik-eleganti-milana-terpsies-musu-olimpiesi-80491\/javascript:;\" style=\"background-image:url(&#039;https:\/\/cdn.santa.lv\/media\/2026\/01\/2\/small\/adc20afc4636.jpg&#039;)\" aria-label=\"Atv\u0113rt galeriju\" rel=\"nofollow noopener\" target=\"_blank\"><br \/>\n                                                    <\/a><br \/>\n                                                <a data-role=\"gallery.trigger\" href=\"https:\/\/www.santa.lv\/raksts\/personibas\/foto-luk-cik-eleganti-milana-terpsies-musu-olimpiesi-80491\/javascript:;\" style=\"background-image:url(&#039;https:\/\/cdn.santa.lv\/media\/2026\/01\/2\/small\/53952b6de60f.jpg&#039;)\" aria-label=\"Atv\u0113rt galeriju\" rel=\"nofollow noopener\" target=\"_blank\"><br \/>\n                                                    <\/a><br \/>\n                                                <a data-role=\"gallery.trigger\" href=\"https:\/\/www.santa.lv\/raksts\/personibas\/foto-luk-cik-eleganti-milana-terpsies-musu-olimpiesi-80491\/javascript:;\" style=\"background-image:url(&#039;https:\/\/cdn.santa.lv\/media\/2026\/01\/2\/small\/e4d5f28eca06.jpg&#039;)\" aria-label=\"Atv\u0113rt galeriju\" rel=\"nofollow noopener\" target=\"_blank\"><br \/>\n                            +5                        <\/a><\/p>\n<p>\u00a0<\/p>\n<p>Kolekcij\u0101 ietilpst bordo kr\u0101sas d\u017eemperis ar augstu apkakli un pieska\u0146ota to\u0146a divrindu pogu aizdares \u017eakete, pel\u0113c\u012bgs divrindu pogu m\u0113telis un gai\u0161as bikses, veidojot vizu\u0101li sabalans\u0113tu un elegantu kombin\u0101ciju. \u017daketes un m\u0113te\u013ca sast\u0101v\u0101 izmantot\u0101 vilna nodro\u0161ina gan siltumu, gan dabisku kritumu, \u013caujot t\u0113rpam saglab\u0101t eleganci un komfortu, vienlaikus atspogu\u013cojot p\u0101rliec\u012bbu un gatav\u012bbu p\u0101rst\u0101v\u0113t Latviju pasaules liel\u0101kaj\u0101 sporta notikum\u0101.<\/p>\n<p>Kopt\u0113lu papildin\u0101s \u012bpa\u0161i izv\u0113l\u0113ti akcenti. Latvijas juvelierizstr\u0101d\u0101jumu z\u012bmols Given iad\u012bjis unik\u0101las, gan v\u012brie\u0161iem, gan sieviet\u0113m piem\u0113rotas aproces ar sudraba tr\u012bs zvaig\u017e\u0146u simboliku, kas atspogu\u013co Latvijas identit\u0101ti un pieder\u012bbu\u00a0Komanda Latvija. Savuk\u0101rt sievie\u0161u t\u0113rpu komplektu papildus akcent\u0113s lakati\u0146\u0161 ar latvisku rakstu.<\/p>\n<p>    <img decoding=\"async\" class=\"no-convert\" alt=\"\" data-init=\"lazy-image\" src=\"https:\/\/www.europesays.com\/lv\/wp-content\/uploads\/2026\/01\/315651e92d9c.jpg\"\/><a target=\"_self\" href=\"https:\/\/www.santa.lv\/raksts\/jaunakas-zinas\/olimpisko-spelu-atklasana-karogneseji-bus-daugavins-un-germane-80480\/\" aria-label=\"Olimpisko sp\u0113\u013cu atkl\u0101\u0161an\u0101 karognes\u0113ji b\u016bs Daugavi\u0146\u0161 un \u0122\u0113rmane\" rel=\"nofollow noopener\"><img decoding=\"async\" class=\"no-convert\" data-init=\"lazy-image\" alt=\"Olimpisko sp\u0113\u013cu atkl\u0101\u0161an\u0101 karognes\u0113ji b\u016bs Daugavi\u0146\u0161 un \u0122\u0113rmane\" src=\"https:\/\/www.europesays.com\/lv\/wp-content\/uploads\/2026\/01\/1769688185_515_small_6942bdc104b00.jpg\"\/>LETA <\/p>\n","protected":false},"excerpt":{"rendered":"Kost\u012bmus darin\u0101jis it\u0101\u013cu z\u012bmols DAN JOHN, un tajos t\u0113rpsies gan sportisti pa\u0161i, gan pavado\u0161\u0101 deleg\u0101cija.\u00a0Paredz\u0113ts, ka \u0161os t\u0113rpus&hellip;\n","protected":false},"author":2,"featured_media":116629,"comment_status":"","ping_status":"","sticky":false,"template":"","format":"standard","meta":{"footnotes":""},"categories":[17],"tags":[35,39,38,36,37,34,40,67],"class_list":{"0":"post-116628","1":"post","2":"type-post","3":"status-publish","4":"format-standard","5":"has-post-thumbnail","7":"category-sports","8":"tag-latvia","9":"tag-latvian","10":"tag-latviesu","11":"tag-latviesu-valoda","12":"tag-latviesuvaloda","13":"tag-latvija","14":"tag-lv","15":"tag-sports"},"share_on_mastodon":{"url":"https:\/\/pubeurope.com\/@lv\/115978292637301502","error":""},"_links":{"self":[{"href":"https:\/\/www.europesays.com\/lv\/wp-json\/wp\/v2\/posts\/116628","targetHints":{"allow":["GET"]}}],"collection":[{"href":"https:\/\/www.europesays.com\/lv\/wp-json\/wp\/v2\/posts"}],"about":[{"href":"https:\/\/www.europesays.com\/lv\/wp-json\/wp\/v2\/types\/post"}],"author":[{"embeddable":true,"href":"https:\/\/www.europesays.com\/lv\/wp-json\/wp\/v2\/users\/2"}],"replies":[{"embeddable":true,"href":"https:\/\/www.europesays.com\/lv\/wp-json\/wp\/v2\/comments?post=116628"}],"version-history":[{"count":0,"href":"https:\/\/www.europesays.com\/lv\/wp-json\/wp\/v2\/posts\/116628\/revisions"}],"wp:featuredmedia":[{"embeddable":true,"href":"https:\/\/www.europesays.com\/lv\/wp-json\/wp\/v2\/media\/116629"}],"wp:attachment":[{"href":"https:\/\/www.europesays.com\/lv\/wp-json\/wp\/v2\/media?parent=116628"}],"wp:term":[{"taxonomy":"category","embeddable":true,"href":"https:\/\/www.europesays.com\/lv\/wp-json\/wp\/v2\/categories?post=116628"},{"taxonomy":"post_tag","embeddable":true,"href":"https:\/\/www.europesays.com\/lv\/wp-json\/wp\/v2\/tags?post=116628"}],"curies":[{"name":"wp","href":"https:\/\/api.w.org\/{rel}","templated":true}]}}