{"id":116630,"date":"2026-01-29T12:05:08","date_gmt":"2026-01-29T12:05:08","guid":{"rendered":"https:\/\/www.europesays.com\/lv\/116630\/"},"modified":"2026-01-29T12:05:08","modified_gmt":"2026-01-29T12:05:08","slug":"donbasa-jautajums-miera-sarunas-joprojam-nav-atrisinats-atklaj-rubio","status":"publish","type":"post","link":"https:\/\/www.europesays.com\/lv\/116630\/","title":{"rendered":"Donbasa jaut\u0101jums miera sarun\u0101s joproj\u0101m nav atrisin\u0101ts, atkl\u0101j Rubio"},"content":{"rendered":"<p>\u0160is jaut\u0101jums ir &#8220;\u013coti sare\u017e\u0123\u012bts&#8221;, nor\u0101d\u012bja Rubio.<\/p>\n<p>&#8220;T\u0101 ir robe\u017ea, kas mums v\u0113l j\u0101\u0161\u0137\u0113rso, t\u0101 joproj\u0101m ir plaisa. Ta\u010du mums vismaz ir izdevies sa\u0161aurin\u0101t tematu kopumu l\u012bdz vienai centr\u0101lajai t\u0113mai,&#8221; kl\u0101st\u012bja valsts sekret\u0101rs.<\/p>\n<p>N\u0101kam\u0101 ASV, Krievijas un Ukrainas tr\u012bspus\u0113jo sarunu k\u0101rta paredz\u0113ta 1. febru\u0101r\u012b Ab\u016b Dab\u012b.<\/p>\n<p>ASV p\u0101rst\u0101vji var piedal\u012bties n\u0101kamaj\u0101 sarunu k\u0101rt\u0101, bet Savienoto Valstu prezidenta Donalda Trampa \u012bpa\u0161ais s\u016btnis St\u012bvs Vitkofs un znots D\u017eareds Ku\u0161ners, kas piedal\u012bj\u0101s iepriek\u0161\u0113j\u0101 k\u0101rt\u0101, taj\u0101 nepiedal\u012bsies, sac\u012bja Rubio.<\/p>\n<p>ASV vad\u012bto miera sarunu gait\u0101 <a href=\"https:\/\/www.apollo.lv\/term\/555452\/krievija\" class=\"topicLink\" target=\"_blank\" rel=\"nofollow noopener\">Krievija<\/a> piepras\u012bjusi, ka Ukrainas karasp\u0113ks ir j\u0101atvelk no Doneckas apgabala da\u013cas, ko Krievijas karasp\u0113kam nav izdevies sagr\u0101bt.<\/p>\n<p>\u0160aj\u0101 teritorij\u0101 izveidotas sp\u0113c\u012bgas ukrai\u0146u aizsardz\u012bbas l\u012bnijas, un t\u0101s atdo\u0161ana pav\u0113rtu krieviem ce\u013cu t\u0101l\u0101kai uzbrukuma izv\u0113r\u0161anai rietumu virzien\u0101.<\/p>\n","protected":false},"excerpt":{"rendered":"\u0160is jaut\u0101jums ir &#8220;\u013coti sare\u017e\u0123\u012bts&#8221;, nor\u0101d\u012bja Rubio. &#8220;T\u0101 ir robe\u017ea, kas mums v\u0113l j\u0101\u0161\u0137\u0113rso, t\u0101 joproj\u0101m ir plaisa.&hellip;\n","protected":false},"author":2,"featured_media":116631,"comment_status":"","ping_status":"","sticky":false,"template":"","format":"standard","meta":{"footnotes":""},"categories":[14],"tags":[23,57,28,29,32,33,22,234,74,30,31,35,39,38,36,37,34,40,2093,20,26,27,24,25,276,54,55,56,21,58],"class_list":{"0":"post-116630","1":"post","2":"type-post","3":"status-publish","4":"format-standard","5":"has-post-thumbnail","7":"category-zinas-no-arvalstim","8":"tag-aktualitates","9":"tag-arvalstim","10":"tag-breaking-news","11":"tag-breakingnews","12":"tag-featured-news","13":"tag-featurednews","14":"tag-headlines","15":"tag-krievija","16":"tag-krievijas-iebrukums-ukraina","17":"tag-latest-news","18":"tag-latestnews","19":"tag-latvia","20":"tag-latvian","21":"tag-latviesu","22":"tag-latviesu-valoda","23":"tag-latviesuvaloda","24":"tag-latvija","25":"tag-lv","26":"tag-marko-rubio","27":"tag-news","28":"tag-popularakas-zinas","29":"tag-popularakaszinas","30":"tag-top-stories","31":"tag-topstories","32":"tag-ukraina","33":"tag-world","34":"tag-world-news","35":"tag-worldnews","36":"tag-zinas","37":"tag-zinas-no-arvalstim"},"share_on_mastodon":{"url":"https:\/\/pubeurope.com\/@lv\/115978300523776845","error":""},"_links":{"self":[{"href":"https:\/\/www.europesays.com\/lv\/wp-json\/wp\/v2\/posts\/116630","targetHints":{"allow":["GET"]}}],"collection":[{"href":"https:\/\/www.europesays.com\/lv\/wp-json\/wp\/v2\/posts"}],"about":[{"href":"https:\/\/www.europesays.com\/lv\/wp-json\/wp\/v2\/types\/post"}],"author":[{"embeddable":true,"href":"https:\/\/www.europesays.com\/lv\/wp-json\/wp\/v2\/users\/2"}],"replies":[{"embeddable":true,"href":"https:\/\/www.europesays.com\/lv\/wp-json\/wp\/v2\/comments?post=116630"}],"version-history":[{"count":0,"href":"https:\/\/www.europesays.com\/lv\/wp-json\/wp\/v2\/posts\/116630\/revisions"}],"wp:featuredmedia":[{"embeddable":true,"href":"https:\/\/www.europesays.com\/lv\/wp-json\/wp\/v2\/media\/116631"}],"wp:attachment":[{"href":"https:\/\/www.europesays.com\/lv\/wp-json\/wp\/v2\/media?parent=116630"}],"wp:term":[{"taxonomy":"category","embeddable":true,"href":"https:\/\/www.europesays.com\/lv\/wp-json\/wp\/v2\/categories?post=116630"},{"taxonomy":"post_tag","embeddable":true,"href":"https:\/\/www.europesays.com\/lv\/wp-json\/wp\/v2\/tags?post=116630"}],"curies":[{"name":"wp","href":"https:\/\/api.w.org\/{rel}","templated":true}]}}