{"id":116632,"date":"2026-01-29T12:06:09","date_gmt":"2026-01-29T12:06:09","guid":{"rendered":"https:\/\/www.europesays.com\/lv\/116632\/"},"modified":"2026-01-29T12:06:09","modified_gmt":"2026-01-29T12:06:09","slug":"ari-februari-latvija-prognoze-aukstu-diena","status":"publish","type":"post","link":"https:\/\/www.europesays.com\/lv\/116632\/","title":{"rendered":"Ar\u012b febru\u0101ri Latvij\u0101 prognoz\u0113 aukstu \/ Diena"},"content":{"rendered":"<p>Saska\u0146\u0101 ar pa\u0161reiz\u0113jiem Eiropas Vid\u0113ja termi\u0146a laika progno\u017eu centra datiem febru\u0101ra pirm\u0101 ned\u0113\u013ca Latvij\u0101 gaid\u0101ma asto\u0146us gr\u0101dus aukst\u0101ka par normu, otr\u0101 ned\u0113\u013ca var\u0113tu b\u016bt piecus gr\u0101dus dzestr\u0101ka nek\u0101 vid\u0113ji 1991. &#8211; 2020. gad\u0101, savuk\u0101rt m\u0113ne\u0161a otr\u0101 puse prognoz\u0113ta aptuveni divus gr\u0101dus v\u0113s\u0101ka nek\u0101 parasti. L\u012bdz ar to m\u0113ne\u0161a vid\u0113j\u0101 gaisa temperat\u016bra prognoz\u0113ta \u010detrus gr\u0101dus zem normas.<\/p>\n<p>&#13;<br \/>\n&#13;<\/p>\n<p>Nokri\u0161\u0146u m\u0113ne\u0161a s\u0101kum\u0101 b\u016bs pavisam maz, to varb\u016bt\u012bba pieaugs no 5. febru\u0101ra, turkl\u0101t iesp\u0113jams ne tikai sniegs, bet ar\u012b sasalsto\u0161s lietus. T\u0101pat iesp\u0113jama v\u0113ja pastiprin\u0101\u0161an\u0101s un putenis.<\/p>\n<p>&#13;<br \/>\n&#13;<\/p>\n<p>Febru\u0101ra pirmaj\u0101s div\u0101s nakt\u012bs gaisa temperat\u016bra viet\u0101m var sasniegt -30 gr\u0101dus, turpm\u0101kaj\u0101s diennakt\u012bs sals mazin\u0101sies, bet m\u0113ne\u0161a gait\u0101 iesp\u0113jami vair\u0101ki jauni aukstuma vi\u013c\u0146i.<\/p>\n<p>&#13;<br \/>\n&#13;<\/p>\n<p>Ilgtermi\u0146a prognozes bie\u017ei nepiepild\u0101s. Decembr\u012b public\u0113t\u0101s Eiropas Vid\u0113ja termi\u0146a laika progno\u017eu centra sezon\u0101l\u0101s prognozes liecin\u0101ja, ka janv\u0101ris un febru\u0101ris Latvij\u0101 un citviet Eirop\u0101 gaid\u0101ms silt\u0101ks par normu.<\/p>\n<p>&#13;<\/p>\n","protected":false},"excerpt":{"rendered":"Saska\u0146\u0101 ar pa\u0161reiz\u0113jiem Eiropas Vid\u0113ja termi\u0146a laika progno\u017eu centra datiem febru\u0101ra pirm\u0101 ned\u0113\u013ca Latvij\u0101 gaid\u0101ma asto\u0146us gr\u0101dus aukst\u0101ka&hellip;\n","protected":false},"author":2,"featured_media":116633,"comment_status":"","ping_status":"","sticky":false,"template":"","format":"standard","meta":{"footnotes":""},"categories":[12],"tags":[23,28,29,32,33,22,30,31,35,39,38,36,37,34,40,20,26,27,24,25,21],"class_list":{"0":"post-116632","1":"post","2":"type-post","3":"status-publish","4":"format-standard","5":"has-post-thumbnail","7":"category-latvija","8":"tag-aktualitates","9":"tag-breaking-news","10":"tag-breakingnews","11":"tag-featured-news","12":"tag-featurednews","13":"tag-headlines","14":"tag-latest-news","15":"tag-latestnews","16":"tag-latvia","17":"tag-latvian","18":"tag-latviesu","19":"tag-latviesu-valoda","20":"tag-latviesuvaloda","21":"tag-latvija","22":"tag-lv","23":"tag-news","24":"tag-popularakas-zinas","25":"tag-popularakaszinas","26":"tag-top-stories","27":"tag-topstories","28":"tag-zinas"},"share_on_mastodon":{"url":"https:\/\/pubeurope.com\/@lv\/115978304449399472","error":""},"_links":{"self":[{"href":"https:\/\/www.europesays.com\/lv\/wp-json\/wp\/v2\/posts\/116632","targetHints":{"allow":["GET"]}}],"collection":[{"href":"https:\/\/www.europesays.com\/lv\/wp-json\/wp\/v2\/posts"}],"about":[{"href":"https:\/\/www.europesays.com\/lv\/wp-json\/wp\/v2\/types\/post"}],"author":[{"embeddable":true,"href":"https:\/\/www.europesays.com\/lv\/wp-json\/wp\/v2\/users\/2"}],"replies":[{"embeddable":true,"href":"https:\/\/www.europesays.com\/lv\/wp-json\/wp\/v2\/comments?post=116632"}],"version-history":[{"count":0,"href":"https:\/\/www.europesays.com\/lv\/wp-json\/wp\/v2\/posts\/116632\/revisions"}],"wp:featuredmedia":[{"embeddable":true,"href":"https:\/\/www.europesays.com\/lv\/wp-json\/wp\/v2\/media\/116633"}],"wp:attachment":[{"href":"https:\/\/www.europesays.com\/lv\/wp-json\/wp\/v2\/media?parent=116632"}],"wp:term":[{"taxonomy":"category","embeddable":true,"href":"https:\/\/www.europesays.com\/lv\/wp-json\/wp\/v2\/categories?post=116632"},{"taxonomy":"post_tag","embeddable":true,"href":"https:\/\/www.europesays.com\/lv\/wp-json\/wp\/v2\/tags?post=116632"}],"curies":[{"name":"wp","href":"https:\/\/api.w.org\/{rel}","templated":true}]}}